{"id":184240,"date":"2025-10-03T20:10:10","date_gmt":"2025-10-03T23:10:10","guid":{"rendered":"https:\/\/cdnoticias.com\/?p=184240"},"modified":"2025-10-06T16:12:47","modified_gmt":"2025-10-06T19:12:47","slug":"camion-de-olavarria-que-transportaba-arena-volco-en-la-ruta-22-en-choele-choel","status":"publish","type":"post","link":"https:\/\/cdnoticias.com\/index.php\/2025\/10\/03\/camion-de-olavarria-que-transportaba-arena-volco-en-la-ruta-22-en-choele-choel\/","title":{"rendered":"Cami\u00f3n de Olavarr\u00eda que transportaba arena volc\u00f3 en la Ruta 22 en Choele Choel"},"content":{"rendered":"\n<p>El veh\u00edculo proven\u00eda de nuestra ciudad y ten\u00eda como destino A\u00f1elo. El conductor fue trasladado al hospital local tras sufrir heridas.<\/p>\n\n\n\n<hr class=\"wp-block-separator aligncenter has-alpha-channel-opacity\"\/>\n\n\n\n<p>Un siniestro vial ocurri\u00f3 en la Ruta Nacional 22, a la altura de Choele Choel,<strong> cuando un cami\u00f3n de gran porte que transportaba arena volc\u00f3 sobre la calzada.<\/strong><\/p>\n\n\n\n<p>De acuerdo con las primeras informaciones en el lugar, <strong>el rodado hab\u00eda partido desde Olavarr\u00eda con destino a A\u00f1elo y tras esquivar un auto que ven\u00eda en la misma mano en sentido contrario, provoc\u00f3 la p\u00e9rdida de control y el posterior vuelco.<\/strong><\/p>\n\n\n\n<p><strong>El conductor fue asistido en el lugar por personal de emergencias y trasladado al hospital local.<\/strong><\/p>\n\n\n\n<p>Pese a la magnitud del siniestro, el tr\u00e1nsito sobre la Ruta 22 no debi\u00f3 ser interrumpido aunque el veh\u00edculo perdi\u00f3 toda su carga.<\/p>\n\n\n\n<p><em>Fuente: Tu ma\u00f1ana Neuqu\u00e9n<\/em><\/p>\n","protected":false},"excerpt":{"rendered":"<p>El veh\u00edculo proven\u00eda de nuestra ciudad y ten\u00eda como destino A\u00f1elo. El conductor fue trasladado al hospital local tras sufrir<\/p>\n","protected":false},"author":2,"featured_media":184241,"comment_status":"closed","ping_status":"closed","sticky":false,"template":"","format":"standard","meta":{"_jetpack_memberships_contains_paid_content":false,"footnotes":""},"categories":[14,1],"tags":[],"class_list":["post-184240","post","type-post","status-publish","format-standard","has-post-thumbnail","hentry","category-policiales","category-portada"],"jetpack_featured_media_url":"https:\/\/i0.wp.com\/cdnoticias.com\/wp-content\/uploads\/2025\/10\/camion-ruta22-e1759533001183.jpg?fit=992%2C483&ssl=1","jetpack_sharing_enabled":true,"_links":{"self":[{"href":"https:\/\/cdnoticias.com\/index.php\/wp-json\/wp\/v2\/posts\/184240","targetHints":{"allow":["GET"]}}],"collection":[{"href":"https:\/\/cdnoticias.com\/index.php\/wp-json\/wp\/v2\/posts"}],"about":[{"href":"https:\/\/cdnoticias.com\/index.php\/wp-json\/wp\/v2\/types\/post"}],"author":[{"embeddable":true,"href":"https:\/\/cdnoticias.com\/index.php\/wp-json\/wp\/v2\/users\/2"}],"replies":[{"embeddable":true,"href":"https:\/\/cdnoticias.com\/index.php\/wp-json\/wp\/v2\/comments?post=184240"}],"version-history":[{"count":0,"href":"https:\/\/cdnoticias.com\/index.php\/wp-json\/wp\/v2\/posts\/184240\/revisions"}],"wp:featuredmedia":[{"embeddable":true,"href":"https:\/\/cdnoticias.com\/index.php\/wp-json\/wp\/v2\/media\/184241"}],"wp:attachment":[{"href":"https:\/\/cdnoticias.com\/index.php\/wp-json\/wp\/v2\/media?parent=184240"}],"wp:term":[{"taxonomy":"category","embeddable":true,"href":"https:\/\/cdnoticias.com\/index.php\/wp-json\/wp\/v2\/categories?post=184240"},{"taxonomy":"post_tag","embeddable":true,"href":"https:\/\/cdnoticias.com\/index.php\/wp-json\/wp\/v2\/tags?post=184240"}],"curies":[{"name":"wp","href":"https:\/\/api.w.org\/{rel}","templated":true}]}}