{"id":184208,"date":"2025-10-03T18:00:21","date_gmt":"2025-10-03T21:00:21","guid":{"rendered":"https:\/\/cdnoticias.com\/?p=184208"},"modified":"2025-10-03T18:00:23","modified_gmt":"2025-10-03T21:00:23","slug":"apertura-del-congreso-interdisciplinario-de-salud","status":"publish","type":"post","link":"https:\/\/cdnoticias.com\/index.php\/2025\/10\/03\/apertura-del-congreso-interdisciplinario-de-salud\/","title":{"rendered":"Apertura del Congreso Interdisciplinario de Salud"},"content":{"rendered":"\n<p>Comenz\u00f3 este viernes 3 de octubre encabezado por el intendente Maximiliano Wesner.&nbsp;<\/p>\n\n\n\n<hr class=\"wp-block-separator aligncenter has-alpha-channel-opacity\"\/>\n\n\n\n<p>Este viernes 3 de octubre comenz\u00f3 en el Centro de Convenciones (CCO) la <strong>IV edici\u00f3n del Congreso del Hospital Municipal \u201cDr. H\u00e9ctor M. Cura<\/strong>\u201d, evento <strong>interdisciplinario a cargo de profesionales del Consejo administrativo de salud.\u00a0<\/strong><\/p>\n\n\n\n<p><\/p>\n\n\n\n<blockquote class=\"wp-block-quote is-layout-flow wp-block-quote-is-layout-flow\">\n<p>En esta edici\u00f3n, adem\u00e1s, se suman dos eventos simult\u00e1neos, de igual relevancia, la Primera Jornada Regional de APS y el VI Foro de Investigaci\u00f3n Traslacional en Salud y Vinculaci\u00f3n Cient\u00edfica del Ministerio de Salud de la Provincia de Buenos Aires.<\/p>\n<\/blockquote>\n\n\n\n<p><\/p>\n\n\n\n<p>El intendente <strong>Maximiliano Wesner<\/strong> encabez\u00f3 la apertura del Congreso, acompa\u00f1ado por funcionarios de la cartera de salud provincial, representantes de la comunidad educativa e integrantes del gabinete municipal.\u00a0<\/p>\n\n\n\n<p><\/p>\n\n\n\n<p>El acto inaugural cont\u00f3 con la presencia del intendente <strong>Wesner<\/strong>, la subsecretaria del Ministerio de Salud de la Provincia de Buenos Aires <strong>Leticia Ceriani,<\/strong> Presidente de la Comisi\u00f3n de Investigaciones Cient\u00edficas <strong>Roberto Salvarezza,<\/strong> y <strong>Marcelo Aba,<\/strong> Rector de UNICEN.<\/p>\n\n\n\n<p><\/p>\n\n\n\n<figure class=\"wp-block-image aligncenter size-full\"><img data-recalc-dims=\"1\" loading=\"lazy\" decoding=\"async\" width=\"800\" height=\"554\" src=\"https:\/\/i0.wp.com\/cdnoticias.com\/wp-content\/uploads\/2025\/10\/congreso-salud-3.jpg?resize=800%2C554&#038;ssl=1\" alt=\"\" class=\"wp-image-184210\" srcset=\"https:\/\/i0.wp.com\/cdnoticias.com\/wp-content\/uploads\/2025\/10\/congreso-salud-3.jpg?w=900&amp;ssl=1 900w, https:\/\/i0.wp.com\/cdnoticias.com\/wp-content\/uploads\/2025\/10\/congreso-salud-3.jpg?resize=300%2C208&amp;ssl=1 300w, https:\/\/i0.wp.com\/cdnoticias.com\/wp-content\/uploads\/2025\/10\/congreso-salud-3.jpg?resize=768%2C532&amp;ssl=1 768w, https:\/\/i0.wp.com\/cdnoticias.com\/wp-content\/uploads\/2025\/10\/congreso-salud-3.jpg?resize=392%2C272&amp;ssl=1 392w, https:\/\/i0.wp.com\/cdnoticias.com\/wp-content\/uploads\/2025\/10\/congreso-salud-3.jpg?resize=130%2C90&amp;ssl=1 130w\" sizes=\"auto, (max-width: 800px) 100vw, 800px\" \/><\/figure>\n\n\n\n<p><\/p>\n\n\n\n<p>Asimismo, participaron los integrantes del Comit\u00e9 Organizador: <strong>Fernando Al\u00ed,<\/strong> subsecretario de Direcci\u00f3n M\u00e9dica del Hospital Municipal; <strong>Florencia Lestrada, <\/strong>subsecretaria de APS, la subsecretaria de Atenci\u00f3n Primaria de la Salud, de<strong> Mar\u00eda Emilia Castro<\/strong>, tambi\u00e9n subsecretaria de recursos humanos de nuestra ciudad, del hospital de nuestra ciudad y <strong>Florencia Marengo,<\/strong> coordinadora del Comit\u00e9 de Docencia e Investigaci\u00f3n del nosocomio local. Completa la n\u00f3mina el equipo del <strong>Comit\u00e9 Cient\u00edfico.<\/strong><\/p>\n\n\n\n<p><\/p>\n\n\n\n<p><em>\u201cGracias a todos y todas por acercarse, por encontrarnos en nuestro Centro de Convenciones municipal. Gracias, Roberto, por estar presente y a todo el equipo de la CIC. Gracias, Marcelo, y la Universidad Nacional del Centro. Gracias, Leticia, y en nombre tuyo al Ministerio de Salud de la provincia de Buenos Aires. Quiero agradecer al Consejo de Salud, a Regi\u00f3n Sanitaria, pero principalmente a quienes hicieron posible este encuentro que sabemos que son tantas personas m\u00e1s y que nos permiten encontrarnos, en esto que yo digo que es la mejor de las redes sociales, que es la red humana\u201d,<\/em> expres\u00f3 el intendente Wesner. <\/p>\n\n\n\n<p><\/p>\n\n\n\n<p>En ese marco, a\u00f1adi\u00f3 que \u201cen este<strong> contexto econ\u00f3mico adverso, complejo, que estamos atravesando, trabajadores y trabajadoras de la salud, t\u00e9cnicos, m\u00e9dicos, m\u00e9dicas<\/strong>, trabajadores en general, que sabemos que cuando la econom\u00eda golpea, golpea fuertemente lo social y golpea fuertemente y ah\u00ed intenta debilitar el derecho a la salud. Pero <strong>ustedes lo hacen posible y no corren el cuerpo. Creo que eso es para resaltar y destacar. Lo vemos todos los d\u00edas en el hospital H\u00e9ctor Cura, lo vemos todos los d\u00edas en los centros de atenci\u00f3n primaria de la salud y en los hospitales serranos\u201d.<\/strong><\/p>\n\n\n\n<p><\/p>\n\n\n\n<p>Por \u00faltimo, indic\u00f3 que \u201ccreo que hoy estamos construyendo y generando conocimiento, <strong>creo que estamos fortaleciendo con rigor cient\u00edfico la salud, estamos fortaleciendo ese derecho que tenemos que apuntalar todos los d\u00edas. <\/strong>Por eso celebro profundamente este cuarto congreso, que no tengo dudas que tiene como centralidad y como faro el cuidado progresivo de nuestros vecinos, que tiene que ser el com\u00fan denominador y el eje transversal, la gu\u00eda y destino de todos los esfuerzos y recursos que ponemos todos los d\u00edas para tener un mejor sistema de salud\u201d.<\/p>\n\n\n\n<p><\/p>\n\n\n\n<figure class=\"wp-block-image aligncenter size-full\"><img data-recalc-dims=\"1\" loading=\"lazy\" decoding=\"async\" width=\"800\" height=\"549\" src=\"https:\/\/i0.wp.com\/cdnoticias.com\/wp-content\/uploads\/2025\/10\/congreso-salud-2.jpg?resize=800%2C549&#038;ssl=1\" alt=\"\" class=\"wp-image-184211\" srcset=\"https:\/\/i0.wp.com\/cdnoticias.com\/wp-content\/uploads\/2025\/10\/congreso-salud-2.jpg?w=900&amp;ssl=1 900w, https:\/\/i0.wp.com\/cdnoticias.com\/wp-content\/uploads\/2025\/10\/congreso-salud-2.jpg?resize=300%2C206&amp;ssl=1 300w, https:\/\/i0.wp.com\/cdnoticias.com\/wp-content\/uploads\/2025\/10\/congreso-salud-2.jpg?resize=768%2C527&amp;ssl=1 768w, https:\/\/i0.wp.com\/cdnoticias.com\/wp-content\/uploads\/2025\/10\/congreso-salud-2.jpg?resize=130%2C90&amp;ssl=1 130w\" sizes=\"auto, (max-width: 800px) 100vw, 800px\" \/><\/figure>\n\n\n\n<p><\/p>\n\n\n\n<blockquote class=\"wp-block-quote is-layout-flow wp-block-quote-is-layout-flow\">\n<p>Marcelo Aba, por su parte, se\u00f1al\u00f3 que \u201ccuando se trabaja sobre la salud de la poblaci\u00f3n, se est\u00e1n ganando derechos, se est\u00e1 mejorando la calidad de vida. Se est\u00e1 poniendo en el foco del trabajo cotidiano a la persona, al individuo. Es esencialmente lo que hacemos como universidad, tener esperanza, trabajar sobre el futuro de nuestra poblaci\u00f3n y en eso creo que es algo que compartimos en cuanto al deseo y el trabajo quienes estamos hoy aqu\u00ed\u201d.<\/p>\n<\/blockquote>\n\n\n\n<p><\/p>\n\n\n\n<p>\u00a0\u201cQuiero felicitarlos, <strong>esto es redoblar la esperanza<\/strong>, cuando se ve el organismo completo de especialistas de la salud que vienen a buscar capacitaci\u00f3n, que vienen a buscar las nuevas tendencias, que vienen a buscar c\u00f3mo atender en definitiva de mejor manera a sus pacientes, realmente nos llena de esperanza. Nosotros <strong>entendemos la universidad como un espacio de formaci\u00f3n de profesionales, <\/strong>pero esa formaci\u00f3n no la podemos concebir si no es con un proceso de investigaci\u00f3n y generaci\u00f3n de conocimientos que nos permitan dar un valor agregado\u201d, concluy\u00f3 el rector de la UNICEN.<\/p>\n\n\n\n<p><\/p>\n\n\n\n<p>\u201cPara pensar realmente en un sistema de salud basado en la estrategia de atenci\u00f3n primaria a la salud,<strong> <em>es necesario vernos las caras, discutir, construir consensos entre los equipos de salud del primer nivel, pero tambi\u00e9n con aquellos compa\u00f1eros y compa\u00f1eras que todos los d\u00edas trabajan en hospital.<\/em> <\/strong>Entonces, me parece que es tremendamente desafiante, esto de poder pensar la APS junto con el hospital. A m\u00ed me parece que es superador en t\u00e9rminos de discusiones de del sistema de salud\u201d, destac\u00f3<strong> Leticia Ceriani<\/strong> (subsecretaria de Planificaci\u00f3n Estrat\u00e9gica del Ministerio de Salud).<\/p>\n\n\n\n<p><\/p>\n\n\n\n<p>\u201cTambi\u00e9n habernos permitido hacer este congreso, ser parte de este congreso el Foro de Investigaci\u00f3n Transnacional que es el sexto en la provincia de Buenos Aires, que le da una impronta distinta, que tiene que ver con <strong>poder encontrarnos, poder poner el di\u00e1logo los equipos, las personas que se dedican a la investigaci\u00f3n con aquellas que est\u00e1n en los hospitales,<\/strong> en los centros de salud, en los territorios y que de alguna manera <strong>conocen cu\u00e1les son las necesidades sanitarias de la poblaci\u00f3n\u201d<\/strong>, agreg\u00f3. <\/p>\n\n\n\n<p><\/p>\n\n\n\n<figure class=\"wp-block-image aligncenter size-full\"><img data-recalc-dims=\"1\" loading=\"lazy\" decoding=\"async\" width=\"800\" height=\"532\" src=\"https:\/\/i0.wp.com\/cdnoticias.com\/wp-content\/uploads\/2025\/10\/congreso-salud-4.jpg?resize=800%2C532&#038;ssl=1\" alt=\"\" class=\"wp-image-184213\" srcset=\"https:\/\/i0.wp.com\/cdnoticias.com\/wp-content\/uploads\/2025\/10\/congreso-salud-4.jpg?w=900&amp;ssl=1 900w, https:\/\/i0.wp.com\/cdnoticias.com\/wp-content\/uploads\/2025\/10\/congreso-salud-4.jpg?resize=300%2C200&amp;ssl=1 300w, https:\/\/i0.wp.com\/cdnoticias.com\/wp-content\/uploads\/2025\/10\/congreso-salud-4.jpg?resize=768%2C511&amp;ssl=1 768w, https:\/\/i0.wp.com\/cdnoticias.com\/wp-content\/uploads\/2025\/10\/congreso-salud-4.jpg?resize=272%2C182&amp;ssl=1 272w\" sizes=\"auto, (max-width: 800px) 100vw, 800px\" \/><\/figure>\n\n\n\n<p><\/p>\n\n\n\n<p>A la par, el presidente de la Comisi\u00f3n de Investigaciones Cient\u00edficas de la provincia de Buenos Aires,<strong> Roberto Salvarezza,<\/strong> afirm\u00f3 que \u201c<em>para m\u00ed es un honor estar ac\u00e1 en este panel en la apertura de este congreso y del foro que se superponen, pero que tienen un mismo objetivo que es <strong>mejorar la calidad de los pacientes,<\/strong> de la atenci\u00f3n de nuestros hospitales en la provincia de Buenos Aires\u201d.<\/em><\/p>\n\n\n\n<p><\/p>\n\n\n\n<blockquote class=\"wp-block-quote is-layout-flow wp-block-quote-is-layout-flow\">\n<p>\u201cUna de las grandes problem\u00e1ticas es de qu\u00e9 manera nuestro sistema de ciencia va a ser dirigido para mejorar la calidad de vida que tienen los habitantes de la provincia, ese es el mandato que tenemos parte del Gobernador\u201d, asever\u00f3. Salvarezza hizo hincapi\u00e9 en el rol del investigador en salud e inst\u00f3 a \u201ctodos a que participan en los equipos de salud, en nuestros hospitales, que reconozcan sus actividades de ciencia, que realicen y que sabemos que lo hacen, con much\u00edsimo esfuerzo y con much\u00edsimo amor\u201d.<\/p>\n<\/blockquote>\n\n\n\n<p><\/p>\n\n\n\n<p><strong><em>\u201cCreemos realmente que la \u00fanica manera que tenemos de trasladar del laboratorio hacia el hospital es hacer investigaci\u00f3n en el hospital, poner los dos mundos en contacto. Para nosotros es fundamental orientar la investigaci\u00f3n, significa hacer investigaci\u00f3n en el lugar y es en el hospital\u201d<\/em><\/strong>, concluy\u00f3.<\/p>\n\n\n\n<p><\/p>\n\n\n\n<p>El programa del Congreso incluye el <strong>\u201cCuidado progresivo del paciente<\/strong>\u201d como eje tem\u00e1tico transversal, abordado desde las diferentes especialidades, con una visi\u00f3n integradora, jerarquizando la importancia del trabajo en equipo y abordaje interdisciplinario.<strong> Se presentan trabajos cient\u00edficos y casos reportados de las diferentes \u00e1reas.<\/strong> El programa comprende diversas plenarias y conferencias simult\u00e1neas. <strong>El Congreso finaliza este s\u00e1bado 4 en horas de la tarde.<\/strong><\/p>\n\n\n\n<p><\/p>\n","protected":false},"excerpt":{"rendered":"<p>Comenz\u00f3 este viernes 3 de octubre encabezado por el intendente Maximiliano Wesner.&nbsp; Este viernes 3 de octubre comenz\u00f3 en el<\/p>\n","protected":false},"author":6,"featured_media":184212,"comment_status":"closed","ping_status":"closed","sticky":false,"template":"","format":"standard","meta":{"_jetpack_memberships_contains_paid_content":false,"footnotes":""},"categories":[5,1],"tags":[],"class_list":["post-184208","post","type-post","status-publish","format-standard","has-post-thumbnail","hentry","category-informacion-general","category-portada"],"jetpack_featured_media_url":"https:\/\/i0.wp.com\/cdnoticias.com\/wp-content\/uploads\/2025\/10\/congreso-salud-1.jpg?fit=900%2C578&ssl=1","jetpack_sharing_enabled":true,"_links":{"self":[{"href":"https:\/\/cdnoticias.com\/index.php\/wp-json\/wp\/v2\/posts\/184208","targetHints":{"allow":["GET"]}}],"collection":[{"href":"https:\/\/cdnoticias.com\/index.php\/wp-json\/wp\/v2\/posts"}],"about":[{"href":"https:\/\/cdnoticias.com\/index.php\/wp-json\/wp\/v2\/types\/post"}],"author":[{"embeddable":true,"href":"https:\/\/cdnoticias.com\/index.php\/wp-json\/wp\/v2\/users\/6"}],"replies":[{"embeddable":true,"href":"https:\/\/cdnoticias.com\/index.php\/wp-json\/wp\/v2\/comments?post=184208"}],"version-history":[{"count":0,"href":"https:\/\/cdnoticias.com\/index.php\/wp-json\/wp\/v2\/posts\/184208\/revisions"}],"wp:featuredmedia":[{"embeddable":true,"href":"https:\/\/cdnoticias.com\/index.php\/wp-json\/wp\/v2\/media\/184212"}],"wp:attachment":[{"href":"https:\/\/cdnoticias.com\/index.php\/wp-json\/wp\/v2\/media?parent=184208"}],"wp:term":[{"taxonomy":"category","embeddable":true,"href":"https:\/\/cdnoticias.com\/index.php\/wp-json\/wp\/v2\/categories?post=184208"},{"taxonomy":"post_tag","embeddable":true,"href":"https:\/\/cdnoticias.com\/index.php\/wp-json\/wp\/v2\/tags?post=184208"}],"curies":[{"name":"wp","href":"https:\/\/api.w.org\/{rel}","templated":true}]}}