{"id":184197,"date":"2025-10-03T17:01:32","date_gmt":"2025-10-03T20:01:32","guid":{"rendered":"https:\/\/cdnoticias.com\/?p=184197"},"modified":"2025-10-03T17:01:34","modified_gmt":"2025-10-03T20:01:34","slug":"acto-oficial-por-el-76o-aniversario-de-la-asociacion-de-bomberos-voluntarios-de-olavarria","status":"publish","type":"post","link":"https:\/\/cdnoticias.com\/index.php\/2025\/10\/03\/acto-oficial-por-el-76o-aniversario-de-la-asociacion-de-bomberos-voluntarios-de-olavarria\/","title":{"rendered":"Acto oficial por el 76\u00ba aniversario de la Asociaci\u00f3n de Bomberos Voluntarios de Olavarr\u00eda"},"content":{"rendered":"\n<p>Con la presencia del Cuerpo Activo, la Jefatura, Reserva, Consejo Directivo y Subcomisi\u00f3n de Damas, se realiz\u00f3 en el Cuartel Central el acto oficial por el 76\u00ba aniversario de la instituci\u00f3n.<\/p>\n\n\n\n<hr class=\"wp-block-separator aligncenter has-alpha-channel-opacity\"\/>\n\n\n\n<p>En el marco de un nuevo aniversario, el <strong>Cuartel Central de Bomberos Voluntarios de Olavarr\u00eda fue escenario del acto oficial<\/strong> que reuni\u00f3 a todo el Cuerpo Activo, Jefatura, Reserva, Consejo Directivo y Subcomisi\u00f3n de Damas. La ceremonia incluy\u00f3 el canto del Himno Nacional, <strong>un minuto de silencio en memoria de los bomberos fallecidos<\/strong> y la lectura del parte de semana.<\/p>\n\n\n\n<p><\/p>\n\n\n\n<blockquote class=\"wp-block-quote is-layout-flow wp-block-quote-is-layout-flow\">\n<p>El Comandante General Ra\u00fal Ferreira, jefe del Cuerpo Activo, fue el primero en tomar la palabra.\u00a0En su mensaje hizo un recorrido por los 76 a\u00f1os de historia de la instituci\u00f3n y agradeci\u00f3 el compromiso, la dedicaci\u00f3n y el esfuerzo de todos los hombres y mujeres que dejaron su huella a lo largo de estas m\u00e1s de siete d\u00e9cadas. Adem\u00e1s, destac\u00f3 la importancia de las recientes compras de equipamiento y tecnolog\u00eda que fortalecen la capacidad de respuesta ante emergencias.<\/p>\n<\/blockquote>\n\n\n\n<p><\/p>\n\n\n\n<p>Por su parte, el Presidente del Consejo Directivo, Hugo Fayan\u00e1s, felicit\u00f3 a los bomberos en su d\u00eda y anunci\u00f3 la <strong>adquisici\u00f3n de un nuevo compresor destinado a la renovaci\u00f3n de ox\u00edgeno en los tubos que utilizan los bomberos<\/strong>, resaltando este avance como otra inversi\u00f3n fundamental para el trabajo operativo.<\/p>\n\n\n\n<p><\/p>\n\n\n\n<p>Durante la ceremonia tambi\u00e9n la Subcomisi\u00f3n de Damas entreg\u00f3 un presente a los integrantes encargados del servicio de comidas, reconociendo el trabajo diario y silencioso que tambi\u00e9n sostiene a la instituci\u00f3n. Finalizado el acto protocolar, los presentes compartieron una cena de camarader\u00eda, celebrando juntos el camino recorrido y renovando el compromiso con el futuro de la instituci\u00f3n.<\/p>\n","protected":false},"excerpt":{"rendered":"<p>Con la presencia del Cuerpo Activo, la Jefatura, Reserva, Consejo Directivo y Subcomisi\u00f3n de Damas, se realiz\u00f3 en el Cuartel<\/p>\n","protected":false},"author":6,"featured_media":184199,"comment_status":"closed","ping_status":"closed","sticky":false,"template":"","format":"standard","meta":{"_jetpack_memberships_contains_paid_content":false,"footnotes":""},"categories":[5,1],"tags":[],"class_list":["post-184197","post","type-post","status-publish","format-standard","has-post-thumbnail","hentry","category-informacion-general","category-portada"],"jetpack_featured_media_url":"https:\/\/i0.wp.com\/cdnoticias.com\/wp-content\/uploads\/2025\/10\/bomberos-olavarria.jpg?fit=899%2C542&ssl=1","jetpack_sharing_enabled":true,"_links":{"self":[{"href":"https:\/\/cdnoticias.com\/index.php\/wp-json\/wp\/v2\/posts\/184197","targetHints":{"allow":["GET"]}}],"collection":[{"href":"https:\/\/cdnoticias.com\/index.php\/wp-json\/wp\/v2\/posts"}],"about":[{"href":"https:\/\/cdnoticias.com\/index.php\/wp-json\/wp\/v2\/types\/post"}],"author":[{"embeddable":true,"href":"https:\/\/cdnoticias.com\/index.php\/wp-json\/wp\/v2\/users\/6"}],"replies":[{"embeddable":true,"href":"https:\/\/cdnoticias.com\/index.php\/wp-json\/wp\/v2\/comments?post=184197"}],"version-history":[{"count":0,"href":"https:\/\/cdnoticias.com\/index.php\/wp-json\/wp\/v2\/posts\/184197\/revisions"}],"wp:featuredmedia":[{"embeddable":true,"href":"https:\/\/cdnoticias.com\/index.php\/wp-json\/wp\/v2\/media\/184199"}],"wp:attachment":[{"href":"https:\/\/cdnoticias.com\/index.php\/wp-json\/wp\/v2\/media?parent=184197"}],"wp:term":[{"taxonomy":"category","embeddable":true,"href":"https:\/\/cdnoticias.com\/index.php\/wp-json\/wp\/v2\/categories?post=184197"},{"taxonomy":"post_tag","embeddable":true,"href":"https:\/\/cdnoticias.com\/index.php\/wp-json\/wp\/v2\/tags?post=184197"}],"curies":[{"name":"wp","href":"https:\/\/api.w.org\/{rel}","templated":true}]}}