{"id":184161,"date":"2025-10-03T08:30:47","date_gmt":"2025-10-03T11:30:47","guid":{"rendered":"https:\/\/cdnoticias.com\/?p=184161"},"modified":"2025-10-03T08:30:49","modified_gmt":"2025-10-03T11:30:49","slug":"axel-kicillof-debera-esperar-el-senado-volvio-a-postergar-el-proyecto-de-financiamiento","status":"publish","type":"post","link":"https:\/\/cdnoticias.com\/index.php\/2025\/10\/03\/axel-kicillof-debera-esperar-el-senado-volvio-a-postergar-el-proyecto-de-financiamiento\/","title":{"rendered":"Axel Kicillof deber\u00e1 esperar: el Senado volvi\u00f3 a postergar el proyecto de financiamiento"},"content":{"rendered":"<p>No hubo acuerdo con la oposici\u00f3n y tampoco con los propios. El Gobernador hab\u00eda pedido que se apruebe el lunes. Busca asegurar recursos para la gesti\u00f3n hasta fin de a\u00f1o.<!--more--><\/p>\n<hr \/>\n<p>Axel Kicillof deber\u00e1 seguir esperando:<strong> el Senado volvi\u00f3 a postergar este jueves el tratamiento de un pedido de endeudamiento<\/strong> que el Gobernador reclam\u00f3 el lunes que sea aprobado para <strong>asegurar el financiamiento de la provincia<\/strong>, luego de no alcanzar un acuerdo con la oposici\u00f3n pero tampoco con sectores del propio oficialismo.<\/p>\n<p>Se trata del proyecto de<strong> ley de endeudamiento \u201ccorto\u201d q<\/strong>ue reflota la cl\u00e1usula para tomar deuda por <strong>hasta US$ 1.045 millones y emitir Letras del Tesoro<\/strong> por el equivalente en pesos a US$ 250 millones, la misma cantidad que se hab\u00eda en el proyecto de presupuesto para este a\u00f1o que finalmente <strong>no se aprob\u00f3 en diciembre pasado.<\/strong><\/p>\n<blockquote><p>Los recursos, seg\u00fan el Ejecutivo, se destinar\u00e1n a cubrir vencimientos previos y a financiar obras de infraestructura. En paralelo, la iniciativa incluye la pr\u00f3rroga de siete emergencias hasta diciembre de 2026 \u2014entre ellas seguridad, sistema penitenciario, infraestructura, vivienda y energ\u00eda\u2014 para agilizar gestiones en distintas \u00e1reas.<\/p><\/blockquote>\n<p>\u201cFuimos a buscar la ley para el refinanciamiento y eso no se consigui\u00f3. Luego de que el Presupuesto y la Ley Impositiva no se aprobaran el a\u00f1o pasado, presentamos esta ley corta de refinanciaci\u00f3n. <strong>Necesitamos eso con urgencia para cerrar el a\u00f1o\u201d<\/strong>, <a href=\"https:\/\/cdnoticias.com\/index.php\/2025\/09\/29\/kicillof-pidio-por-ley-para-refinanciar-las-deudas-que-contrajo-la-gestion-vidal\/\" target=\"_blank\" rel=\"noopener\">hab\u00eda pedido Kicillof el lunes en una conferencia de prensa<\/a>.<\/p>\n<h3>Sin consenso con la oposici\u00f3n ni los propios<\/h3>\n<p>El pedido del Gobernador se hab\u00eda dado luego de <strong>una semana de negociaciones con la oposici\u00f3n<\/strong> para tratar de llevar el proyecto al recinto, que <strong>se reactivaron en las \u00faltimas 48 horas<\/strong> pero sin \u00e9xito. <strong>Tampoco La C\u00e1mpora y el massismo estuvieron de acuerdo en avanzar<\/strong>, lo mismo que hab\u00eda ocurrido hace unos d\u00edas.<\/p>\n<p>El oficialismo necesitaba<strong> 31 votos para aprobar<\/strong> el proyecto, un tr\u00e1mite que necesita mayor\u00eda especial. Pero ya antes de la reuni\u00f3n de labor parlamentaria en la que se defini\u00f3 el temario, estaba claro que no hab\u00eda n\u00famero para avanzar.<strong> \u201cFaltaron 10 manos de la oposici\u00f3n, pero porque el oficialismo no pudo asegurar sus 21 votos \u201d<\/strong>, dijo a DIB una fuente parlamentaria.<\/p>\n<blockquote><p>Ahora, intentar\u00e1n llevar el tema al recinto la semana que viene, en una sesi\u00f3n en paralelo con Diputados, para que el proyecto sea ley en ese momento. Pero no hay aun garant\u00edas de que ese plan pueda llevarse a cabo.<\/p><\/blockquote>\n<p>En la mesa de negociaciones no solo est\u00e1 el proyecto de endeudamiento, la oposici\u00f3n -y La Campora y el massismo- miran<strong> las vacantes en la Corte y en algunos organismos como el directorio del Banco Provincia<\/strong>, entre otros.<\/p>\n<p>Fuente: <em>Agencia DIB<\/em><\/p>\n","protected":false},"excerpt":{"rendered":"<p>No hubo acuerdo con la oposici\u00f3n y tampoco con los propios. El Gobernador hab\u00eda pedido que se apruebe el lunes.<\/p>\n","protected":false},"author":4,"featured_media":179459,"comment_status":"closed","ping_status":"closed","sticky":false,"template":"","format":"standard","meta":{"_jetpack_memberships_contains_paid_content":false,"footnotes":""},"categories":[6,1],"tags":[],"class_list":["post-184161","post","type-post","status-publish","format-standard","has-post-thumbnail","hentry","category-nacionales","category-portada"],"jetpack_featured_media_url":"https:\/\/i0.wp.com\/cdnoticias.com\/wp-content\/uploads\/2025\/08\/kicillof-olavarria4.jpg?fit=800%2C445&ssl=1","jetpack_sharing_enabled":true,"_links":{"self":[{"href":"https:\/\/cdnoticias.com\/index.php\/wp-json\/wp\/v2\/posts\/184161","targetHints":{"allow":["GET"]}}],"collection":[{"href":"https:\/\/cdnoticias.com\/index.php\/wp-json\/wp\/v2\/posts"}],"about":[{"href":"https:\/\/cdnoticias.com\/index.php\/wp-json\/wp\/v2\/types\/post"}],"author":[{"embeddable":true,"href":"https:\/\/cdnoticias.com\/index.php\/wp-json\/wp\/v2\/users\/4"}],"replies":[{"embeddable":true,"href":"https:\/\/cdnoticias.com\/index.php\/wp-json\/wp\/v2\/comments?post=184161"}],"version-history":[{"count":0,"href":"https:\/\/cdnoticias.com\/index.php\/wp-json\/wp\/v2\/posts\/184161\/revisions"}],"wp:featuredmedia":[{"embeddable":true,"href":"https:\/\/cdnoticias.com\/index.php\/wp-json\/wp\/v2\/media\/179459"}],"wp:attachment":[{"href":"https:\/\/cdnoticias.com\/index.php\/wp-json\/wp\/v2\/media?parent=184161"}],"wp:term":[{"taxonomy":"category","embeddable":true,"href":"https:\/\/cdnoticias.com\/index.php\/wp-json\/wp\/v2\/categories?post=184161"},{"taxonomy":"post_tag","embeddable":true,"href":"https:\/\/cdnoticias.com\/index.php\/wp-json\/wp\/v2\/tags?post=184161"}],"curies":[{"name":"wp","href":"https:\/\/api.w.org\/{rel}","templated":true}]}}