{"id":184132,"date":"2025-10-02T20:15:19","date_gmt":"2025-10-02T23:15:19","guid":{"rendered":"https:\/\/cdnoticias.com\/?p=184132"},"modified":"2025-10-03T08:56:48","modified_gmt":"2025-10-03T11:56:48","slug":"el-senado-rechazo-los-vetos-de-milei-y-ratifico-las-leyes-de-financiamiento-universitario-y-de-emergencia-pediatrica","status":"publish","type":"post","link":"https:\/\/cdnoticias.com\/index.php\/2025\/10\/02\/el-senado-rechazo-los-vetos-de-milei-y-ratifico-las-leyes-de-financiamiento-universitario-y-de-emergencia-pediatrica\/","title":{"rendered":"El Senado rechaz\u00f3 los vetos de Milei y ratific\u00f3 las leyes de financiamiento universitario y de emergencia pedi\u00e1trica"},"content":{"rendered":"\n<p>Fue por amplia mayor\u00eda: 59 votos a favor y 7 en contra, todos de La Libertad Avanza. De esta forma, ya son tres las leyes vetadas que fueron revertidas en el Congreso. <\/p>\n\n\n\n<hr class=\"wp-block-separator aligncenter has-alpha-channel-opacity\"\/>\n\n\n\n<p><strong>El Gobierno volvi\u00f3 a sufrir un duro rev\u00e9s legislativo.<\/strong> En una sesi\u00f3n que se extendi\u00f3 por m\u00e1s de seis horas,<strong> el Senado rechaz\u00f3 este jueves los vetos presidenciales de Javier Milei y dej\u00f3 firmes las leyes de financiamiento a las universidades nacionales y de emergencia en pediatr\u00eda, que incluye un refuerzo salarial para el personal m\u00e9dico y los trabajadores del Hospital Garrahan.<\/strong><\/p>\n\n\n\n<p>La C\u00e1mara alta insisti\u00f3 con ambas normas en dos votaciones consecutivas. <strong>La ley de emergencia del sistema de salud pedi\u00e1trico fue ratificada por 59 votos a favor, 7 en contra \u2014todos del oficialismo\u2014 y tres abstenciones del bloque Pro. En tanto, la ley de financiamiento universitario fue respaldada por 58 votos positivos, 7 negativos y 4 abstenciones, entre ellas la de la radical Carolina Losada.<\/strong><\/p>\n\n\n\n<p>Desde que el Gobierno rompi\u00f3 acuerdos con gobernadores provinciales en el marco de su estrategia electoral hacia los comicios del 26 de octubre, el oficialismo viene acumulando derrotas en el Congreso. <strong>Esta votaci\u00f3n volvi\u00f3 a exhibir la p\u00e9rdida de apoyos que enfrenta la Casa Rosada.<\/strong><\/p>\n\n\n\n<p>Con estas dos insistencias,<strong> ya son tres las leyes que ambas c\u00e1maras del Congreso logran ratificar en un mismo per\u00edodo legislativo al rechazar los vetos presidenciales. Se trata de un hecho in\u00e9dito desde el retorno de la democracia en 1983.<\/strong> La anterior hab\u00eda sido la ley que declar\u00f3 la emergencia en la atenci\u00f3n p\u00fablica a personas con discapacidad, tambi\u00e9n desautorizada por el Parlamento el 4 de septiembre, con 63 votos a favor y solo 7 en contra.<\/p>\n\n\n\n<h3 class=\"wp-block-heading\">Un debate pol\u00edtico y moral<\/h3>\n\n\n\n<p>Durante el extenso debate, <strong>el Senado funcion\u00f3 como caja de resonancia de los cuestionamientos a la pol\u00edtica econ\u00f3mica y fiscal del Ejecutivo.<\/strong><\/p>\n\n\n\n<p>El radical Mart\u00edn Lousteau (Capital) abri\u00f3 la discusi\u00f3n impulsando un proyecto de declaraci\u00f3n que solicita al jefe de Gabinete la reasignaci\u00f3n de partidas presupuestarias para cumplir con la ley que actualiza aranceles de prestadores y crea una pensi\u00f3n no contributiva por discapacidad.<\/p>\n\n\n\n<p>Por su parte, el senador Flavio Fama (UCR) se dirigi\u00f3 directamente al Presidente y lanz\u00f3: \u201c\u00bfCu\u00e1l es el plan para la educaci\u00f3n p\u00fablica argentina?\u201d. En un discurso encendido, cuestion\u00f3 si el objetivo del Gobierno es \u201cinstalar un relato para sostener un recorte y defender el equilibrio fiscal\u201d y advirti\u00f3 que \u201ca los foros a donde va le piden a gritos profesionales\u201d. \u201cSe\u00f1or Presidente, el plan es que no haya plan\u201d, sentenci\u00f3.<\/p>\n\n\n\n<p>Desde Santa Cruz, Natalia Gadano, aliada del gobernador Claudio Vidal, justific\u00f3 su voto contra el veto al afirmar que \u201cuna Naci\u00f3n que abandona a los sectores m\u00e1s d\u00e9biles no puede llamarse ni justa ni libre\u201d. \u201cDefender la educaci\u00f3n y la salud es una obligaci\u00f3n moral\u201d, remarc\u00f3.<\/p>\n\n\n\n<p>En la misma l\u00ednea, Daniel Bensus\u00e1n (PJ &#8211; La Pampa) plante\u00f3 que la discusi\u00f3n \u201cno es t\u00e9cnica, fiscal o contable; es pol\u00edtica y moral\u201d, y calific\u00f3 de \u201cfalso\u201d el dilema del equilibrio fiscal esgrimido por el Ejecutivo. Record\u00f3 que \u201cse aumentaron partidas para la Secretar\u00eda de Inteligencia mientras se recortaban fondos a las universidades\u201d.<\/p>\n\n\n\n<h3 class=\"wp-block-heading\">Qu\u00e9 establecen las leyes<\/h3>\n\n\n\n<p>La norma de financiamiento universitario dispone la actualizaci\u00f3n autom\u00e1tica por inflaci\u00f3n de los gastos de funcionamiento de las universidades, hospitales universitarios y partidas de ciencia y tecnolog\u00eda, con retroactividad a 2024 y ajuste bimestral. Tambi\u00e9n contempla un aumento salarial inicial del 40,8%, paritarias trimestrales y subas mensuales atadas al IPC, adem\u00e1s de recomposici\u00f3n de becas y auditor\u00edas de la AGN. Seg\u00fan la Oficina de Presupuesto del Congreso, el impacto fiscal en 2025 rondar\u00eda los $1,9 billones, equivalente al 0,23% del PBI.<\/p>\n\n\n\n<p>La ley de emergencia pedi\u00e1trica busca recomponer los salarios de todo el personal del \u00e1rea de salud infantil, elimina el Impuesto a las Ganancias sobre guardias y horas extras, habilita compras directas de insumos esenciales y garantiza el financiamiento con fondos de contingencia y reservas. Tambi\u00e9n fortalece el sistema de residencias m\u00e9dicas, una de las demandas centrales del sector.<\/p>\n\n\n\n<h3 class=\"wp-block-heading\">\u201cR\u00e9cord de insensibilidad\u201d y cruces entre bloques<\/h3>\n\n\n\n<p>En el tramo final del debate, Eduardo Vischi (UCR &#8211; Corrientes) critic\u00f3 la postura oficial con un discurso duro: habl\u00f3 de un \u201cr\u00e9cord de insensibilidad\u201d del Gobierno y sostuvo que \u201cpriorizan las matem\u00e1ticas y no entienden c\u00f3mo hacer para equilibrar las cuentas p\u00fablicas y no dejar a la deriva a sectores vulnerables\u201d.<\/p>\n\n\n\n<p>El jefe de la bancada de Uni\u00f3n por la Patria, Jos\u00e9 Mayans (Formosa), asegur\u00f3 que \u201cel problema est\u00e1 en el programa econ\u00f3mico, que ya fracas\u00f3\u201d. \u201cEl plan econ\u00f3mico del Gobierno es un verdadero desastre y una angustia para todos los argentinos\u201d, afirm\u00f3.<\/p>\n\n\n\n<p>Desde el oficialismo, el jefe del bloque libertario, Ezequiel Atauche (Jujuy), acus\u00f3 al kirchnerismo de \u201cusar causas nobles para ara\u00f1ar alg\u00fan votito m\u00e1s\u201d. \u201cEsto es la utilizaci\u00f3n pol\u00edtica de la salud de los ni\u00f1os, ya que el Hospital Garrahan tuvo un 274% de aumento en su presupuesto, pero cuando se estaba por llegar a un acuerdo salarial el kirchnerismo y los gremios dijeron no para poder utilizar un tema noble como bandera electoral\u201d, sostuvo.<\/p>\n","protected":false},"excerpt":{"rendered":"<p>Fue por amplia mayor\u00eda: 59 votos a favor y 7 en contra, todos de La Libertad Avanza. De esta forma,<\/p>\n","protected":false},"author":2,"featured_media":184133,"comment_status":"closed","ping_status":"closed","sticky":false,"template":"","format":"standard","meta":{"_jetpack_memberships_contains_paid_content":false,"footnotes":""},"categories":[6,1],"tags":[],"class_list":["post-184132","post","type-post","status-publish","format-standard","has-post-thumbnail","hentry","category-nacionales","category-portada"],"jetpack_featured_media_url":"https:\/\/i0.wp.com\/cdnoticias.com\/wp-content\/uploads\/2025\/10\/senado-leyes.jpg?fit=890%2C554&ssl=1","jetpack_sharing_enabled":true,"_links":{"self":[{"href":"https:\/\/cdnoticias.com\/index.php\/wp-json\/wp\/v2\/posts\/184132","targetHints":{"allow":["GET"]}}],"collection":[{"href":"https:\/\/cdnoticias.com\/index.php\/wp-json\/wp\/v2\/posts"}],"about":[{"href":"https:\/\/cdnoticias.com\/index.php\/wp-json\/wp\/v2\/types\/post"}],"author":[{"embeddable":true,"href":"https:\/\/cdnoticias.com\/index.php\/wp-json\/wp\/v2\/users\/2"}],"replies":[{"embeddable":true,"href":"https:\/\/cdnoticias.com\/index.php\/wp-json\/wp\/v2\/comments?post=184132"}],"version-history":[{"count":0,"href":"https:\/\/cdnoticias.com\/index.php\/wp-json\/wp\/v2\/posts\/184132\/revisions"}],"wp:featuredmedia":[{"embeddable":true,"href":"https:\/\/cdnoticias.com\/index.php\/wp-json\/wp\/v2\/media\/184133"}],"wp:attachment":[{"href":"https:\/\/cdnoticias.com\/index.php\/wp-json\/wp\/v2\/media?parent=184132"}],"wp:term":[{"taxonomy":"category","embeddable":true,"href":"https:\/\/cdnoticias.com\/index.php\/wp-json\/wp\/v2\/categories?post=184132"},{"taxonomy":"post_tag","embeddable":true,"href":"https:\/\/cdnoticias.com\/index.php\/wp-json\/wp\/v2\/tags?post=184132"}],"curies":[{"name":"wp","href":"https:\/\/api.w.org\/{rel}","templated":true}]}}