{"id":18413,"date":"2021-04-09T19:42:19","date_gmt":"2021-04-09T22:42:19","guid":{"rendered":"http:\/\/www.centraldenoticias.com.ar\/?p=18413"},"modified":"2021-04-09T19:42:19","modified_gmt":"2021-04-09T22:42:19","slug":"diego-robbiani-coincidimos-en-que-la-toma-no-es-la-forma","status":"publish","type":"post","link":"https:\/\/cdnoticias.com\/index.php\/2021\/04\/09\/diego-robbiani-coincidimos-en-que-la-toma-no-es-la-forma\/","title":{"rendered":"Diego Robbiani: \u201ccoincidimos en que la toma no es la forma\u201d"},"content":{"rendered":"<p>El funcionario municipal coincidi\u00f3 con los dichos del subsecretario Pascolini y adelant\u00f3 la participaci\u00f3n en la Mesa de Trabajo. Adem\u00e1s, dijo que \u201cson tierras que no est\u00e1n en condiciones habitables, son muy bajas\u201d.\u00a0<!--more--><\/p>\n<hr \/>\n<p>Al t\u00e9rmino del<a href=\"https:\/\/cdnoticias.com\/index.php\/2021\/04\/09\/la-ocupacion-de-tierras-creemos-que-es-un-camino-equivocado\/\" target=\"_blank\" rel=\"noopener\"> funcionario provincial Rub\u00e9n Pascolini junto a Federico Aguilera<\/a>, <strong>quien tom\u00f3 postura fue el Municipio en voz de Diego Robbiani, secretario de Desarrollo Humano y Calidad de Vida, quien coincidi\u00f3 en la postura provincial y explic\u00f3 los trabajos realizados por la comuna con este caso.<\/strong><\/p>\n<p>&nbsp;<\/p>\n<p>Valor\u00f3 el encuentro como <em>\u201cuna buena reuni\u00f3n, la celebramos\u201d<\/em> y dijo que <em>\u201ces muy bueno que se acerquen de Provincia a tratar de, en conjunto, comience a trabajar en la soluci\u00f3n de un problema hist\u00f3rico que no s\u00f3lo tiene Olavarr\u00eda sino la Provincia y el pa\u00eds\u201d.<\/em><\/p>\n<p>&nbsp;<\/p>\n<p>En este caso en particular el acuerdo <em>\u201cfundamental\u201d<\/em> es que <strong><em>\u201ccoincidimos en que la toma no es la forma de llevar a cabo este tipo de reclamos\u201d<\/em>.<\/strong> Admiti\u00f3 la existencia de una orden de desalojo y<em> \u201ccomo consecuencia de la resoluci\u00f3n del Juez de Garant\u00edas y la reuni\u00f3n pautada para el pr\u00f3ximo martes con la Defensor\u00eda del Pueblo establecimos algunos criterios de trabajo para con las familias que est\u00e1n hoy en el sector del barrio Lourdes ocupando tierras\u201d.<\/em><\/p>\n<p>&nbsp;<\/p>\n<p><img data-recalc-dims=\"1\" loading=\"lazy\" decoding=\"async\" class=\"alignnone size-full wp-image-18407\" src=\"https:\/\/i0.wp.com\/cdnoticias.com\/wp-content\/uploads\/2021\/04\/diego-robbiani-municipio1.jpg?resize=800%2C533&#038;ssl=1\" alt=\"\" width=\"800\" height=\"533\" srcset=\"https:\/\/i0.wp.com\/cdnoticias.com\/wp-content\/uploads\/2021\/04\/diego-robbiani-municipio1.jpg?w=1152&amp;ssl=1 1152w, https:\/\/i0.wp.com\/cdnoticias.com\/wp-content\/uploads\/2021\/04\/diego-robbiani-municipio1.jpg?resize=300%2C200&amp;ssl=1 300w, https:\/\/i0.wp.com\/cdnoticias.com\/wp-content\/uploads\/2021\/04\/diego-robbiani-municipio1.jpg?resize=768%2C512&amp;ssl=1 768w, https:\/\/i0.wp.com\/cdnoticias.com\/wp-content\/uploads\/2021\/04\/diego-robbiani-municipio1.jpg?resize=1024%2C683&amp;ssl=1 1024w, https:\/\/i0.wp.com\/cdnoticias.com\/wp-content\/uploads\/2021\/04\/diego-robbiani-municipio1.jpg?resize=272%2C182&amp;ssl=1 272w\" sizes=\"auto, (max-width: 800px) 100vw, 800px\" \/><\/p>\n<p>&nbsp;<\/p>\n<p>Admiti\u00f3 que el problema es que <strong><em>\u201cson tierras que hoy no est\u00e1n en condiciones habitables por lo bajas que son, el estado en el que se encuentra y es imposible levantar una vivienda en ese lugar\u201d<\/em><\/strong>. Agreg\u00f3, tambi\u00e9n, que <em>\u201csi bien tenemos un criterio de selecci\u00f3n de trabajo con la Direcci\u00f3n de Tierras para las familias que tengan demanda social, sin perjuicio de ello esas tierras no est\u00e1n habitadas\u201d.<\/em><\/p>\n<p>&nbsp;<\/p>\n<p>Con respecto a su versi\u00f3n de los hechos con la toma, <em>\u201c<strong>hubo contacto al inicio y al otro d\u00eda decidimos hacer la denuncia penal porque entendemos que la toma no es el m\u00e9todo<\/strong> y ac\u00e1 hay un trabajo de fondo que se viene haciendo con Desarrollo Social. Gran parte de esas familias las tenemos relevadas, algunas no est\u00e1n dentro del sistema social lo cual nos parece raro y tenemos que evaluarlo la semana que viene\u201d.<\/em><\/p>\n<p>&nbsp;<\/p>\n<blockquote><p>Seg\u00fan los datos solicitados por el Juez de Garant\u00edas, \u201cson 18 familias las que est\u00e1n en estas condiciones, y la gran mayor\u00eda no tienen censo previo\u201d.<\/p><\/blockquote>\n<p>&nbsp;<\/p>\n<p>Finalmente, Robbiani reflexion\u00f3 y dijo que <em>\u201ces un tema profundo, dado que tierras hay en todo el partido de Olavarr\u00eda\u201d<\/em>. Sin embargo, <strong><em>\u201cque puedan ser habitadas y tengan condiciones t\u00e9cnicas son muy pocas\u201d.<\/em> <\/strong>Se\u00f1al\u00f3 que est\u00e1n <em>\u201ca la espera\u201d<\/em> de una aprobaci\u00f3n en Provincia para extender la planta urbana. <em>\u201cSe lo planteamos al secretario de H\u00e1bitat de la Provincia porque no podemos esperar m\u00e1s\u201d<\/em> cerr\u00f3.<\/p>\n","protected":false},"excerpt":{"rendered":"<p>El funcionario municipal coincidi\u00f3 con los dichos del subsecretario Pascolini y adelant\u00f3 la participaci\u00f3n en la Mesa de Trabajo. Adem\u00e1s,<\/p>\n","protected":false},"author":2,"featured_media":18406,"comment_status":"closed","ping_status":"closed","sticky":false,"template":"","format":"standard","meta":{"_jetpack_memberships_contains_paid_content":false,"footnotes":""},"categories":[4,1],"tags":[],"class_list":["post-18413","post","type-post","status-publish","format-standard","has-post-thumbnail","hentry","category-politica","category-portada"],"jetpack_featured_media_url":"https:\/\/i0.wp.com\/cdnoticias.com\/wp-content\/uploads\/2021\/04\/diego-robbiani-municipio.jpg?fit=1152%2C768&ssl=1","jetpack_sharing_enabled":true,"_links":{"self":[{"href":"https:\/\/cdnoticias.com\/index.php\/wp-json\/wp\/v2\/posts\/18413","targetHints":{"allow":["GET"]}}],"collection":[{"href":"https:\/\/cdnoticias.com\/index.php\/wp-json\/wp\/v2\/posts"}],"about":[{"href":"https:\/\/cdnoticias.com\/index.php\/wp-json\/wp\/v2\/types\/post"}],"author":[{"embeddable":true,"href":"https:\/\/cdnoticias.com\/index.php\/wp-json\/wp\/v2\/users\/2"}],"replies":[{"embeddable":true,"href":"https:\/\/cdnoticias.com\/index.php\/wp-json\/wp\/v2\/comments?post=18413"}],"version-history":[{"count":0,"href":"https:\/\/cdnoticias.com\/index.php\/wp-json\/wp\/v2\/posts\/18413\/revisions"}],"wp:featuredmedia":[{"embeddable":true,"href":"https:\/\/cdnoticias.com\/index.php\/wp-json\/wp\/v2\/media\/18406"}],"wp:attachment":[{"href":"https:\/\/cdnoticias.com\/index.php\/wp-json\/wp\/v2\/media?parent=18413"}],"wp:term":[{"taxonomy":"category","embeddable":true,"href":"https:\/\/cdnoticias.com\/index.php\/wp-json\/wp\/v2\/categories?post=18413"},{"taxonomy":"post_tag","embeddable":true,"href":"https:\/\/cdnoticias.com\/index.php\/wp-json\/wp\/v2\/tags?post=18413"}],"curies":[{"name":"wp","href":"https:\/\/api.w.org\/{rel}","templated":true}]}}