{"id":184129,"date":"2025-10-02T19:54:54","date_gmt":"2025-10-02T22:54:54","guid":{"rendered":"https:\/\/cdnoticias.com\/?p=184129"},"modified":"2025-10-03T08:17:14","modified_gmt":"2025-10-03T11:17:14","slug":"tres-detenidos-e-indagatorias-en-la-causa-por-millonarias-estafas-a-la-cooperativa-electrica-de-azul","status":"publish","type":"post","link":"https:\/\/cdnoticias.com\/index.php\/2025\/10\/02\/tres-detenidos-e-indagatorias-en-la-causa-por-millonarias-estafas-a-la-cooperativa-electrica-de-azul\/","title":{"rendered":"Tres detenidos e indagatorias en la causa por millonarias estafas a la Cooperativa El\u00e9ctrica de Azul"},"content":{"rendered":"\n<p>Est\u00e1n acusados de \u201casociaci\u00f3n il\u00edcita\u201d, \u201cfalsedad ideol\u00f3gica de documento privado y uso de documento falso\u201d y reiteradas \u201cestafas\u201d. Hay un cuarto imputado que est\u00e1 pr\u00f3fugo. La causa es llevada adelante por la fiscal Paula Serrano.<\/p>\n\n\n\n<hr class=\"wp-block-separator aligncenter has-alpha-channel-opacity\"\/>\n\n\n\n<p><em>Informaci\u00f3n: Diario El Tiempo<\/em><\/p>\n\n\n\n<p>Durante la ma\u00f1ana de este jueves se llevaron adelante las <strong>declaraciones indagatorias de los tres detenidos en el marco de la investigaci\u00f3n por maniobras de defraudaci\u00f3n cometidas en perjuicio de la Cooperativa El\u00e9ctrica de Azul Limitada (CEAL), causa en la que tambi\u00e9n hay un cuarto imputado que permanece pr\u00f3fugo. <\/strong>Las audiencias comenzaron en la sede de la Unidad Funcional de Instrucci\u00f3n N\u00ba 6<strong>, a cargo de la fiscal Paula Serrano, quien hab\u00eda solicitado las medidas cautelares que se hicieron efectivas el mi\u00e9rcoles por la tarde mediante procedimientos policiales desarrollados por la DDI Azul.<\/strong><\/p>\n\n\n\n<p>Las \u00f3rdenes de detenci\u00f3n fueron dispuestas por el Juzgado de Garant\u00edas N\u00ba 2, a cargo del magistrado Federico Barberena, luego de evaluar el <strong>\u201cextenso caudal probatorio\u201d reunido por la fiscal\u00eda. La investigaci\u00f3n se origin\u00f3 a partir de una auditor\u00eda interna realizada por la CEAL a comienzos de este a\u00f1o, que permiti\u00f3 detectar irregularidades y dar inicio a la causa penal.<\/strong><\/p>\n\n\n\n<p>Los detenidos fueron identificados como <strong>Neefer Eduardo \u201cGallego\u201d Gonz\u00e1lez, Mat\u00edas Horacio Rosas y Mar\u00eda Laura Calandra. Gonz\u00e1lez, comerciante y propietario de una helader\u00eda ubicada en la esquina de Avenida Mitre y Espa\u00f1a, fue arrestado en ese mismo local. Calandra fue aprehendida en un edificio c\u00e9ntrico de Azul, sobre San Mart\u00edn entre 25 de Mayo y Moreno, cuando llegaba al departamento que comparte con Rosas. Este \u00faltimo fue detenido en una quinta en las afueras de la ciudad, cerca del \u201cCamino Viejo a Tandil\u201d.<\/strong><\/p>\n\n\n\n<p><strong>El cuarto investigado es Mario Miguel Garavelli, tambi\u00e9n comerciante. Su detenci\u00f3n fue ordenada, pero hasta la ma\u00f1ana de este jueves no hab\u00eda podido ser localizado.<\/strong> Su defensa qued\u00f3 en manos del abogado Luciano Di Pietro, quien present\u00f3 ante el Juzgado de Garant\u00edas un pedido de eximici\u00f3n de prisi\u00f3n que deber\u00e1 resolverse en las pr\u00f3ximas horas.<\/p>\n\n\n\n<blockquote class=\"wp-block-quote is-layout-flow wp-block-quote-is-layout-flow\">\n<p>En paralelo, la pareja de empleados de la CEAL est\u00e1 patrocinada por la abogada Mar\u00eda Fernanda Gim\u00e9nez, quien present\u00f3 un pedido de excarcelaci\u00f3n extraordinaria para Calandra, argumentando su condici\u00f3n de madre de hijos peque\u00f1os.<\/p>\n<\/blockquote>\n\n\n\n<p>Durante la ma\u00f1ana, Gonz\u00e1lez fue el primero en presentarse a declaraci\u00f3n indagatoria conforme al art\u00edculo 308 del C\u00f3digo Procesal Penal. Asistido por la defensora oficial Mariana Mocciaro, opt\u00f3 por no declarar.<\/p>\n\n\n\n<p><strong>La causa imputa a los cuatro investigados los delitos de \u201casociaci\u00f3n il\u00edcita\u201d, \u201cfalsedad ideol\u00f3gica de documento privado y uso de documento falso\u201d y reiteradas \u201cestafas\u201d.<\/strong> Seg\u00fan la acusaci\u00f3n, Mat\u00edas Horacio Rosas \u2014quien era responsable del \u00e1rea de Facturaci\u00f3n de la CEAL\u2014 actuaba como jefe de la organizaci\u00f3n. Junto con su pareja, Mar\u00eda Laura Calandra \u2014empleada en Recursos Humanos de la Cooperativa\u2014 habr\u00edan montado un mecanismo que consist\u00eda en fraguar pagos de facturas de luz y agua de usuarios, en su mayor\u00eda comerciantes, para apropiarse de los montos abonados.<\/p>\n\n\n\n<p>Entre mayo de 2023 y febrero de 2024, <strong>\u201cMar\u00eda Laura Calandra, Mat\u00edas Horacio Rosas, Mario Miguel Garavelli y Neefer Eduardo Gonz\u00e1lez, previo acuerdo de voluntades, tomaron parte en una asociaci\u00f3n destinada indistinta y mancomunadamente a organizar de manera coordinada y a trav\u00e9s de la divisi\u00f3n de tareas el cobro de facturas de energ\u00eda el\u00e9ctrica y servicio de agua de red a un gran n\u00famero de usuarios de la Cooperativa El\u00e9ctrica de Azul Limitada en beneficio propio, al apropiarse ileg\u00edtimamente de la totalidad de los montos percibidos, ascendiendo el beneficio a la suma aproximada de ciento sesenta millones de pesos ($160.000.000)\u201d, se\u00f1ala la resoluci\u00f3n judicial que orden\u00f3 las detenciones.<\/strong><\/p>\n\n\n\n<p>De acuerdo con la imputaci\u00f3n, <strong>Calandra ofrec\u00eda \u201cfalsos descuentos\u201d a los usuarios, mientras Rosas creaba \u201cnotas de cr\u00e9dito\u201d en el sistema y generaba \u201ctickets de pago falsos que imitaban al original que emit\u00eda la CEAL\u201d, <\/strong>vali\u00e9ndose de sus claves de acceso y de los permisos de su cargo. El dinero era recibido \u201cgeneralmente en efectivo\u201d y en otros casos \u201cv\u00eda transferencia\u201d, pero nunca se ingresaba a las cuentas de la Cooperativa.<\/p>\n\n\n\n<p>A partir de agosto de 2024, <strong>a estas maniobras se sumaron los comerciantes Gonz\u00e1lez y Garavelli. <\/strong>Seg\u00fan la acusaci\u00f3n, con la \u201ccolaboraci\u00f3n imprescindible\u201d de ambos, comenzaron a ofrecer \u201cdescuentos especiales\u201d a otros comerciantes, recaudar los pagos y entregarlos a Calandra.<\/p>\n\n\n\n<p><strong>Las maniobras no solo generaron un perjuicio econ\u00f3mico a la Cooperativa, sino tambi\u00e9n a los usuarios involucrados, que debieron abonar nuevamente las facturas para evitar cortes del servicio una vez descubierto el ardid. <\/strong>En la causa se detalla adem\u00e1s que Gonz\u00e1lez y Garavelli se beneficiaron \u201ccon porcentajes indeterminados y variables de los montos recaudados\u201d y con \u201cel pago o anulaci\u00f3n en sistema a trav\u00e9s de notas de cr\u00e9dito\u201d de sus propias facturas comerciales y domiciliarias.<\/p>\n","protected":false},"excerpt":{"rendered":"<p>Est\u00e1n acusados de \u201casociaci\u00f3n il\u00edcita\u201d, \u201cfalsedad ideol\u00f3gica de documento privado y uso de documento falso\u201d y reiteradas \u201cestafas\u201d. Hay un<\/p>\n","protected":false},"author":2,"featured_media":184130,"comment_status":"closed","ping_status":"closed","sticky":false,"template":"","format":"standard","meta":{"_jetpack_memberships_contains_paid_content":false,"footnotes":""},"categories":[14,1],"tags":[],"class_list":["post-184129","post","type-post","status-publish","format-standard","has-post-thumbnail","hentry","category-policiales","category-portada"],"jetpack_featured_media_url":"https:\/\/i0.wp.com\/cdnoticias.com\/wp-content\/uploads\/2025\/10\/ddi-azul-ceal.jpg?fit=945%2C531&ssl=1","jetpack_sharing_enabled":true,"_links":{"self":[{"href":"https:\/\/cdnoticias.com\/index.php\/wp-json\/wp\/v2\/posts\/184129","targetHints":{"allow":["GET"]}}],"collection":[{"href":"https:\/\/cdnoticias.com\/index.php\/wp-json\/wp\/v2\/posts"}],"about":[{"href":"https:\/\/cdnoticias.com\/index.php\/wp-json\/wp\/v2\/types\/post"}],"author":[{"embeddable":true,"href":"https:\/\/cdnoticias.com\/index.php\/wp-json\/wp\/v2\/users\/2"}],"replies":[{"embeddable":true,"href":"https:\/\/cdnoticias.com\/index.php\/wp-json\/wp\/v2\/comments?post=184129"}],"version-history":[{"count":0,"href":"https:\/\/cdnoticias.com\/index.php\/wp-json\/wp\/v2\/posts\/184129\/revisions"}],"wp:featuredmedia":[{"embeddable":true,"href":"https:\/\/cdnoticias.com\/index.php\/wp-json\/wp\/v2\/media\/184130"}],"wp:attachment":[{"href":"https:\/\/cdnoticias.com\/index.php\/wp-json\/wp\/v2\/media?parent=184129"}],"wp:term":[{"taxonomy":"category","embeddable":true,"href":"https:\/\/cdnoticias.com\/index.php\/wp-json\/wp\/v2\/categories?post=184129"},{"taxonomy":"post_tag","embeddable":true,"href":"https:\/\/cdnoticias.com\/index.php\/wp-json\/wp\/v2\/tags?post=184129"}],"curies":[{"name":"wp","href":"https:\/\/api.w.org\/{rel}","templated":true}]}}