{"id":184110,"date":"2025-10-02T18:40:57","date_gmt":"2025-10-02T21:40:57","guid":{"rendered":"https:\/\/cdnoticias.com\/?p=184110"},"modified":"2025-10-02T18:40:58","modified_gmt":"2025-10-02T21:40:58","slug":"consejo-escolar-convoca-a-acto-publico-para-designar-auxiliares-temporarios","status":"publish","type":"post","link":"https:\/\/cdnoticias.com\/index.php\/2025\/10\/02\/consejo-escolar-convoca-a-acto-publico-para-designar-auxiliares-temporarios\/","title":{"rendered":"Consejo Escolar convoca a acto p\u00fablico para designar auxiliares temporarios"},"content":{"rendered":"\n<p>La jornada ser\u00e1 el martes 7 de octubre a las 9:30 en el SUM de la Escuela Primaria N\u00b0 17. Se cubrir\u00e1n cargos de porteros en CEAT N\u00b01 y CEC N\u00b0803.<\/p>\n\n\n\n<hr class=\"wp-block-separator aligncenter has-alpha-channel-opacity\"\/>\n\n\n\n<p>El Consejo Escolar inform\u00f3 que <strong>el martes 7 de octubre de 2025, a las 9:30, se realizar\u00e1 un acto p\u00fablico presencial en el SUM de la Escuela Primaria N\u00b0 17, ubicada en Alsina 2417.<\/strong><\/p>\n\n\n\n<p>El procedimiento corresponde a la<strong> designaci\u00f3n de personal auxiliar temporario transitorio, con reemplazantes incluidos en el listado b\u00e1sico 2023\/2024.<\/strong><\/p>\n\n\n\n<p>Hasta el lunes 6 de octubre, a las 12 horas,<strong> se podr\u00e1n solicitar cambios de establecimiento. Los interesados deber\u00e1n presentar una nota junto con fotocopia de DNI y fotocopia de COULI.<\/strong><\/p>\n\n\n\n<p>Los cargos a designar son los siguientes:<\/p>\n\n\n\n<p>CEAT N\u00b01, domicilio Laprida 2015. Cargo: portero\/a. Horario: 7:30 a 13:30.<\/p>\n\n\n\n<p>CEC N\u00b0803, domicilio Sierra Chica. Cargo: portero\/a. Horario: 11:00 a 17:00.<\/p>\n","protected":false},"excerpt":{"rendered":"<p>La jornada ser\u00e1 el martes 7 de octubre a las 9:30 en el SUM de la Escuela Primaria N\u00b0 17.<\/p>\n","protected":false},"author":2,"featured_media":113129,"comment_status":"closed","ping_status":"closed","sticky":false,"template":"","format":"standard","meta":{"_jetpack_memberships_contains_paid_content":false,"footnotes":""},"categories":[5],"tags":[],"class_list":["post-184110","post","type-post","status-publish","format-standard","has-post-thumbnail","hentry","category-informacion-general"],"jetpack_featured_media_url":"https:\/\/i0.wp.com\/cdnoticias.com\/wp-content\/uploads\/2024\/04\/consejo-escolar.jpg?fit=1029%2C656&ssl=1","jetpack_sharing_enabled":true,"_links":{"self":[{"href":"https:\/\/cdnoticias.com\/index.php\/wp-json\/wp\/v2\/posts\/184110","targetHints":{"allow":["GET"]}}],"collection":[{"href":"https:\/\/cdnoticias.com\/index.php\/wp-json\/wp\/v2\/posts"}],"about":[{"href":"https:\/\/cdnoticias.com\/index.php\/wp-json\/wp\/v2\/types\/post"}],"author":[{"embeddable":true,"href":"https:\/\/cdnoticias.com\/index.php\/wp-json\/wp\/v2\/users\/2"}],"replies":[{"embeddable":true,"href":"https:\/\/cdnoticias.com\/index.php\/wp-json\/wp\/v2\/comments?post=184110"}],"version-history":[{"count":0,"href":"https:\/\/cdnoticias.com\/index.php\/wp-json\/wp\/v2\/posts\/184110\/revisions"}],"wp:featuredmedia":[{"embeddable":true,"href":"https:\/\/cdnoticias.com\/index.php\/wp-json\/wp\/v2\/media\/113129"}],"wp:attachment":[{"href":"https:\/\/cdnoticias.com\/index.php\/wp-json\/wp\/v2\/media?parent=184110"}],"wp:term":[{"taxonomy":"category","embeddable":true,"href":"https:\/\/cdnoticias.com\/index.php\/wp-json\/wp\/v2\/categories?post=184110"},{"taxonomy":"post_tag","embeddable":true,"href":"https:\/\/cdnoticias.com\/index.php\/wp-json\/wp\/v2\/tags?post=184110"}],"curies":[{"name":"wp","href":"https:\/\/api.w.org\/{rel}","templated":true}]}}