{"id":184005,"date":"2025-10-01T15:20:52","date_gmt":"2025-10-01T18:20:52","guid":{"rendered":"https:\/\/cdnoticias.com\/?p=184005"},"modified":"2025-10-01T18:17:35","modified_gmt":"2025-10-01T21:17:35","slug":"otra-vez-hay-demoras-en-la-entrega-de-licencias-de-conducir-por-falta-de-insumos-a-nivel-nacional","status":"publish","type":"post","link":"https:\/\/cdnoticias.com\/index.php\/2025\/10\/01\/otra-vez-hay-demoras-en-la-entrega-de-licencias-de-conducir-por-falta-de-insumos-a-nivel-nacional\/","title":{"rendered":"Otra vez hay demoras en la entrega de licencias de conducir por falta de insumos a nivel nacional"},"content":{"rendered":"\n<p>El Municipio inform\u00f3 que la Agencia Nacional de Seguridad Vial volvi\u00f3 a registrar retrasos en el env\u00edo, lo que afecta tambi\u00e9n a Olavarr\u00eda.<\/p>\n\n\n\n<hr class=\"wp-block-separator aligncenter has-alpha-channel-opacity\"\/>\n\n\n\n<p>El Municipio de Olavarr\u00eda comunic\u00f3 que <strong>actualmente se registran demoras en la entrega de licencias de conducir debido a un nuevo retraso por parte de la Agencia Nacional de Seguridad Vial (ANSV) en el env\u00edo de insumos.<\/strong> La situaci\u00f3n se mantiene desde hace varios d\u00edas y, por el momento, <strong>no hay precisiones acerca de cu\u00e1ndo podr\u00eda normalizarse.<\/strong><\/p>\n\n\n\n<p>Desde la Direcci\u00f3n de Licencias de Conducir explicaron que<strong> la oficina local funciona con normalidad en lo que respecta a la gesti\u00f3n de turnos, atenci\u00f3n y respuesta a los distintos tr\u00e1mites.<\/strong> <\/p>\n\n\n\n<blockquote class=\"wp-block-quote is-layout-flow wp-block-quote-is-layout-flow\">\n<p>Sin embargo, el inconveniente se presenta al momento de la impresi\u00f3n y entrega de las licencias, ya que el faltante de insumos impide completar esa etapa del proceso.<\/p>\n<\/blockquote>\n\n\n\n<p><strong>La situaci\u00f3n se replica en toda la provincia de Buenos Aires. <\/strong>Por ese motivo, el Ministerio de Transporte bonaerense, a trav\u00e9s de la Direcci\u00f3n Provincial de Licencias de Conducir y Antecedentes de Tr\u00e1nsito, prorrog\u00f3 la Resoluci\u00f3n 198\/25. <strong>Esta medida habilita a las personas que hayan completado la renovaci\u00f3n a circular con un certificado de habilitaci\u00f3n, que se entrega al momento de renovar o gestionar la licencia por primera vez<\/strong>.<\/p>\n\n\n\n<p>Para consultas o informaci\u00f3n, se recuerda que<strong> la oficina local atiende de lunes a viernes, de 7 a 14 horas, en San Mart\u00edn 2522. Adem\u00e1s, est\u00e1 disponible la l\u00ednea de WhatsApp 2284 695804.<\/strong><\/p>\n","protected":false},"excerpt":{"rendered":"<p>El Municipio inform\u00f3 que la Agencia Nacional de Seguridad Vial volvi\u00f3 a registrar retrasos en el env\u00edo, lo que afecta<\/p>\n","protected":false},"author":2,"featured_media":111931,"comment_status":"closed","ping_status":"closed","sticky":false,"template":"","format":"standard","meta":{"_jetpack_memberships_contains_paid_content":false,"footnotes":""},"categories":[5,1],"tags":[],"class_list":["post-184005","post","type-post","status-publish","format-standard","has-post-thumbnail","hentry","category-informacion-general","category-portada"],"jetpack_featured_media_url":"https:\/\/i0.wp.com\/cdnoticias.com\/wp-content\/uploads\/2024\/03\/Licencias-de-Conducir-1-1024x681-1.jpg?fit=800%2C445&ssl=1","jetpack_sharing_enabled":true,"_links":{"self":[{"href":"https:\/\/cdnoticias.com\/index.php\/wp-json\/wp\/v2\/posts\/184005","targetHints":{"allow":["GET"]}}],"collection":[{"href":"https:\/\/cdnoticias.com\/index.php\/wp-json\/wp\/v2\/posts"}],"about":[{"href":"https:\/\/cdnoticias.com\/index.php\/wp-json\/wp\/v2\/types\/post"}],"author":[{"embeddable":true,"href":"https:\/\/cdnoticias.com\/index.php\/wp-json\/wp\/v2\/users\/2"}],"replies":[{"embeddable":true,"href":"https:\/\/cdnoticias.com\/index.php\/wp-json\/wp\/v2\/comments?post=184005"}],"version-history":[{"count":0,"href":"https:\/\/cdnoticias.com\/index.php\/wp-json\/wp\/v2\/posts\/184005\/revisions"}],"wp:featuredmedia":[{"embeddable":true,"href":"https:\/\/cdnoticias.com\/index.php\/wp-json\/wp\/v2\/media\/111931"}],"wp:attachment":[{"href":"https:\/\/cdnoticias.com\/index.php\/wp-json\/wp\/v2\/media?parent=184005"}],"wp:term":[{"taxonomy":"category","embeddable":true,"href":"https:\/\/cdnoticias.com\/index.php\/wp-json\/wp\/v2\/categories?post=184005"},{"taxonomy":"post_tag","embeddable":true,"href":"https:\/\/cdnoticias.com\/index.php\/wp-json\/wp\/v2\/tags?post=184005"}],"curies":[{"name":"wp","href":"https:\/\/api.w.org\/{rel}","templated":true}]}}