{"id":183991,"date":"2025-10-01T15:31:02","date_gmt":"2025-10-01T18:31:02","guid":{"rendered":"https:\/\/cdnoticias.com\/?p=183991"},"modified":"2025-10-01T15:31:05","modified_gmt":"2025-10-01T18:31:05","slug":"un-proyecto-interdisciplinario-de-facso-presente-en-el-congreso-educativo-regional","status":"publish","type":"post","link":"https:\/\/cdnoticias.com\/index.php\/2025\/10\/01\/un-proyecto-interdisciplinario-de-facso-presente-en-el-congreso-educativo-regional\/","title":{"rendered":"Un proyecto interdisciplinario de FACSO presente en el Congreso Educativo Regional"},"content":{"rendered":"<p>Una propuesta de Pr\u00e1cticas Socioeducativas que articula la arqueolog\u00eda con la m\u00fasica fue invitada a ser parte del encuentro desarrollado en Olavarr\u00eda. Participan estudiantes y docentes universitarios y de los niveles primario, secundario y terciario.<!--more--><\/p>\n<hr \/>\n<p>El <strong>equipo de docentes y estudiantes<\/strong> que coordina la <strong>Pr\u00e1ctica Socioeducativa (PSE) \u201cSonando con el tiempo\u201d de la Facultad de Ciencias Sociales (UNICEN)<\/strong>, form\u00f3 parte de una de las <strong>mesas de trabajo del III Congreso Educativo Regional<\/strong> <a href=\"https:\/\/cdnoticias.com\/index.php\/2025\/09\/08\/tercer-congreso-educativo-regional-propuestas-variadas-durante-tres-dias\/\" target=\"_blank\" rel=\"noopener\">que se desarroll\u00f3 d\u00edas atr\u00e1s en nuestra ciudad<\/a>. Asimismo, en el marco de esta misma PSE la semana pasada se llev\u00f3 adelante <strong>un encuentro en el Complejo Universitario.<\/strong><\/p>\n<p>La invitaci\u00f3n a formar parte del<strong> III Congreso Educativo Regional, con sede en el SUM de la Escuela de Educaci\u00f3n Secundaria N\u00b0 10<\/strong> de Olavarr\u00eda, tuvo como objetivo que quienes integran el proyecto <strong>relaten la experiencia interinstitucional que involucra distintos niveles educativos<\/strong>, desde inicial a universitario.<\/p>\n<p>La presentaci\u00f3n del proyecto de PSE, que <strong>se enmarca en la c\u00e1tedra Prehistoria de las carreras de Antropolog\u00eda Social y Arqueolog\u00eda de FACSO<\/strong>, se realiz\u00f3 en la <em>mesa \u201cLa educaci\u00f3n art\u00edstica en proyectos interinstitucionales: nuevas formas de pensar la ense\u00f1anza\u201d.<\/em><\/p>\n<blockquote><p>En relaci\u00f3n a la participaci\u00f3n en este Congreso, la Dra. Pamela Steffan se\u00f1al\u00f3 que fue relevante que el proyecto de PSE sea valorado en un \u00e1rea no vinculada a las Ciencias Sociales, ya que esta distinci\u00f3n tuvo una considerable repercusi\u00f3n en el \u00e1rea art\u00edstica.<\/p><\/blockquote>\n<p><img data-recalc-dims=\"1\" loading=\"lazy\" decoding=\"async\" class=\"alignnone size-full wp-image-183995 aligncenter\" src=\"https:\/\/i0.wp.com\/cdnoticias.com\/wp-content\/uploads\/2025\/10\/FACSO-Congreso-Educativo-Regional-01.jpg?resize=800%2C445&#038;ssl=1\" alt=\"\" width=\"800\" height=\"445\" srcset=\"https:\/\/i0.wp.com\/cdnoticias.com\/wp-content\/uploads\/2025\/10\/FACSO-Congreso-Educativo-Regional-01.jpg?w=1000&amp;ssl=1 1000w, https:\/\/i0.wp.com\/cdnoticias.com\/wp-content\/uploads\/2025\/10\/FACSO-Congreso-Educativo-Regional-01.jpg?resize=300%2C167&amp;ssl=1 300w, https:\/\/i0.wp.com\/cdnoticias.com\/wp-content\/uploads\/2025\/10\/FACSO-Congreso-Educativo-Regional-01.jpg?resize=768%2C427&amp;ssl=1 768w, https:\/\/i0.wp.com\/cdnoticias.com\/wp-content\/uploads\/2025\/10\/FACSO-Congreso-Educativo-Regional-01.jpg?resize=800%2C445&amp;ssl=1 800w\" sizes=\"auto, (max-width: 800px) 100vw, 800px\" \/><\/p>\n<blockquote><p>\u201cSonando con el tiempo\u201d es coordinado por las\/os docentes de la c\u00e1tedra, Dra. Pamela Steffan, Dr. Juan Manuel Rodr\u00edguez y Dra. Ana Paula Alcaraz, junto a la estudiante Jazm\u00edn Paonessa. En la propuesta de Pr\u00e1ctica Socioeducativa participan estudiantes de segundo a\u00f1o de las Licenciaturas en Antropolog\u00eda Social y Arqueolog\u00eda de la Facultad de Ciencias Sociales.<\/p><\/blockquote>\n<p>Esta PSE tiene como objetivo <strong>promover la circulaci\u00f3n de informaci\u00f3n cultural, arqueol\u00f3gica, musical e hist\u00f3rica<\/strong>, a partir del intercambio de saberes entre estudiantes de la FACSO, y de nivel primario, secundario y terciario, que tiene a la m\u00fasica en el pasado y en la actualidad como eje conductor. En este sentido, estas pr\u00e1cticas pretenden colaborar en la <strong>construcci\u00f3n de conocimiento a trav\u00e9s de la articulaci\u00f3n Universidad &#8211; Comunidad<\/strong>, basado en el aprendizaje vivencial y colaborativo.<\/p>\n<p>En el marco de la propuesta, <strong>FACSO articula con el Conservatorio de M\u00fasica \u201cErnesto Mog\u00e1vero\u201d de Olavarr\u00eda<\/strong>, a trav\u00e9s de la materia de segundo a\u00f1o Historia de la M\u00fasica I a cargo de Juan Jos\u00e9 Vilches; <strong>la Escuela Primaria N\u00b0 76<\/strong>, a trav\u00e9s de la materia M\u00fasica de cuarto grado, a cargo de Ver\u00f3nica Hoffer; la <strong>Escuela Secundaria ECEA<\/strong>, a trav\u00e9s de la materia Ciencias Sociales de primer a\u00f1o, a cargo de Blas Pandiani y la Prof. de M\u00fasica Adelina Rubino; y la <strong>Escuela Secundaria Fray Mamerto Esqui\u00fa<\/strong>, a trav\u00e9s de la materia Ciencias Sociales de primer a\u00f1o, a cargo de Anabela La Cruz.<\/p>\n<p>Asimismo, cuenta con la colaboraci\u00f3n del <strong>ceramista y escultor Mauricio D\u00b4Amico y la Agrupaci\u00f3n de Ballet Caporales<\/strong>.<\/p>\n<p>El Congreso Educativo Regional fue organizado desde la Jefatura Regional de Educaci\u00f3n y cont\u00f3 con la participaci\u00f3n de docentes y referentes educativos del centro bonaerense.<\/p>\n<h4>Arqueolog\u00eda y M\u00fasica: un encuentro que fusion\u00f3 el pasado y el presente<\/h4>\n<p>Por otra parte, el pasado <strong>viernes 19 estudiantes de la FACSO y del Conservatorio de M\u00fasica<\/strong> se reunieron en el Complejo Universitario de Olavarr\u00eda para explorar las manifestaciones musicales a trav\u00e9s del <strong>proyecto \u201cSonando con el Tiempo\u201d<\/strong>.<\/p>\n<p>La actividad reuni\u00f3 a estudiantes de FACSO que cursan la c\u00e1tedra Prehistoria con estudiantes del Conservatorio de M\u00fasica, acompa\u00f1ados por el profesor Juan Vilches. En la propuesta se llev\u00f3 adelante <strong>un encuentro l\u00fadico y reflexivo que fusion\u00f3 el estudio del pasado con la expresi\u00f3n musical actual.<\/strong><\/p>\n<p>El objetivo principal fue que presentaran sus trabajos sobre el <strong>origen de la m\u00fasica en el pasado<\/strong>. A su vez, los\/as estudiantes del Conservatorio complementaron la <strong>jornada con un an\u00e1lisis detallado de los cantos tribales e interpretaciones<\/strong>. Este intercambio de saberes demuestra c\u00f3mo el proyecto logra articular distintas disciplinas para una experiencia de aprendizaje enriquecedora.<\/p>\n","protected":false},"excerpt":{"rendered":"<p>Una propuesta de Pr\u00e1cticas Socioeducativas que articula la arqueolog\u00eda con la m\u00fasica fue invitada a ser parte del encuentro desarrollado<\/p>\n","protected":false},"author":4,"featured_media":183994,"comment_status":"closed","ping_status":"closed","sticky":false,"template":"","format":"standard","meta":{"_jetpack_memberships_contains_paid_content":false,"footnotes":""},"categories":[5,1],"tags":[],"class_list":["post-183991","post","type-post","status-publish","format-standard","has-post-thumbnail","hentry","category-informacion-general","category-portada"],"jetpack_featured_media_url":"https:\/\/i0.wp.com\/cdnoticias.com\/wp-content\/uploads\/2025\/10\/facso-Congreso-Educativo-Regional-00.jpg?fit=1000%2C556&ssl=1","jetpack_sharing_enabled":true,"_links":{"self":[{"href":"https:\/\/cdnoticias.com\/index.php\/wp-json\/wp\/v2\/posts\/183991","targetHints":{"allow":["GET"]}}],"collection":[{"href":"https:\/\/cdnoticias.com\/index.php\/wp-json\/wp\/v2\/posts"}],"about":[{"href":"https:\/\/cdnoticias.com\/index.php\/wp-json\/wp\/v2\/types\/post"}],"author":[{"embeddable":true,"href":"https:\/\/cdnoticias.com\/index.php\/wp-json\/wp\/v2\/users\/4"}],"replies":[{"embeddable":true,"href":"https:\/\/cdnoticias.com\/index.php\/wp-json\/wp\/v2\/comments?post=183991"}],"version-history":[{"count":0,"href":"https:\/\/cdnoticias.com\/index.php\/wp-json\/wp\/v2\/posts\/183991\/revisions"}],"wp:featuredmedia":[{"embeddable":true,"href":"https:\/\/cdnoticias.com\/index.php\/wp-json\/wp\/v2\/media\/183994"}],"wp:attachment":[{"href":"https:\/\/cdnoticias.com\/index.php\/wp-json\/wp\/v2\/media?parent=183991"}],"wp:term":[{"taxonomy":"category","embeddable":true,"href":"https:\/\/cdnoticias.com\/index.php\/wp-json\/wp\/v2\/categories?post=183991"},{"taxonomy":"post_tag","embeddable":true,"href":"https:\/\/cdnoticias.com\/index.php\/wp-json\/wp\/v2\/tags?post=183991"}],"curies":[{"name":"wp","href":"https:\/\/api.w.org\/{rel}","templated":true}]}}