{"id":183987,"date":"2025-10-01T13:20:23","date_gmt":"2025-10-01T16:20:23","guid":{"rendered":"https:\/\/cdnoticias.com\/?p=183987"},"modified":"2025-10-01T16:01:41","modified_gmt":"2025-10-01T19:01:41","slug":"en-el-mes-agosto-el-despacho-de-cemento-cayo-casi-6","status":"publish","type":"post","link":"https:\/\/cdnoticias.com\/index.php\/2025\/10\/01\/en-el-mes-agosto-el-despacho-de-cemento-cayo-casi-6\/","title":{"rendered":"En el mes agosto el despacho de cemento cay\u00f3 casi 6%"},"content":{"rendered":"<p>El dato surge del relevamiento de indicadores realizado desde la Secretar\u00eda de Desarrollo Econ\u00f3mico y Productivo del Municipio. En agosto se declararon 282 mil toneladas: 17 mil toneladas menos que en julio.<!--more--><\/p>\n<hr \/>\n<p><strong>Los principales indicadores econ\u00f3micos de Olavarr\u00eda siguen a la baja<\/strong>. \u201cEl Municipio de Olavarr\u00eda, a trav\u00e9s de la Secretar\u00eda de Desarrollo Econ\u00f3mico y Productivo, contin\u00faa con el <strong>relevamiento de indicadores<\/strong>, con el objetivo de contar con informaci\u00f3n actualizada y precisa acerca de la <strong>situaci\u00f3n econ\u00f3mica, productiva, industrial y comercial del Partido de Olavarr\u00eda<\/strong>. Se trata de un insumo no s\u00f3lo estad\u00edstico, sino tambi\u00e9n informativo que permite conocer el estado de situaci\u00f3n y a partir de all\u00ed poder <strong>desplegar distintas medidas y pol\u00edticas desde la comuna\u201d<\/strong> explic\u00f3 el Ejecutivo.<\/p>\n<p>Desde el \u00e1rea de Empresas e Inversiones se emiten este tipo de <strong>informes de manera frecuente<\/strong>, con un seguimiento que es llevado a cabo por personal del \u00e1rea.<\/p>\n<blockquote><p>En ese marco, se elabor\u00f3 un documento con respecto a la producci\u00f3n de cementos, el cual arroj\u00f3 como dato relevante que en el mes de agosto se registr\u00f3 en los despachos una ca\u00edda del 5,9% con respecto al mes de julio del corriente a\u00f1o.<\/p><\/blockquote>\n<blockquote class=\"wp-embedded-content\" data-secret=\"bNOgjpJUAs\"><p><a href=\"https:\/\/cdnoticias.com\/index.php\/2025\/09\/19\/baldino-estamos-en-un-periodo-de-recesion-muy-importante\/\">Baldino: \u201cestamos en un per\u00edodo de recesi\u00f3n muy importante\u201d<\/a><\/p><\/blockquote>\n<p><iframe loading=\"lazy\" class=\"wp-embedded-content\" sandbox=\"allow-scripts\" security=\"restricted\" style=\"position: absolute; visibility: hidden;\" title=\"&#8220;Baldino: \u201cestamos en un per\u00edodo de recesi\u00f3n muy importante\u201d&#8221; &#8212; Central de Noticias | Olavarr\u00eda\" src=\"https:\/\/cdnoticias.com\/index.php\/2025\/09\/19\/baldino-estamos-en-un-periodo-de-recesion-muy-importante\/embed\/#?secret=S92Wsv0oFG#?secret=bNOgjpJUAs\" data-secret=\"bNOgjpJUAs\" width=\"600\" height=\"338\" frameborder=\"0\" marginwidth=\"0\" marginheight=\"0\" scrolling=\"no\"><\/iframe><\/p>\n<blockquote><p>En el detalle se expuso que en agosto se declararon un total de 282.760 toneladas, mientras que en el mes de julio los registros hab\u00edan sido de 300.461. \u201cEl acumulado anual es de un 26% debajo del 2023 y un 7% por encima del 2024\u201d se resalt\u00f3.<\/p><\/blockquote>\n<p>Desde el Municipio se se\u00f1al\u00f3 que el dato a tener en cuenta al leer estas cifras es que, <strong>generalmente, \u201clos meses de agosto, septiembre, octubre y noviembre son los de mayor producci\u00f3n del a\u00f1o.<\/strong> Por ello, la situaci\u00f3n se torna a\u00fan <strong>m\u00e1s preocupante<\/strong> dado que en a\u00f1os anteriores era precisamente agosto el mes que marcaba el inicio de la suba en los indicadores. <em>Resta ahora culminar de relevar los datos de septiembre para ver si persiste la tendencia a la baja<\/em>\u201d.<\/p>\n<p>Otra consideraci\u00f3n a no perder de vista es que <strong>las comparativas que se realizan incorporan el a\u00f1o 2023<\/strong> porque se trata del \u00faltimo a\u00f1o en el que se mantuvo activa la obra p\u00fablica por parte del gobierno nacional, lo que permite tener un panorama m\u00e1s concreto y real de la ca\u00edda que actualmente presenta el sector productivo. <em>&#8220;Ya el 2024, con la actual gesti\u00f3n presidencial, la obra p\u00fablica estuvo completamente paralizada&#8221;<\/em> se remarc\u00f3.<\/p>\n<blockquote><p>En ese sentido, en agosto 2023 la producci\u00f3n se encontraba un 23% por encima de enero, mientras que en agosto 2025 lo est\u00e1 apenas en un 12,5%. Adem\u00e1s, con una ca\u00edda intermensual en agosto, muy similar al comportamiento 2024, que se encontraba un 12,2% por encima de enero.<\/p><\/blockquote>\n","protected":false},"excerpt":{"rendered":"<p>El dato surge del relevamiento de indicadores realizado desde la Secretar\u00eda de Desarrollo Econ\u00f3mico y Productivo del Municipio. En agosto<\/p>\n","protected":false},"author":4,"featured_media":183988,"comment_status":"closed","ping_status":"closed","sticky":false,"template":"","format":"standard","meta":{"_jetpack_memberships_contains_paid_content":false,"footnotes":""},"categories":[5,1],"tags":[],"class_list":["post-183987","post","type-post","status-publish","format-standard","has-post-thumbnail","hentry","category-informacion-general","category-portada"],"jetpack_featured_media_url":"https:\/\/i0.wp.com\/cdnoticias.com\/wp-content\/uploads\/2025\/10\/despachos-de-cemento-agosto-2025.jpg?fit=1000%2C556&ssl=1","jetpack_sharing_enabled":true,"_links":{"self":[{"href":"https:\/\/cdnoticias.com\/index.php\/wp-json\/wp\/v2\/posts\/183987","targetHints":{"allow":["GET"]}}],"collection":[{"href":"https:\/\/cdnoticias.com\/index.php\/wp-json\/wp\/v2\/posts"}],"about":[{"href":"https:\/\/cdnoticias.com\/index.php\/wp-json\/wp\/v2\/types\/post"}],"author":[{"embeddable":true,"href":"https:\/\/cdnoticias.com\/index.php\/wp-json\/wp\/v2\/users\/4"}],"replies":[{"embeddable":true,"href":"https:\/\/cdnoticias.com\/index.php\/wp-json\/wp\/v2\/comments?post=183987"}],"version-history":[{"count":0,"href":"https:\/\/cdnoticias.com\/index.php\/wp-json\/wp\/v2\/posts\/183987\/revisions"}],"wp:featuredmedia":[{"embeddable":true,"href":"https:\/\/cdnoticias.com\/index.php\/wp-json\/wp\/v2\/media\/183988"}],"wp:attachment":[{"href":"https:\/\/cdnoticias.com\/index.php\/wp-json\/wp\/v2\/media?parent=183987"}],"wp:term":[{"taxonomy":"category","embeddable":true,"href":"https:\/\/cdnoticias.com\/index.php\/wp-json\/wp\/v2\/categories?post=183987"},{"taxonomy":"post_tag","embeddable":true,"href":"https:\/\/cdnoticias.com\/index.php\/wp-json\/wp\/v2\/tags?post=183987"}],"curies":[{"name":"wp","href":"https:\/\/api.w.org\/{rel}","templated":true}]}}