{"id":183957,"date":"2025-09-30T20:25:47","date_gmt":"2025-09-30T23:25:47","guid":{"rendered":"https:\/\/cdnoticias.com\/?p=183957"},"modified":"2025-10-01T09:15:31","modified_gmt":"2025-10-01T12:15:31","slug":"la-secundaria-n-14-ya-lleva-con-orgullo-el-nombre-madres-de-malvinas","status":"publish","type":"post","link":"https:\/\/cdnoticias.com\/index.php\/2025\/09\/30\/la-secundaria-n-14-ya-lleva-con-orgullo-el-nombre-madres-de-malvinas\/","title":{"rendered":"La Secundaria N\u00b0 14 ya lleva con orgullo el nombre \u201cMadres de Malvinas\u201d"},"content":{"rendered":"\n<p>El emotivo acto de imposici\u00f3n se llev\u00f3 adelante este martes en la sede educativa. Hubo un largo proyecto institucional en el que participaron estudiantes, docentes y familias.<\/p>\n\n\n\n<hr class=\"wp-block-separator aligncenter has-alpha-channel-opacity\"\/>\n\n\n\n<p>Con una emotiva ceremonia<strong>, la comunidad educativa de la Escuela Secundaria N\u00b0 14 celebr\u00f3 el acto oficial de imposici\u00f3n de nombre, adoptando a partir de ahora la denominaci\u00f3n \u201cMadres de Malvinas\u201d.<\/strong><\/p>\n\n\n\n<figure class=\"wp-block-image size-large\"><img data-recalc-dims=\"1\" loading=\"lazy\" decoding=\"async\" width=\"800\" height=\"600\" src=\"https:\/\/i0.wp.com\/cdnoticias.com\/wp-content\/uploads\/2025\/09\/WhatsApp-Image-2025-09-30-at-20.00.26.jpeg?resize=800%2C600&#038;ssl=1\" alt=\"\" class=\"wp-image-183962\" srcset=\"https:\/\/i0.wp.com\/cdnoticias.com\/wp-content\/uploads\/2025\/09\/WhatsApp-Image-2025-09-30-at-20.00.26.jpeg?resize=1024%2C768&amp;ssl=1 1024w, https:\/\/i0.wp.com\/cdnoticias.com\/wp-content\/uploads\/2025\/09\/WhatsApp-Image-2025-09-30-at-20.00.26.jpeg?resize=300%2C225&amp;ssl=1 300w, https:\/\/i0.wp.com\/cdnoticias.com\/wp-content\/uploads\/2025\/09\/WhatsApp-Image-2025-09-30-at-20.00.26.jpeg?resize=768%2C576&amp;ssl=1 768w, https:\/\/i0.wp.com\/cdnoticias.com\/wp-content\/uploads\/2025\/09\/WhatsApp-Image-2025-09-30-at-20.00.26.jpeg?w=1280&amp;ssl=1 1280w\" sizes=\"auto, (max-width: 800px) 100vw, 800px\" \/><\/figure>\n\n\n\n<p>La decisi\u00f3n no fue casual ni apresurada:<strong> es el resultado de un largo proyecto institucional de b\u00fasqueda de identidad, en el que estudiantes, docentes y familias participaron activamente para elegir un nombre que reflejara valores compartidos y que, al mismo tiempo, enlazara a la escuela con la memoria colectiva, con la historia de nuestro pa\u00eds.<\/strong><\/p>\n\n\n\n<figure class=\"wp-block-image size-large\"><img data-recalc-dims=\"1\" loading=\"lazy\" decoding=\"async\" width=\"768\" height=\"1024\" src=\"https:\/\/i0.wp.com\/cdnoticias.com\/wp-content\/uploads\/2025\/09\/WhatsApp-Image-2025-09-30-at-20.00.18.jpeg?resize=768%2C1024&#038;ssl=1\" alt=\"\" class=\"wp-image-183960\" srcset=\"https:\/\/i0.wp.com\/cdnoticias.com\/wp-content\/uploads\/2025\/09\/WhatsApp-Image-2025-09-30-at-20.00.18.jpeg?resize=768%2C1024&amp;ssl=1 768w, https:\/\/i0.wp.com\/cdnoticias.com\/wp-content\/uploads\/2025\/09\/WhatsApp-Image-2025-09-30-at-20.00.18.jpeg?resize=225%2C300&amp;ssl=1 225w, https:\/\/i0.wp.com\/cdnoticias.com\/wp-content\/uploads\/2025\/09\/WhatsApp-Image-2025-09-30-at-20.00.18.jpeg?w=960&amp;ssl=1 960w\" sizes=\"auto, (max-width: 768px) 100vw, 768px\" \/><\/figure>\n\n\n\n<figure class=\"wp-block-image size-large\"><img data-recalc-dims=\"1\" loading=\"lazy\" decoding=\"async\" width=\"768\" height=\"1024\" src=\"https:\/\/i0.wp.com\/cdnoticias.com\/wp-content\/uploads\/2025\/09\/WhatsApp-Image-2025-09-30-at-20.00.21.jpeg?resize=768%2C1024&#038;ssl=1\" alt=\"\" class=\"wp-image-183959\" srcset=\"https:\/\/i0.wp.com\/cdnoticias.com\/wp-content\/uploads\/2025\/09\/WhatsApp-Image-2025-09-30-at-20.00.21.jpeg?resize=768%2C1024&amp;ssl=1 768w, https:\/\/i0.wp.com\/cdnoticias.com\/wp-content\/uploads\/2025\/09\/WhatsApp-Image-2025-09-30-at-20.00.21.jpeg?resize=225%2C300&amp;ssl=1 225w, https:\/\/i0.wp.com\/cdnoticias.com\/wp-content\/uploads\/2025\/09\/WhatsApp-Image-2025-09-30-at-20.00.21.jpeg?w=960&amp;ssl=1 960w\" sizes=\"auto, (max-width: 768px) 100vw, 768px\" \/><\/figure>\n\n\n\n<p>En este camino, la comunidad coincidi\u00f3 en que <strong>\u201cMadres\u201d representa no solo a esas mujeres que transformaron el dolor en lucha y memoria, sino tambi\u00e9n a toda una sociedad que supo cobijar y acompa\u00f1ar a los Veteranos de Malvinas y sus familias, reconociendo en ellos un legado de entrega y compromiso.<\/strong><\/p>\n\n\n\n<p>El acto, <strong>acompa\u00f1ado por autoridades educativas, Madres y familia de VGM, la Agrupaci\u00f3n de Veteranos de Guerra &#8220;2 de Abril\u201d, y representantes de Generaci\u00f3n Malvinas, incluy\u00f3 la presentaci\u00f3n del Nombre<\/strong>, palabras alusivas, presentaci\u00f3n de los trabajos \u00e1ulicos y sus producciones art\u00edsticas, y reconocimientos a veteranos y sus madres.<\/p>\n\n\n\n<figure class=\"wp-block-image size-large\"><img data-recalc-dims=\"1\" loading=\"lazy\" decoding=\"async\" width=\"768\" height=\"1024\" src=\"https:\/\/i0.wp.com\/cdnoticias.com\/wp-content\/uploads\/2025\/09\/WhatsApp-Image-2025-09-30-at-20.00.23.jpeg?resize=768%2C1024&#038;ssl=1\" alt=\"\" class=\"wp-image-183958\" srcset=\"https:\/\/i0.wp.com\/cdnoticias.com\/wp-content\/uploads\/2025\/09\/WhatsApp-Image-2025-09-30-at-20.00.23.jpeg?resize=768%2C1024&amp;ssl=1 768w, https:\/\/i0.wp.com\/cdnoticias.com\/wp-content\/uploads\/2025\/09\/WhatsApp-Image-2025-09-30-at-20.00.23.jpeg?resize=225%2C300&amp;ssl=1 225w, https:\/\/i0.wp.com\/cdnoticias.com\/wp-content\/uploads\/2025\/09\/WhatsApp-Image-2025-09-30-at-20.00.23.jpeg?w=960&amp;ssl=1 960w\" sizes=\"auto, (max-width: 768px) 100vw, 768px\" \/><\/figure>\n\n\n\n<p>La jornada dej\u00f3 en claro que, desde ahora,<strong> cada paso de esta instituci\u00f3n se dar\u00e1 bajo el compromiso de honrar la historia, fortalecer la memoria y educar en valores de solidaridad y respeto.<\/strong><\/p>\n\n\n\n<figure class=\"wp-block-image size-large\"><img data-recalc-dims=\"1\" loading=\"lazy\" decoding=\"async\" width=\"800\" height=\"600\" src=\"https:\/\/i0.wp.com\/cdnoticias.com\/wp-content\/uploads\/2025\/09\/WhatsApp-Image-2025-09-30-at-20.00.27.jpeg?resize=800%2C600&#038;ssl=1\" alt=\"\" class=\"wp-image-183961\" srcset=\"https:\/\/i0.wp.com\/cdnoticias.com\/wp-content\/uploads\/2025\/09\/WhatsApp-Image-2025-09-30-at-20.00.27.jpeg?resize=1024%2C768&amp;ssl=1 1024w, https:\/\/i0.wp.com\/cdnoticias.com\/wp-content\/uploads\/2025\/09\/WhatsApp-Image-2025-09-30-at-20.00.27.jpeg?resize=300%2C225&amp;ssl=1 300w, https:\/\/i0.wp.com\/cdnoticias.com\/wp-content\/uploads\/2025\/09\/WhatsApp-Image-2025-09-30-at-20.00.27.jpeg?resize=768%2C576&amp;ssl=1 768w, https:\/\/i0.wp.com\/cdnoticias.com\/wp-content\/uploads\/2025\/09\/WhatsApp-Image-2025-09-30-at-20.00.27.jpeg?w=1280&amp;ssl=1 1280w\" sizes=\"auto, (max-width: 800px) 100vw, 800px\" \/><\/figure>\n\n\n\n<p>La <strong>Escuela Secundaria N\u00b0 14 \u201cMadres de Malvinas\u201d abre as\u00ed una nueva etapa,<\/strong> con un nombre que es tambi\u00e9n un s\u00edmbolo de identidad, pertenencia y futuro compartido.<\/p>\n","protected":false},"excerpt":{"rendered":"<p>El emotivo acto de imposici\u00f3n se llev\u00f3 adelante este martes en la sede educativa. Hubo un largo proyecto institucional en<\/p>\n","protected":false},"author":2,"featured_media":183963,"comment_status":"closed","ping_status":"closed","sticky":false,"template":"","format":"standard","meta":{"_jetpack_memberships_contains_paid_content":false,"footnotes":""},"categories":[5,1],"tags":[],"class_list":["post-183957","post","type-post","status-publish","format-standard","has-post-thumbnail","hentry","category-informacion-general","category-portada"],"jetpack_featured_media_url":"https:\/\/i0.wp.com\/cdnoticias.com\/wp-content\/uploads\/2025\/09\/WhatsApp-Image-2025-09-30-at-20.00.15-e1759274660509.jpeg?fit=1280%2C720&ssl=1","jetpack_sharing_enabled":true,"_links":{"self":[{"href":"https:\/\/cdnoticias.com\/index.php\/wp-json\/wp\/v2\/posts\/183957","targetHints":{"allow":["GET"]}}],"collection":[{"href":"https:\/\/cdnoticias.com\/index.php\/wp-json\/wp\/v2\/posts"}],"about":[{"href":"https:\/\/cdnoticias.com\/index.php\/wp-json\/wp\/v2\/types\/post"}],"author":[{"embeddable":true,"href":"https:\/\/cdnoticias.com\/index.php\/wp-json\/wp\/v2\/users\/2"}],"replies":[{"embeddable":true,"href":"https:\/\/cdnoticias.com\/index.php\/wp-json\/wp\/v2\/comments?post=183957"}],"version-history":[{"count":0,"href":"https:\/\/cdnoticias.com\/index.php\/wp-json\/wp\/v2\/posts\/183957\/revisions"}],"wp:featuredmedia":[{"embeddable":true,"href":"https:\/\/cdnoticias.com\/index.php\/wp-json\/wp\/v2\/media\/183963"}],"wp:attachment":[{"href":"https:\/\/cdnoticias.com\/index.php\/wp-json\/wp\/v2\/media?parent=183957"}],"wp:term":[{"taxonomy":"category","embeddable":true,"href":"https:\/\/cdnoticias.com\/index.php\/wp-json\/wp\/v2\/categories?post=183957"},{"taxonomy":"post_tag","embeddable":true,"href":"https:\/\/cdnoticias.com\/index.php\/wp-json\/wp\/v2\/tags?post=183957"}],"curies":[{"name":"wp","href":"https:\/\/api.w.org\/{rel}","templated":true}]}}