{"id":183913,"date":"2025-09-30T18:00:27","date_gmt":"2025-09-30T21:00:27","guid":{"rendered":"https:\/\/cdnoticias.com\/?p=183913"},"modified":"2025-09-30T18:00:28","modified_gmt":"2025-09-30T21:00:28","slug":"con-proyecciones-de-ocho-paises-cerro-el-festival-latinoamericano-de-cine-de-olavarria","status":"publish","type":"post","link":"https:\/\/cdnoticias.com\/index.php\/2025\/09\/30\/con-proyecciones-de-ocho-paises-cerro-el-festival-latinoamericano-de-cine-de-olavarria\/","title":{"rendered":"Con proyecciones de ocho pa\u00edses, cerr\u00f3 el Festival Latinoamericano de Cine de Olavarr\u00eda"},"content":{"rendered":"\n<p>Del 26 al 28 de septiembre se realiz\u00f3 la tercera edici\u00f3n del FeLCO 2025. Hubo cortometrajes, largometrajes, producciones de escuelas, charlas, m\u00fasica en vivo y proyecciones accesibles para personas sordas. La sala principal fue el Teatro Municipal.<\/p>\n\n\n\n<hr class=\"wp-block-separator aligncenter has-alpha-channel-opacity\"\/>\n\n\n\n<p>El domingo por la noche <strong>finaliz\u00f3 la tercera edici\u00f3n del Festival Latinoamericano de Cine de Olavarr\u00eda <\/strong>(FeLCO).\u00a0Fueron tres d\u00edas de proyecciones de producciones audiovisuales de <strong>ocho pa\u00edses.<\/strong> Adem\u00e1s , se estren\u00f3 por primera vez en Argentina la pel\u00edcula de terror brasile\u00f1a <strong>&#8220;Pr\u00e9dio Vazio<\/strong>&#8221; del 2025 de Rodrigo Arag\u00e3o, uno de los referentes de ese g\u00e9nero del lim\u00edtrofe pa\u00eds.<\/p>\n\n\n\n<p><\/p>\n\n\n\n<p>La principal novedad en esta ocasi\u00f3n es que el evento sum\u00f3 un d\u00eda m\u00e1s y la <strong>proyecci\u00f3n de largometrajes,<\/strong> adem\u00e1s de crear el <strong>m\u00f3dulo escuelas<\/strong> destinado a que estudiantes de secundarias realicen <strong>video clips y video minuto<\/strong>. Todas las actividades fueron libres y gratuitas.<\/p>\n\n\n\n<p><\/p>\n\n\n\n<p>Los asistentes pudieron ver producciones de ocho pa\u00edses que recorrieron diferentes g\u00e9neros y narrativas. A trav\u00e9s de una convocatoria abierta, realizadores y realizadores de <strong>Argentina, Chile, Brasil, Colombia, M\u00e9xico, Venezuela, Uruguay y Per\u00fa<\/strong> enviaron su material y quedaron seleccionados luego de una curadur\u00eda de m\u00e1s de 400 producciones.<\/p>\n\n\n\n<p><\/p>\n\n\n\n<figure class=\"wp-block-image aligncenter size-full\"><img data-recalc-dims=\"1\" loading=\"lazy\" decoding=\"async\" width=\"800\" height=\"452\" src=\"https:\/\/i0.wp.com\/cdnoticias.com\/wp-content\/uploads\/2025\/09\/felco-2.jpg?resize=800%2C452&#038;ssl=1\" alt=\"\" class=\"wp-image-183918\" srcset=\"https:\/\/i0.wp.com\/cdnoticias.com\/wp-content\/uploads\/2025\/09\/felco-2.jpg?w=900&amp;ssl=1 900w, https:\/\/i0.wp.com\/cdnoticias.com\/wp-content\/uploads\/2025\/09\/felco-2.jpg?resize=300%2C169&amp;ssl=1 300w, https:\/\/i0.wp.com\/cdnoticias.com\/wp-content\/uploads\/2025\/09\/felco-2.jpg?resize=768%2C433&amp;ssl=1 768w\" sizes=\"auto, (max-width: 800px) 100vw, 800px\" \/><\/figure>\n\n\n\n<p><\/p>\n\n\n\n<blockquote class=\"wp-block-quote is-layout-flow wp-block-quote-is-layout-flow\">\n<p>El jurado responsable de evaluar a los cortometrajes estuvo integrado por Diego Trerotola, director del festival Asterico, programador docente y periodista especializado en cine; Meri Lucewicz, gestora cultural y productora; Paulo Soria, guionista, director y docente; Luc\u00eda Costa Saur\u00e9, comunicadora y creadora de contenido especializado en cine argentino; Mariano Gregorini, realizador audiovisual y Lola Beier de Francesco, directora de arte.\u00a0<\/p>\n<\/blockquote>\n\n\n\n<p><\/p>\n\n\n\n<p>El galard\u00f3n a la<strong> producci\u00f3n local,<\/strong> premio <strong>&#8220;Cristina Silverii<\/strong>&#8220;, fue para el cortometraje &#8220;<strong>Anna cuesti\u00f3n de tiempo<\/strong>&#8221; de<strong> Leonel Su\u00e1rez y Pierina Petrelli de 2025.<\/strong><\/p>\n\n\n\n<p><\/p>\n\n\n\n<p>El tercer premio al mejor cortometraje fue para <strong>&#8220;Bijupir\u00e1&#8221; de Eduardo Boccaletti, del 2025 de Brasil<\/strong>. El segundo premio al mejor cortometraje fue para <strong>&#8220;La presentaci\u00f3n&#8221;<\/strong> de Nicol\u00e1s Schujman del 2024 de Argentina y el primer premio al mejor cortometraje se lo llev\u00f3<strong> &#8220;La Gauchada&#8221; <\/strong>de Juan Follonier y Gast\u00f3n Calivari del 2023 de Argentina.<\/p>\n\n\n\n<p><\/p>\n\n\n\n<p>En esta edici\u00f3n solo se premi\u00f3 a los cortos, ya que fueron <strong>recibidos por convocatoria abierta. <\/strong>Los largos fueron seleccionados desde la organizaci\u00f3n. Desde el Festival se anunci\u00f3 que<strong> el pr\u00f3ximo a\u00f1o la convocatoria abierta tambi\u00e9n ser\u00e1 para largos.<\/strong><\/p>\n\n\n\n<p><\/p>\n\n\n\n<figure class=\"wp-block-image aligncenter size-full\"><img data-recalc-dims=\"1\" loading=\"lazy\" decoding=\"async\" width=\"800\" height=\"443\" src=\"https:\/\/i0.wp.com\/cdnoticias.com\/wp-content\/uploads\/2025\/09\/felco-3jpg.jpg?resize=800%2C443&#038;ssl=1\" alt=\"\" class=\"wp-image-183917\" srcset=\"https:\/\/i0.wp.com\/cdnoticias.com\/wp-content\/uploads\/2025\/09\/felco-3jpg.jpg?w=900&amp;ssl=1 900w, https:\/\/i0.wp.com\/cdnoticias.com\/wp-content\/uploads\/2025\/09\/felco-3jpg.jpg?resize=300%2C166&amp;ssl=1 300w, https:\/\/i0.wp.com\/cdnoticias.com\/wp-content\/uploads\/2025\/09\/felco-3jpg.jpg?resize=768%2C425&amp;ssl=1 768w\" sizes=\"auto, (max-width: 800px) 100vw, 800px\" \/><\/figure>\n\n\n\n<p><\/p>\n\n\n\n<p>El d\u00eda viernes, nueve instituciones educativas presentaron proyecciones que se pudieron ver en el Teatro Municipal. <strong>Abordaron tem\u00e1ticas como bullying, salud mental y consumo problem\u00e1tico de drogas<\/strong>. Ese mismo d\u00eda, el director de la pel\u00edcula &#8220;El Agr\u00f3nomo&#8221; y uno de sus actores realizaron una charla abierta con debate.<\/p>\n\n\n\n<p><\/p>\n\n\n\n<blockquote class=\"wp-block-quote is-layout-flow wp-block-quote-is-layout-flow\">\n<p>El s\u00e1bado, adem\u00e1s de las proyecciones, el d\u00fao musical Jwana y Lucho se present\u00f3 en vivo para la apertura, hubo charlas de referentes de la industria, y por la noche los visitantes de otras ciudades que llegaron a Olavarr\u00eda se congregaron en el espacio cultural Insurgente.<\/p>\n<\/blockquote>\n\n\n\n<p><\/p>\n\n\n\n<p>El d\u00eda domingo, la \u00faltima jornada del FeLCO, tuvo proyecciones en el Teatro y en el Centro Cultural San Jos\u00e9. En ese lugar, se hizo una selecci\u00f3n de<strong> producciones adaptadas para personas sordas<\/strong>, adem\u00e1s del acompa\u00f1amiento de una<strong> traductora en lengua de se\u00f1as.\u00a0<\/strong><\/p>\n\n\n\n<p><\/p>\n\n\n\n<p>Por la noche se realiz\u00f3 la entrega de premios con la conducci\u00f3n de Rita D&#8217;Orazio y el cierre con Valent\u00edn Reiners Grupo y un<strong> repertorio de jazz <\/strong>a cargo de In\u00e9s Maddio, Silvio Manuel, Ingrid Feniger, Eunice Rodr\u00edguez, Ruth Angeletti, Nicol\u00e1s, Burgart, Mateo Aguiznaga, Valent\u00edn Reiners, Ignacio Montoya Carlotto, Aitor Erguy y Samuel Carbajal; frente a un Teatro repleto.<\/p>\n\n\n\n<p><\/p>\n\n\n\n<figure class=\"wp-block-image aligncenter size-full\"><img data-recalc-dims=\"1\" loading=\"lazy\" decoding=\"async\" width=\"800\" height=\"455\" src=\"https:\/\/i0.wp.com\/cdnoticias.com\/wp-content\/uploads\/2025\/09\/felco-4.jpg?resize=800%2C455&#038;ssl=1\" alt=\"\" class=\"wp-image-183916\" srcset=\"https:\/\/i0.wp.com\/cdnoticias.com\/wp-content\/uploads\/2025\/09\/felco-4.jpg?w=904&amp;ssl=1 904w, https:\/\/i0.wp.com\/cdnoticias.com\/wp-content\/uploads\/2025\/09\/felco-4.jpg?resize=300%2C171&amp;ssl=1 300w, https:\/\/i0.wp.com\/cdnoticias.com\/wp-content\/uploads\/2025\/09\/felco-4.jpg?resize=768%2C437&amp;ssl=1 768w\" sizes=\"auto, (max-width: 800px) 100vw, 800px\" \/><\/figure>\n\n\n\n<p><\/p>\n\n\n\n<blockquote class=\"wp-block-quote is-layout-flow wp-block-quote-is-layout-flow\">\n<p>La tercera edici\u00f3n del Festival Latinoamericano de Cine de Olavarr\u00eda fue declarado de Inter\u00e9s Legislativo Municipal por el Honorable Concejo Deliberante.<\/p>\n<\/blockquote>\n\n\n\n<p><\/p>\n\n\n\n<p><em>&#8220;Estamos muy felices por esta edici\u00f3n, <strong>el balance es m\u00e1s que positivo.<\/strong> Ya empezamos a pensar en el pr\u00f3ximo y con el objetivo de generar nuevas actividades y subir la vara en todos los aspectos. El momento con los estudiantes nos llen\u00f3 el coraz\u00f3n, es nuestra responsabilidad darle los espacios para que su voz se expanda. El domingo pas\u00f3 lo mismo con las proyecciones accesibles. <strong>La inclusi\u00f3n es solo posible con empat\u00eda y voluntad.<\/strong> Muchas personas se quedan afuera de eventos similares y con trabajo en equipo se puede generar actividades para todos&#8221;<\/em> manifest\u00f3 Sebasti\u00e1n Magallanes, director del FeLCO.<\/p>\n\n\n\n<p><\/p>\n\n\n\n<p>Esta edici\u00f3n cont\u00f3 con el apoyo del Municipio de Olavarr\u00eda, el CECO Olavarr\u00eda, el Instituto Cultural de la Provincia de Buenos Aires, la Facultad de Ciencias Sociales de Olavarr\u00eda, Black Mandala Films, Flixxo y Caf\u00e9 Vega.<\/p>\n\n\n\n<p><\/p>\n\n\n\n<figure class=\"wp-block-image aligncenter size-full\"><img data-recalc-dims=\"1\" loading=\"lazy\" decoding=\"async\" width=\"800\" height=\"436\" src=\"https:\/\/i0.wp.com\/cdnoticias.com\/wp-content\/uploads\/2025\/09\/felco-5.jpg?resize=800%2C436&#038;ssl=1\" alt=\"\" class=\"wp-image-183915\" srcset=\"https:\/\/i0.wp.com\/cdnoticias.com\/wp-content\/uploads\/2025\/09\/felco-5.jpg?w=900&amp;ssl=1 900w, https:\/\/i0.wp.com\/cdnoticias.com\/wp-content\/uploads\/2025\/09\/felco-5.jpg?resize=300%2C163&amp;ssl=1 300w, https:\/\/i0.wp.com\/cdnoticias.com\/wp-content\/uploads\/2025\/09\/felco-5.jpg?resize=768%2C418&amp;ssl=1 768w\" sizes=\"auto, (max-width: 800px) 100vw, 800px\" \/><\/figure>\n\n\n\n<p><\/p>\n\n\n\n<p><em>Fotos: Mauricio Latorre y Facso Producciones<\/em><\/p>\n","protected":false},"excerpt":{"rendered":"<p>Del 26 al 28 de septiembre se realiz\u00f3 la tercera edici\u00f3n del FeLCO 2025. Hubo cortometrajes, largometrajes, producciones de escuelas,<\/p>\n","protected":false},"author":6,"featured_media":183919,"comment_status":"closed","ping_status":"closed","sticky":false,"template":"","format":"standard","meta":{"_jetpack_memberships_contains_paid_content":false,"footnotes":""},"categories":[9,1],"tags":[],"class_list":["post-183913","post","type-post","status-publish","format-standard","has-post-thumbnail","hentry","category-cultura","category-portada"],"jetpack_featured_media_url":"https:\/\/i0.wp.com\/cdnoticias.com\/wp-content\/uploads\/2025\/09\/felco-1.jpg?fit=900%2C600&ssl=1","jetpack_sharing_enabled":true,"_links":{"self":[{"href":"https:\/\/cdnoticias.com\/index.php\/wp-json\/wp\/v2\/posts\/183913","targetHints":{"allow":["GET"]}}],"collection":[{"href":"https:\/\/cdnoticias.com\/index.php\/wp-json\/wp\/v2\/posts"}],"about":[{"href":"https:\/\/cdnoticias.com\/index.php\/wp-json\/wp\/v2\/types\/post"}],"author":[{"embeddable":true,"href":"https:\/\/cdnoticias.com\/index.php\/wp-json\/wp\/v2\/users\/6"}],"replies":[{"embeddable":true,"href":"https:\/\/cdnoticias.com\/index.php\/wp-json\/wp\/v2\/comments?post=183913"}],"version-history":[{"count":0,"href":"https:\/\/cdnoticias.com\/index.php\/wp-json\/wp\/v2\/posts\/183913\/revisions"}],"wp:featuredmedia":[{"embeddable":true,"href":"https:\/\/cdnoticias.com\/index.php\/wp-json\/wp\/v2\/media\/183919"}],"wp:attachment":[{"href":"https:\/\/cdnoticias.com\/index.php\/wp-json\/wp\/v2\/media?parent=183913"}],"wp:term":[{"taxonomy":"category","embeddable":true,"href":"https:\/\/cdnoticias.com\/index.php\/wp-json\/wp\/v2\/categories?post=183913"},{"taxonomy":"post_tag","embeddable":true,"href":"https:\/\/cdnoticias.com\/index.php\/wp-json\/wp\/v2\/tags?post=183913"}],"curies":[{"name":"wp","href":"https:\/\/api.w.org\/{rel}","templated":true}]}}