{"id":183895,"date":"2025-09-30T15:27:45","date_gmt":"2025-09-30T18:27:45","guid":{"rendered":"https:\/\/cdnoticias.com\/?p=183895"},"modified":"2025-09-30T18:31:50","modified_gmt":"2025-09-30T21:31:50","slug":"jose-luis-espert-es-la-misma-campana-sucia-que-vengo-sufriendo-desde-el-ano-2021","status":"publish","type":"post","link":"https:\/\/cdnoticias.com\/index.php\/2025\/09\/30\/jose-luis-espert-es-la-misma-campana-sucia-que-vengo-sufriendo-desde-el-ano-2021\/","title":{"rendered":"Jos\u00e9 Luis Espert: \u201cEs la misma campa\u00f1a sucia que vengo sufriendo desde el a\u00f1o 2021\u201d"},"content":{"rendered":"<p>El diputado y candidato a la reelecci\u00f3n por La Libertad Avanza habl\u00f3 en Olavarr\u00eda de las acusaciones en su contra. \u201cEl intento de destituirme como presidente de la Comisi\u00f3n de Presupuestos y Hacienda forma parte de un plan\u201d afirm\u00f3.<!--more--><\/p>\n<hr \/>\n<p>El <strong>diputado nacional y primer candidato a diputado nacional por La Libertad Avanza en la provincia de Buenos Aires, Jos\u00e9 Luis Espert<\/strong>, lleg\u00f3 <strong>este martes a Olavarr\u00eda<\/strong> en el marco de la campa\u00f1a electoral. Junto al tambi\u00e9n candidato, Diego Santilli, estuvo en el predio de la Sociedad Rural para participar de una reuni\u00f3n con productores rurales locales.<\/p>\n<p>Espert <strong>fue consultado por las <a href=\"https:\/\/cdnoticias.com\/index.php\/2025\/09\/29\/espert-y-santilli-llegaran-a-olavarria-en-la-campana-legislativa-nacional\/\" target=\"_blank\" rel=\"noopener\">acusaciones en su contra<\/a><\/strong><a href=\"_wp_link_placeholder\"> conocidas durante el fin de semana anterior<\/a> que desde <strong>la Justicia de Estados Unidos lo vinculan a haber recibido fondos por parte de un hombre acusado de narcotr\u00e1fico<\/strong>. El candidato libertario rechaz\u00f3 las acusaciones en su contra y sostuvo que<strong> se trata de \u201ccampa\u00f1a sucia\u201d impulsada por \u201cel kirchnerismo\u201d<\/strong>. A su vez, adelant\u00f3 que se presentar\u00e1 en la denuncia impulsada por el candidato legislador por Uni\u00f3n por la Patria, Juan Grabois: <strong>\u201cvoy a contestar todo lo que tenga que contestar, por supuesto. Y voy a contestar tambi\u00e9n las difamaciones que Grabois\u201d<\/strong>.<\/p>\n<blockquote><p>En paralelo, un grupo de diputados peronistas pidi\u00f3 la remoci\u00f3n de Espert de la presidencia de la comisi\u00f3n de Presupuesto de la C\u00e1mara baja. \u201cEsto es un intento, como ya viene haciendo varios el kirchnerismo, destituyente. Destituyente directamente para el programa econ\u00f3mico\u201d afirm\u00f3 el legislador sobre el tema.<\/p><\/blockquote>\n<blockquote class=\"instagram-media\" style=\"background: #FFF; border: 0; border-radius: 3px; box-shadow: 0 0 1px 0 rgba(0,0,0,0.5),0 1px 10px 0 rgba(0,0,0,0.15); margin: 1px; max-width: 540px; min-width: 326px; padding: 0; width: calc(100% - 2px);\" data-instgrm-permalink=\"https:\/\/www.instagram.com\/reel\/DPPCDDpkUn7\/?utm_source=ig_embed&amp;utm_campaign=loading\" data-instgrm-version=\"14\">\n<div style=\"padding: 16px;\">\n<div style=\"display: flex; flex-direction: row; align-items: center;\">\n<div style=\"background-color: #f4f4f4; border-radius: 50%; flex-grow: 0; height: 40px; margin-right: 14px; width: 40px;\"><\/div>\n<div style=\"display: flex; flex-direction: column; flex-grow: 1; justify-content: center;\">\n<div style=\"background-color: #f4f4f4; border-radius: 4px; flex-grow: 0; height: 14px; margin-bottom: 6px; width: 100px;\"><\/div>\n<div style=\"background-color: #f4f4f4; border-radius: 4px; flex-grow: 0; height: 14px; width: 60px;\"><\/div>\n<\/div>\n<\/div>\n<div style=\"padding: 19% 0;\"><\/div>\n<div style=\"display: block; height: 50px; margin: 0 auto 12px; width: 50px;\"><\/div>\n<div style=\"padding-top: 8px;\">\n<div style=\"color: #3897f0; font-family: Arial,sans-serif; font-size: 14px; font-style: normal; font-weight: 550; line-height: 18px;\">Ver esta publicaci\u00f3n en Instagram<\/div>\n<\/div>\n<div style=\"padding: 12.5% 0;\"><\/div>\n<div style=\"display: flex; flex-direction: row; margin-bottom: 14px; align-items: center;\">\n<div>\n<div style=\"background-color: #f4f4f4; border-radius: 50%; height: 12.5px; width: 12.5px; transform: translateX(0px) translateY(7px);\"><\/div>\n<div style=\"background-color: #f4f4f4; height: 12.5px; transform: rotate(-45deg) translateX(3px) translateY(1px); width: 12.5px; flex-grow: 0; margin-right: 14px; margin-left: 2px;\"><\/div>\n<div style=\"background-color: #f4f4f4; border-radius: 50%; height: 12.5px; width: 12.5px; transform: translateX(9px) translateY(-18px);\"><\/div>\n<\/div>\n<div style=\"margin-left: 8px;\">\n<div style=\"background-color: #f4f4f4; border-radius: 50%; flex-grow: 0; height: 20px; width: 20px;\"><\/div>\n<div style=\"width: 0; height: 0; border-top: 2px solid transparent; border-left: 6px solid #f4f4f4; border-bottom: 2px solid transparent; transform: translateX(16px) translateY(-4px) rotate(30deg);\"><\/div>\n<\/div>\n<div style=\"margin-left: auto;\">\n<div style=\"width: 0px; border-top: 8px solid #F4F4F4; border-right: 8px solid transparent; transform: translateY(16px);\"><\/div>\n<div style=\"background-color: #f4f4f4; flex-grow: 0; height: 12px; width: 16px; transform: translateY(-4px);\"><\/div>\n<div style=\"width: 0; height: 0; border-top: 8px solid #F4F4F4; border-left: 8px solid transparent; transform: translateY(-4px) translateX(8px);\"><\/div>\n<\/div>\n<\/div>\n<div style=\"display: flex; flex-direction: column; flex-grow: 1; justify-content: center; margin-bottom: 24px;\">\n<div style=\"background-color: #f4f4f4; border-radius: 4px; flex-grow: 0; height: 14px; margin-bottom: 6px; width: 224px;\"><\/div>\n<div style=\"background-color: #f4f4f4; border-radius: 4px; flex-grow: 0; height: 14px; width: 144px;\"><\/div>\n<\/div>\n<p style=\"color: #c9c8cd; font-family: Arial,sans-serif; font-size: 14px; line-height: 17px; margin-bottom: 0; margin-top: 8px; overflow: hidden; padding: 8px 0 7px; text-align: center; text-overflow: ellipsis; white-space: nowrap;\"><a style=\"color: #c9c8cd; font-family: Arial,sans-serif; font-size: 14px; font-style: normal; font-weight: normal; line-height: 17px; text-decoration: none;\" href=\"https:\/\/www.instagram.com\/reel\/DPPCDDpkUn7\/?utm_source=ig_embed&amp;utm_campaign=loading\" target=\"_blank\" rel=\"noopener\">Una publicaci\u00f3n compartida por Central de Noticias Olavarr\u00eda (@cdnolavarria)<\/a><\/p>\n<\/div>\n<\/blockquote>\n<p><script async src=\"\/\/www.instagram.com\/embed.js\"><\/script><\/p>\n<p>&#8211;<em>\u00bfQu\u00e9 tiene para decir de esta denuncia en la que se lo ha visto nombrado?<\/em><\/p>\n<p>&#8211;<strong>Es la misma campa\u00f1a sucia que vengo sufriendo desde el a\u00f1o 2021<\/strong> cuando infructuosamente trataron de que yo no entrara a la C\u00e1mara de Diputados. Es lo mismo, es lo mismo, es lo mismo. <strong>El kirchnerismo destruye el pa\u00eds y despu\u00e9s no quiere que se discuta c\u00f3mo reconstruir el pa\u00eds<\/strong>, sino que anda con campa\u00f1as sucias. Esto es lo mismo, lo mismo, lo mismo de siempre. No lo vamos a permitir. No voy a hacer perder el tiempo ni de ustedes ni de los bonaerenses en discutir <strong>cosas que dice y hace un impresentable como (Juan) Grabois difam\u00e1ndome<\/strong>, diciendo cualquier cosa de m\u00ed, de mi familia. Ya nos vamos a ver en la justicia aprovechando que me ha denunciado.<\/p>\n<p><em>-De 2021 a esta parte, \u00bfqu\u00e9 ha pasado en la Justicia en ese caso?<\/em><\/p>\n<p>-Nada, porque no hay nada, no hay nada. Absolutamente nada. Es campa\u00f1a sucia del kirchnerismo. Le pas\u00f3 a Enrique Oliveira en el 2005. Le pas\u00f3 a De Narv\u00e1ez en el 2009. Le pas\u00f3 a Patricia Bullrich en el 2017 con el caso Maldonado. <strong>Son siempre las campa\u00f1as sucias del kirchnerismo antes de una elecci\u00f3n.<\/strong> Porque el kirchnerismo destruye y despu\u00e9s no deja que se reconstruya el pa\u00eds.<\/p>\n<p><img data-recalc-dims=\"1\" loading=\"lazy\" decoding=\"async\" class=\"alignnone size-full wp-image-183900 aligncenter\" src=\"https:\/\/i0.wp.com\/cdnoticias.com\/wp-content\/uploads\/2025\/09\/jose-luis-espert-01-1.jpg?resize=800%2C445&#038;ssl=1\" alt=\"\" width=\"800\" height=\"445\" srcset=\"https:\/\/i0.wp.com\/cdnoticias.com\/wp-content\/uploads\/2025\/09\/jose-luis-espert-01-1.jpg?w=1000&amp;ssl=1 1000w, https:\/\/i0.wp.com\/cdnoticias.com\/wp-content\/uploads\/2025\/09\/jose-luis-espert-01-1.jpg?resize=300%2C167&amp;ssl=1 300w, https:\/\/i0.wp.com\/cdnoticias.com\/wp-content\/uploads\/2025\/09\/jose-luis-espert-01-1.jpg?resize=768%2C427&amp;ssl=1 768w, https:\/\/i0.wp.com\/cdnoticias.com\/wp-content\/uploads\/2025\/09\/jose-luis-espert-01-1.jpg?resize=800%2C445&amp;ssl=1 800w\" sizes=\"auto, (max-width: 800px) 100vw, 800px\" \/><\/p>\n<p><em>-\u00bfUsted niega este supuesto giro de 200.000 d\u00f3lares y el tema de la investigaci\u00f3n judicial en Estados Unidos?<\/em><\/p>\n<p>-Yo le repito: esto es una campa\u00f1a sucia, sucia, absolutamente sucia. Ya nos vamos a ver con Grabois en Tribunales. Ya nos vamos a presentar en la Justicia a contestar esa demanda. Es una absoluta infamia de una persona que es impresentable y que est\u00e1 muy nerviosa por otras causas que tiene.<\/p>\n<p><em>-\u00bfCree que tiene chances de prosperar el pedido de remoci\u00f3n de su presidencia en la Comisi\u00f3n de Presupuesto de la C\u00e1mara de Diputados?<\/em><\/p>\n<blockquote><p>-Esto es un intento, como ya viene haciendo varios el kirchnerismo, destituyente. Destituyente, directamente para el programa econ\u00f3mico.<\/p><\/blockquote>\n<p>Le voy a contestar en particular, pero d\u00e9jame englobarlo para que se entienda. Porque <strong>el intento de destituirme como presidente de la Comisi\u00f3n de Presupuestos y Hacienda forma parte de un plan<\/strong>. \u00bfEl plan cu\u00e1l es? <strong>El plan es que a la Argentina le vaya mal<\/strong>, porque el negocio del kirchnerismo es que a la Argentina le vaya mal. \u00bfPor qu\u00e9? <strong>El kirchnerismo necesita que nos vaya mal porque la estrategia de ellos es que todos vivan de un plan<\/strong> y de esa manera el Estado, manejado por ellos, termina siendo tu due\u00f1o. Entonces, <strong>dentro de ese plan est\u00e1 dinamitar todas las columnas vertebrales del programa econ\u00f3mico, particularmente el super\u00e1vit fiscal<\/strong> que es que el Estado no gaste m\u00e1s de lo que recauda o gaste menos de lo que recauda. Dentro de este programa, la Comisi\u00f3n de Presupuesto y Hacienda, que es una comisi\u00f3n de gobierno, que en este caso est\u00e1 presidida por Jos\u00e9 Luis Espert, por propuesta del presidente de la Naci\u00f3n en su momento, es parte de ese programa. As\u00ed que hay que tener claro que esto forma parte del programa destituyente del kirchnerismo para el gobierno de Javier Milei.<\/p>\n<p><em>&#8211; \u00bfLe va a iniciar acciones legales a Grabois?<\/em><\/p>\n<p>&#8211;<strong>Yo voy a contestar dentro del expediente que est\u00e1 en un juzgado de San Isidro<\/strong>. Por supuesto me voy a presentar ah\u00ed y voy a contestar todo lo que tenga que contestar, y voy a contestar tambi\u00e9n las difamaciones que Grabois ha hecho, que est\u00e1 haciendo contra m\u00ed y contra mi familia. En nuestros campos de Pergamino nosotros tenemos soja y tenemos trigo, no las estupideces que dice Grabois.<\/p>\n<p><img data-recalc-dims=\"1\" loading=\"lazy\" decoding=\"async\" class=\"alignnone size-full wp-image-183899 aligncenter\" src=\"https:\/\/i0.wp.com\/cdnoticias.com\/wp-content\/uploads\/2025\/09\/espert-santilli-celeste-arouxet.jpg?resize=800%2C445&#038;ssl=1\" alt=\"\" width=\"800\" height=\"445\" srcset=\"https:\/\/i0.wp.com\/cdnoticias.com\/wp-content\/uploads\/2025\/09\/espert-santilli-celeste-arouxet.jpg?w=1000&amp;ssl=1 1000w, https:\/\/i0.wp.com\/cdnoticias.com\/wp-content\/uploads\/2025\/09\/espert-santilli-celeste-arouxet.jpg?resize=300%2C167&amp;ssl=1 300w, https:\/\/i0.wp.com\/cdnoticias.com\/wp-content\/uploads\/2025\/09\/espert-santilli-celeste-arouxet.jpg?resize=768%2C427&amp;ssl=1 768w, https:\/\/i0.wp.com\/cdnoticias.com\/wp-content\/uploads\/2025\/09\/espert-santilli-celeste-arouxet.jpg?resize=800%2C445&amp;ssl=1 800w\" sizes=\"auto, (max-width: 800px) 100vw, 800px\" \/><\/p>\n","protected":false},"excerpt":{"rendered":"<p>El diputado y candidato a la reelecci\u00f3n por La Libertad Avanza habl\u00f3 en Olavarr\u00eda de las acusaciones en su contra.<\/p>\n","protected":false},"author":4,"featured_media":183898,"comment_status":"closed","ping_status":"closed","sticky":false,"template":"","format":"standard","meta":{"_jetpack_memberships_contains_paid_content":false,"footnotes":""},"categories":[4,1],"tags":[],"class_list":["post-183895","post","type-post","status-publish","format-standard","has-post-thumbnail","hentry","category-politica","category-portada"],"jetpack_featured_media_url":"https:\/\/i0.wp.com\/cdnoticias.com\/wp-content\/uploads\/2025\/09\/jose-luis-espert-01.jpg?fit=1000%2C556&ssl=1","jetpack_sharing_enabled":true,"_links":{"self":[{"href":"https:\/\/cdnoticias.com\/index.php\/wp-json\/wp\/v2\/posts\/183895","targetHints":{"allow":["GET"]}}],"collection":[{"href":"https:\/\/cdnoticias.com\/index.php\/wp-json\/wp\/v2\/posts"}],"about":[{"href":"https:\/\/cdnoticias.com\/index.php\/wp-json\/wp\/v2\/types\/post"}],"author":[{"embeddable":true,"href":"https:\/\/cdnoticias.com\/index.php\/wp-json\/wp\/v2\/users\/4"}],"replies":[{"embeddable":true,"href":"https:\/\/cdnoticias.com\/index.php\/wp-json\/wp\/v2\/comments?post=183895"}],"version-history":[{"count":0,"href":"https:\/\/cdnoticias.com\/index.php\/wp-json\/wp\/v2\/posts\/183895\/revisions"}],"wp:featuredmedia":[{"embeddable":true,"href":"https:\/\/cdnoticias.com\/index.php\/wp-json\/wp\/v2\/media\/183898"}],"wp:attachment":[{"href":"https:\/\/cdnoticias.com\/index.php\/wp-json\/wp\/v2\/media?parent=183895"}],"wp:term":[{"taxonomy":"category","embeddable":true,"href":"https:\/\/cdnoticias.com\/index.php\/wp-json\/wp\/v2\/categories?post=183895"},{"taxonomy":"post_tag","embeddable":true,"href":"https:\/\/cdnoticias.com\/index.php\/wp-json\/wp\/v2\/tags?post=183895"}],"curies":[{"name":"wp","href":"https:\/\/api.w.org\/{rel}","templated":true}]}}