{"id":183887,"date":"2025-09-30T11:30:45","date_gmt":"2025-09-30T14:30:45","guid":{"rendered":"https:\/\/cdnoticias.com\/?p=183887"},"modified":"2025-09-30T15:29:30","modified_gmt":"2025-09-30T18:29:30","slug":"salud-mental-proyecto-en-el-hcd-para-brindar-contencion-para-personal-de-salud","status":"publish","type":"post","link":"https:\/\/cdnoticias.com\/index.php\/2025\/09\/30\/salud-mental-proyecto-en-el-hcd-para-brindar-contencion-para-personal-de-salud\/","title":{"rendered":"Salud mental: proyecto en el HCD para brindar contenci\u00f3n para personal de salud"},"content":{"rendered":"<p>El Partido Libertario present\u00f3 la propuesta este martes, basada en lo que hab\u00eda planteado en la campa\u00f1a. Consiste en la creaci\u00f3n de un Grupo de Contenci\u00f3n Psicol\u00f3gica y Psiqui\u00e1trica en el Hospital Municipal \u201cDr. H\u00e9ctor Cura\u201d.<!--more--><\/p>\n<hr \/>\n<p>El <strong>Partido Libertario de Olavarr\u00eda<\/strong> present\u00f3 un <strong>proyecto de ordenanza<\/strong> para <strong>crear un Grupo de Contenci\u00f3n Psicol\u00f3gica y Psiqui\u00e1trica en el Hospital Municipal \u201cDr. H\u00e9ctor Cura\u201d<\/strong> destinado exclusivamente a la <strong>atenci\u00f3n de los trabajadores de la salud<\/strong>. Es una iniciativa que<strong> Gustavo Torrisi y Solange Ju\u00e1rez<\/strong> entregaron en el Concejo Deliberante este martes.<\/p>\n<p>\u201cLa iniciativa surge de la<strong> necesidad urgente de brindar apoyo a m\u00e9dicos, enfermeros y personal del nosocomio<\/strong>, quienes diariamente enfrentan altos niveles de tensi\u00f3n emocional y psicol\u00f3gica, muchas veces sin contar con espacios adecuados de acompa\u00f1amiento\u201d explicaron los autores.<\/p>\n<blockquote><p>Gustavo Torrisi a\u00f1adi\u00f3 tras la presentaci\u00f3n que \u201cel proyecto nace de la misma necesidad de los trabajadores de la salud en torno a todo el circuito de Olavarr\u00eda, por las lamentables circunstancias que tuvimos que andar escuchando \u00faltimamente de suicidios, depresiones, carpetas psiqui\u00e1tricas que han surgido en los \u00faltimos a\u00f1os y que no han puesto en marcha nada desde el Municipio para poder ayudar a los mismos trabajadores de la salud\u201d.<\/p><\/blockquote>\n<p><img data-recalc-dims=\"1\" loading=\"lazy\" decoding=\"async\" class=\"alignnone size-full wp-image-183890 aligncenter\" src=\"https:\/\/i0.wp.com\/cdnoticias.com\/wp-content\/uploads\/2025\/09\/partido-libertario-HCD-02-gustavo-torrisi.jpg?resize=800%2C446&#038;ssl=1\" alt=\"\" width=\"800\" height=\"446\" srcset=\"https:\/\/i0.wp.com\/cdnoticias.com\/wp-content\/uploads\/2025\/09\/partido-libertario-HCD-02-gustavo-torrisi.jpg?w=1000&amp;ssl=1 1000w, https:\/\/i0.wp.com\/cdnoticias.com\/wp-content\/uploads\/2025\/09\/partido-libertario-HCD-02-gustavo-torrisi.jpg?resize=300%2C167&amp;ssl=1 300w, https:\/\/i0.wp.com\/cdnoticias.com\/wp-content\/uploads\/2025\/09\/partido-libertario-HCD-02-gustavo-torrisi.jpg?resize=768%2C428&amp;ssl=1 768w, https:\/\/i0.wp.com\/cdnoticias.com\/wp-content\/uploads\/2025\/09\/partido-libertario-HCD-02-gustavo-torrisi.jpg?resize=800%2C445&amp;ssl=1 800w\" sizes=\"auto, (max-width: 800px) 100vw, 800px\" \/><\/p>\n<p>El proyecto propone <strong>un servicio permanente, disponible las 24 horas, los 365 d\u00edas del a\u00f1o,<\/strong> conformado por profesionales especializados en<strong> psicolog\u00eda cl\u00ednica, psiquiatr\u00eda y psicolog\u00eda familiar<\/strong>, con atenci\u00f3n directa, inmediata y confidencial. La propuesta se fundamenta en la <em>Ley Nacional de Salud Mental N\u00b0 26.657 y en la Ley Provincial N\u00b0 14.580<\/em>, que reconocen a la salud mental como un derecho humano fundamental y obligan al Estado en todos sus niveles a garantizar el acceso a dispositivos de prevenci\u00f3n y tratamiento.<\/p>\n<blockquote><p>Solange Ju\u00e1rez resalt\u00f3 que la propuesta hab\u00eda sido lanzada por el Partido Libertario \u201cen \u00e9poca de campa\u00f1a y se trata de sostener\u201d. Para ello presentaron formalmente el proyecto de ordenanza a fin de que \u201cesto se ampl\u00ede, siempre es un puntapi\u00e9 inicial y en general la idea es que pueda tener atenci\u00f3n, que le den la atenci\u00f3n que se requiere, que haya respuestas y que se pueda avanzar\u201d.<\/p><\/blockquote>\n<p><img data-recalc-dims=\"1\" loading=\"lazy\" decoding=\"async\" class=\"alignnone size-full wp-image-183889 aligncenter\" src=\"https:\/\/i0.wp.com\/cdnoticias.com\/wp-content\/uploads\/2025\/09\/partido-libertario-HCD-01.jpg?resize=800%2C445&#038;ssl=1\" alt=\"\" width=\"800\" height=\"445\" srcset=\"https:\/\/i0.wp.com\/cdnoticias.com\/wp-content\/uploads\/2025\/09\/partido-libertario-HCD-01.jpg?w=1000&amp;ssl=1 1000w, https:\/\/i0.wp.com\/cdnoticias.com\/wp-content\/uploads\/2025\/09\/partido-libertario-HCD-01.jpg?resize=300%2C167&amp;ssl=1 300w, https:\/\/i0.wp.com\/cdnoticias.com\/wp-content\/uploads\/2025\/09\/partido-libertario-HCD-01.jpg?resize=768%2C427&amp;ssl=1 768w, https:\/\/i0.wp.com\/cdnoticias.com\/wp-content\/uploads\/2025\/09\/partido-libertario-HCD-01.jpg?resize=800%2C445&amp;ssl=1 800w\" sizes=\"auto, (max-width: 800px) 100vw, 800px\" \/><\/p>\n<p>En ese sentido, la abogada expres\u00f3 su intenci\u00f3n de <strong>que el tratamiento en el Legislativo local \u201csea lo m\u00e1s pronto posible<\/strong>. Sabemos que hay muchas situaciones que se est\u00e1n viviendo y <strong>la sociedad en general lo est\u00e1 reclamando<\/strong>. Tambi\u00e9n en el \u00e1mbito de educaci\u00f3n se est\u00e1 hablando de estos temas. Entonces, necesitamos <strong>que haya una respuesta y compromiso para tratarlo<\/strong>\u201d.<\/p>\n<p>\u201cNuestro compromiso es con los trabajadores de la salud que sostienen el sistema sanitario de Olavarr\u00eda. Este proyecto busca darles la <strong>contenci\u00f3n necesaria para prevenir situaciones de sufrimiento extremo<\/strong> que lamentablemente ya han tenido consecuencias irreversibles en nuestra ciudad\u201d, se\u00f1al\u00f3 el Partido Libertario de Olavarr\u00eda.<\/p>\n<p>Por \u00faltimo, Torrisi inform\u00f3 que junto a Solange Ju\u00e1rez iban a <strong>presentar tambi\u00e9n el proyecto \u201cal director del Hospital<\/strong>, para que est\u00e9 en conocimiento de que ya est\u00e1 entregado y para que cualquier tipo de duda que tenga pueda hablarlo con nosotros\u201d.<\/p>\n<p><img data-recalc-dims=\"1\" loading=\"lazy\" decoding=\"async\" class=\"alignnone size-full wp-image-183891 aligncenter\" src=\"https:\/\/i0.wp.com\/cdnoticias.com\/wp-content\/uploads\/2025\/09\/partido-libertario-HCD-03-solange-juarez-gustavo-torrisi.jpg?resize=800%2C445&#038;ssl=1\" alt=\"\" width=\"800\" height=\"445\" srcset=\"https:\/\/i0.wp.com\/cdnoticias.com\/wp-content\/uploads\/2025\/09\/partido-libertario-HCD-03-solange-juarez-gustavo-torrisi.jpg?w=1000&amp;ssl=1 1000w, https:\/\/i0.wp.com\/cdnoticias.com\/wp-content\/uploads\/2025\/09\/partido-libertario-HCD-03-solange-juarez-gustavo-torrisi.jpg?resize=300%2C167&amp;ssl=1 300w, https:\/\/i0.wp.com\/cdnoticias.com\/wp-content\/uploads\/2025\/09\/partido-libertario-HCD-03-solange-juarez-gustavo-torrisi.jpg?resize=768%2C427&amp;ssl=1 768w, https:\/\/i0.wp.com\/cdnoticias.com\/wp-content\/uploads\/2025\/09\/partido-libertario-HCD-03-solange-juarez-gustavo-torrisi.jpg?resize=800%2C445&amp;ssl=1 800w\" sizes=\"auto, (max-width: 800px) 100vw, 800px\" \/><\/p>\n","protected":false},"excerpt":{"rendered":"<p>El Partido Libertario present\u00f3 la propuesta este martes, basada en lo que hab\u00eda planteado en la campa\u00f1a. Consiste en la<\/p>\n","protected":false},"author":4,"featured_media":183888,"comment_status":"closed","ping_status":"closed","sticky":false,"template":"","format":"standard","meta":{"_jetpack_memberships_contains_paid_content":false,"footnotes":""},"categories":[4,1],"tags":[],"class_list":["post-183887","post","type-post","status-publish","format-standard","has-post-thumbnail","hentry","category-politica","category-portada"],"jetpack_featured_media_url":"https:\/\/i0.wp.com\/cdnoticias.com\/wp-content\/uploads\/2025\/09\/partido-libertario-HCD-00.jpg?fit=1000%2C556&ssl=1","jetpack_sharing_enabled":true,"_links":{"self":[{"href":"https:\/\/cdnoticias.com\/index.php\/wp-json\/wp\/v2\/posts\/183887","targetHints":{"allow":["GET"]}}],"collection":[{"href":"https:\/\/cdnoticias.com\/index.php\/wp-json\/wp\/v2\/posts"}],"about":[{"href":"https:\/\/cdnoticias.com\/index.php\/wp-json\/wp\/v2\/types\/post"}],"author":[{"embeddable":true,"href":"https:\/\/cdnoticias.com\/index.php\/wp-json\/wp\/v2\/users\/4"}],"replies":[{"embeddable":true,"href":"https:\/\/cdnoticias.com\/index.php\/wp-json\/wp\/v2\/comments?post=183887"}],"version-history":[{"count":0,"href":"https:\/\/cdnoticias.com\/index.php\/wp-json\/wp\/v2\/posts\/183887\/revisions"}],"wp:featuredmedia":[{"embeddable":true,"href":"https:\/\/cdnoticias.com\/index.php\/wp-json\/wp\/v2\/media\/183888"}],"wp:attachment":[{"href":"https:\/\/cdnoticias.com\/index.php\/wp-json\/wp\/v2\/media?parent=183887"}],"wp:term":[{"taxonomy":"category","embeddable":true,"href":"https:\/\/cdnoticias.com\/index.php\/wp-json\/wp\/v2\/categories?post=183887"},{"taxonomy":"post_tag","embeddable":true,"href":"https:\/\/cdnoticias.com\/index.php\/wp-json\/wp\/v2\/tags?post=183887"}],"curies":[{"name":"wp","href":"https:\/\/api.w.org\/{rel}","templated":true}]}}