{"id":183828,"date":"2025-09-30T08:17:25","date_gmt":"2025-09-30T11:17:25","guid":{"rendered":"https:\/\/cdnoticias.com\/?p=183828"},"modified":"2025-09-30T08:58:13","modified_gmt":"2025-09-30T11:58:13","slug":"llega-el-144o-aniversario-de-colonia-san-miguel-y-fiesta-de-la-kerb","status":"publish","type":"post","link":"https:\/\/cdnoticias.com\/index.php\/2025\/09\/30\/llega-el-144o-aniversario-de-colonia-san-miguel-y-fiesta-de-la-kerb\/","title":{"rendered":"Llega el 144\u00ba Aniversario de Colonia San Miguel y Fiesta de la Kerb"},"content":{"rendered":"\n<p>El cronograma comenzar\u00e1 el viernes 3 de octubre y se extender\u00e1 hasta el domingo 5. Puestos gastron\u00f3micos, danzas y m\u00fasica t\u00edpica.&nbsp;<\/p>\n\n\n\n<hr class=\"wp-block-separator aligncenter has-alpha-channel-opacity\"\/>\n\n\n\n<p>Desde el <strong>viernes 3 de octubre<\/strong> comenzar\u00e1n los festejos y las diferentes actividades organizadas en el marco del <strong>144\u00ba Aniversario de Colonia San Miguel y la tradicional Fiesta de la Kerb.<\/strong><\/p>\n\n\n\n<p><\/p>\n\n\n\n<blockquote class=\"wp-block-quote is-layout-flow wp-block-quote-is-layout-flow\">\n<p>Los festejos continuar\u00e1n hasta el domingo 5 de octubre con el acto protocolar en el Monumento de los Fundadores, propuestas culturales en el Museo Municipal Museo \u201cMiguel Stoessel M\u00fcller y la tradicional Fiesta de la Kerb en avenida San Miguel Arc\u00e1ngel con puestos gastron\u00f3micos, danzas y m\u00fasica t\u00edpica.<\/p>\n<\/blockquote>\n\n\n\n<p><\/p>\n\n\n\n<p>El programa de actividades cuenta con la organizaci\u00f3n de la Sociedad de Fomento \u201cLos Amigos\u201d y la Asociaci\u00f3n Civil Colonia San Miguel, junto a las instituciones de la comunidad y cuenta con el apoyo de la Municipalidad.<\/p>\n\n\n\n<ul class=\"wp-block-list\">\n<li><strong>Viernes 3 de octubre<\/strong><\/li>\n<\/ul>\n\n\n\n<p>Monumento de los Fundadores (avenida San Miguel Arc\u00e1ngel y calle San Mart\u00edn). <strong>Acto Protocolar: Aniversario de la fundaci\u00f3n del pueblo.<\/strong><\/p>\n\n\n\n<p>14:30 horas: <strong>Desfile de instituciones y vecinos de la localidad y alrededores <\/strong>(desde la Escuela N\u00b0 5 hasta la rotonda). Entonaci\u00f3n del <strong>Himno Nacional Argentino <\/strong>interpretado por Omar Martell con su acorde\u00f3n. Palabras alusivas a la fecha. <strong>Corte simb\u00f3lico de la torta aniversario.<\/strong> Festejos en la Escuela N\u00b0 5 con una merienda compartida.<\/p>\n\n\n\n<p><\/p>\n\n\n\n<ul class=\"wp-block-list\">\n<li><strong>S\u00e1bado 4 de octubre<\/strong><\/li>\n<\/ul>\n\n\n\n<p><strong>Museo Municipal \u201cMiguel Stoessel M\u00fcller\u201d de Colonia San Miguel<\/strong><\/p>\n\n\n\n<p>14:30 horas. Show de burbujas a cargo de Caty Weslate.<\/p>\n\n\n\n<p>15:30 horas. Taller de danza \u00e1rabe tradicional de la Escuela Municipal de Danzas \u2013 Extensi\u00f3n Colonia San Miguel y Sierras Bayas.<\/p>\n\n\n\n<p>16:00 horas. Zumba.<\/p>\n\n\n\n<p>16:30 horas.&nbsp; Taller para infancias: \u00a1Que Rico! Taller de arte que pone en valor el patrimonio gastron\u00f3mico de las colonias de alemanes del Volga. Taller al paso, para todas las edades. Sin inscripci\u00f3n.<\/p>\n\n\n\n<p>17:00 horas. Taller folkl\u00f3rico de Colonia San Miguel.<\/p>\n\n\n\n<p>18:00 horas. Cierre con ritmo inmigrante y la presentaci\u00f3n del ballet \u201cWir Bringen Freude\u201d. <\/p>\n\n\n\n<p>22:00 horas: Club Independiente. Baile familiar con la actuaci\u00f3n de Cristian Braun. (Organizado por la Comisi\u00f3n del Club Independiente y de la Sociedad de Fomento \u201cLos Amigos\u201d).<\/p>\n\n\n\n<p><\/p>\n\n\n\n<ul class=\"wp-block-list\">\n<li><strong>Domingo 5 de octubre<\/strong><\/li>\n<\/ul>\n\n\n\n<p>08:00 a 11:00 horas: <strong>Apertura de la Fiesta de la Kerb en avenida San Miguel Arc\u00e1ngel. <\/strong><\/p>\n\n\n\n<p>12:00 horas: Ventas de<strong> comidas t\u00edpicas, artesan\u00edas y distintos puestos <\/strong>a partir del mediod\u00eda, sobre avenida San Miguel Arc\u00e1ngel.<\/p>\n\n\n\n<p>13:30 horas: Acto inaugural, palabras de apertura e ingreso de las banderas: Sociedad de Fomento \u201cLos amigos\u201d, Jard\u00edn de Infantes N\u00b0 920, Escuela N\u00b05 \u201cIndependencia Argentina\u201d, Anexo de la Escuela de Educaci\u00f3n Media N\u00b02, Iglesia, Centro de Jubilados, Museo Municipal \u201cMiguel Stoessel M\u00fcller\u201d, Club Independiente, Uni\u00f3n de Colonias Alemanas del Volga del Partido de Olavarr\u00eda, Ballet de la Dulce Vida de Mar del Plata, Ballet Vesna de Azul, Ballet Municipal de Danzas Alemanas Bir Bringen Freude y spicheros de Coronel Su\u00e1rez. <strong>Entonaci\u00f3n del Himno Nacional Argentino,<\/strong> interpretado por Jerem\u00edas Sol\u00eds y del Himno Nacional Alem\u00e1n interpretado por Ricardo Horvath, acompa\u00f1ados de su acorde\u00f3n con la voz de Norma Schwindt.<\/p>\n\n\n\n<p>14:45 horas: Actuaci\u00f3n del Taller Municipal de Danzas Alemanas \u201cWir Bringen Freude\u201d, dirigido por las profesoras Yesica Smith y Micaela Baier.<\/p>\n\n\n\n<p>15:15 horas Actuaci\u00f3n de Ballet Vesn\u00e1 de la ciudad de Azul a cargo del profesor Carlos Schell.<\/p>\n\n\n\n<p>15:45 horas: Actuaci\u00f3n del Ballet de La Dulce Vida de Mar del Plata a cargo de su director Jorge \u201cNiki\u201d Brown Stickar, con las profesoras del grupo infanto-juvenil Mar\u00eda Ortiz Kilp y Macarena Heim Stoessel.<\/p>\n\n\n\n<p>16:15 horas. Actuaci\u00f3n de apertura Banda Alemana Ritmo Inmigrante, de Santa Anita, Entre R\u00edos.<\/p>\n\n\n\n<p>16:45 horas. Segunda actuaci\u00f3n del Ballet de La Dulce Vida de Mar del Plata.<\/p>\n\n\n\n<p>17:00 horas. Segunda actuaci\u00f3n de Ballet Vesn\u00e1 de la ciudad de Azul.<\/p>\n\n\n\n<p>17:20 horas. Comienza a tocar la banda \u201cRitmo inmigrante\u201d.<\/p>\n\n\n\n<p>17:30 horas. Corte de la Torta Rusa gigante y se reparte al p\u00fablico, acompa\u00f1ada de la m\u00fasica de la orquesta.<\/p>\n\n\n\n<p>18:00 horas. Segunda actuaci\u00f3n del Taller Municipal de Danzas Alemanas \u201cWir Bringen Freude\u201d.<\/p>\n\n\n\n<p>18:30 horas. Gran cierre de la fiesta con el show del spitcher a cargo de los spicheros de Colonia 2 de Coronel Su\u00e1rez acompa\u00f1ados de la m\u00fasica de la Banda \u201cRitmo Inmigrante\u201d.<\/p>\n","protected":false},"excerpt":{"rendered":"<p>El cronograma comenzar\u00e1 el viernes 3 de octubre y se extender\u00e1 hasta el domingo 5. Puestos gastron\u00f3micos, danzas y m\u00fasica<\/p>\n","protected":false},"author":6,"featured_media":98007,"comment_status":"closed","ping_status":"closed","sticky":false,"template":"","format":"standard","meta":{"_jetpack_memberships_contains_paid_content":false,"footnotes":""},"categories":[9,1],"tags":[],"class_list":["post-183828","post","type-post","status-publish","format-standard","has-post-thumbnail","hentry","category-cultura","category-portada"],"jetpack_featured_media_url":"https:\/\/i0.wp.com\/cdnoticias.com\/wp-content\/uploads\/2023\/10\/Fiesta-Kerb-Colonia-San-Miguel-5-scaled-1.jpg?fit=2560%2C1711&ssl=1","jetpack_sharing_enabled":true,"_links":{"self":[{"href":"https:\/\/cdnoticias.com\/index.php\/wp-json\/wp\/v2\/posts\/183828","targetHints":{"allow":["GET"]}}],"collection":[{"href":"https:\/\/cdnoticias.com\/index.php\/wp-json\/wp\/v2\/posts"}],"about":[{"href":"https:\/\/cdnoticias.com\/index.php\/wp-json\/wp\/v2\/types\/post"}],"author":[{"embeddable":true,"href":"https:\/\/cdnoticias.com\/index.php\/wp-json\/wp\/v2\/users\/6"}],"replies":[{"embeddable":true,"href":"https:\/\/cdnoticias.com\/index.php\/wp-json\/wp\/v2\/comments?post=183828"}],"version-history":[{"count":0,"href":"https:\/\/cdnoticias.com\/index.php\/wp-json\/wp\/v2\/posts\/183828\/revisions"}],"wp:featuredmedia":[{"embeddable":true,"href":"https:\/\/cdnoticias.com\/index.php\/wp-json\/wp\/v2\/media\/98007"}],"wp:attachment":[{"href":"https:\/\/cdnoticias.com\/index.php\/wp-json\/wp\/v2\/media?parent=183828"}],"wp:term":[{"taxonomy":"category","embeddable":true,"href":"https:\/\/cdnoticias.com\/index.php\/wp-json\/wp\/v2\/categories?post=183828"},{"taxonomy":"post_tag","embeddable":true,"href":"https:\/\/cdnoticias.com\/index.php\/wp-json\/wp\/v2\/tags?post=183828"}],"curies":[{"name":"wp","href":"https:\/\/api.w.org\/{rel}","templated":true}]}}