{"id":183819,"date":"2025-09-30T16:04:57","date_gmt":"2025-09-30T19:04:57","guid":{"rendered":"https:\/\/cdnoticias.com\/?p=183819"},"modified":"2025-09-30T17:00:42","modified_gmt":"2025-09-30T20:00:42","slug":"este-miercoles-barrio-por-barrio-llega-a-aoma","status":"publish","type":"post","link":"https:\/\/cdnoticias.com\/index.php\/2025\/09\/30\/este-miercoles-barrio-por-barrio-llega-a-aoma\/","title":{"rendered":"Este mi\u00e9rcoles, Barrio por Barrio llega a AOMA\u00a0"},"content":{"rendered":"\n<p>A partir de las 9:30 horas se dispondr\u00e1n puestos de atenci\u00f3n de numerosas \u00e1reas municipales.<\/p>\n\n\n\n<hr class=\"wp-block-separator aligncenter has-alpha-channel-opacity\"\/>\n\n\n\n<p>Este<strong> mi\u00e9rcoles 1 de octubre<\/strong> se llevar\u00e1 a cabo una <strong>nueva edici\u00f3n del Programa Municipal \u201cBarrio por Barrio<\/strong>\u201d. En esta ocasi\u00f3n ser\u00e1 el <strong>turno del barrio AOMA, <\/strong>por lo que se invita a vecinos y vecinas de ese punto de la ciudad y sectores aleda\u00f1os a acercarse a la sede de la <strong>Sociedad de Fomento ubicada sobre Barcal\u00e1 y Coronel Su\u00e1rez, a partir de las 9:30 horas<\/strong>, donde se dispondr\u00e1n puestos de atenci\u00f3n de numerosas \u00e1reas municipales.<\/p>\n\n\n\n<p><\/p>\n\n\n\n<p>&nbsp;Como es habitual, se podr\u00e1 acceder a los siguientes servicios:<\/p>\n\n\n\n<ul class=\"wp-block-list\">\n<li>SUBE<\/li>\n<\/ul>\n\n\n\n<ul class=\"wp-block-list\">\n<li>Asesoramiento m\u00e9dico y puesto de vacunaci\u00f3n.<\/li>\n<\/ul>\n\n\n\n<ul class=\"wp-block-list\">\n<li>Vacunaci\u00f3n canina y felina<\/li>\n<\/ul>\n\n\n\n<ul class=\"wp-block-list\">\n<li>Validaci\u00f3n de identidad app Mi Argentina<\/li>\n<\/ul>\n\n\n\n<ul class=\"wp-block-list\">\n<li>Asesoramiento e inscripci\u00f3n a los programas M\u00e1s Vida y PAAC (personas con celiaqu\u00eda)<\/li>\n<\/ul>\n\n\n\n<ul class=\"wp-block-list\">\n<li>Inscripci\u00f3n a Maternales, Centros de D\u00eda, Envi\u00f3n y Callejeadas<\/li>\n<\/ul>\n\n\n\n<ul class=\"wp-block-list\">\n<li>Atenci\u00f3n de las oficinas de Defensa del Consumidor, Relaciones Vecinales, Casa de Tierras y Regularizaci\u00f3n Dominial, Desarrollo Social, mujeres, G\u00e9neros y Diversidades y Empleo.<\/li>\n<\/ul>\n\n\n\n<p><\/p>\n\n\n\n<p>En paralelo, se desplegar\u00e1 el habitual <strong>dispositivo puerta a puerta<\/strong> en el que se dialogar\u00e1 con vecinos y vecinas para <strong>conocer sus inquietudes y necesidades<\/strong>, las cuales ser\u00e1n remitidas a las \u00e1reas municipales correspondientes. Asimismo se brindar\u00e1 informaci\u00f3n de inter\u00e9s, v\u00edas de comunicaci\u00f3n, entre otros.\u00a0<\/p>\n\n\n\n<p><\/p>\n\n\n\n<blockquote class=\"wp-block-quote is-layout-flow wp-block-quote-is-layout-flow\">\n<p>Por su parte, distintos equipos de trabajo llevar\u00e1n adelante tareas de materia de limpieza, como as\u00ed tambi\u00e9n mantenimiento de calles y espacios p\u00fablicos. Se trabaja de manera simult\u00e1nea y complementaria con personal de empresas que brindan servicios para el Municipio, como Coopelectric y Transportes Malvinas, para una respuesta integral.<\/p>\n<\/blockquote>\n\n\n\n<p><\/p>\n\n\n\n<p>Este tipo de jornadas territoriales plantean un abordaje integral, para lo cual se dispone de la participaci\u00f3n del Intendente y los funcionarios del gabinete, junto con personal de las distintas \u00e1reas de gesti\u00f3n municipal: Salud, Educaci\u00f3n, Protecci\u00f3n Ciudadana, Obras P\u00fablicas, Desarrollo de la Comunidad, Defensa al Consumidor, Asuntos Legales, entre otras \u00e1reas.<\/p>\n\n\n\n<p><\/p>\n","protected":false},"excerpt":{"rendered":"<p>A partir de las 9:30 horas se dispondr\u00e1n puestos de atenci\u00f3n de numerosas \u00e1reas municipales. Este mi\u00e9rcoles 1 de octubre<\/p>\n","protected":false},"author":6,"featured_media":170939,"comment_status":"closed","ping_status":"closed","sticky":false,"template":"","format":"standard","meta":{"_jetpack_memberships_contains_paid_content":false,"footnotes":""},"categories":[5,1],"tags":[],"class_list":["post-183819","post","type-post","status-publish","format-standard","has-post-thumbnail","hentry","category-informacion-general","category-portada"],"jetpack_featured_media_url":"https:\/\/i0.wp.com\/cdnoticias.com\/wp-content\/uploads\/2025\/05\/barrio-por-barrio-villa-floresta-B.jpg?fit=1000%2C698&ssl=1","jetpack_sharing_enabled":true,"_links":{"self":[{"href":"https:\/\/cdnoticias.com\/index.php\/wp-json\/wp\/v2\/posts\/183819","targetHints":{"allow":["GET"]}}],"collection":[{"href":"https:\/\/cdnoticias.com\/index.php\/wp-json\/wp\/v2\/posts"}],"about":[{"href":"https:\/\/cdnoticias.com\/index.php\/wp-json\/wp\/v2\/types\/post"}],"author":[{"embeddable":true,"href":"https:\/\/cdnoticias.com\/index.php\/wp-json\/wp\/v2\/users\/6"}],"replies":[{"embeddable":true,"href":"https:\/\/cdnoticias.com\/index.php\/wp-json\/wp\/v2\/comments?post=183819"}],"version-history":[{"count":0,"href":"https:\/\/cdnoticias.com\/index.php\/wp-json\/wp\/v2\/posts\/183819\/revisions"}],"wp:featuredmedia":[{"embeddable":true,"href":"https:\/\/cdnoticias.com\/index.php\/wp-json\/wp\/v2\/media\/170939"}],"wp:attachment":[{"href":"https:\/\/cdnoticias.com\/index.php\/wp-json\/wp\/v2\/media?parent=183819"}],"wp:term":[{"taxonomy":"category","embeddable":true,"href":"https:\/\/cdnoticias.com\/index.php\/wp-json\/wp\/v2\/categories?post=183819"},{"taxonomy":"post_tag","embeddable":true,"href":"https:\/\/cdnoticias.com\/index.php\/wp-json\/wp\/v2\/tags?post=183819"}],"curies":[{"name":"wp","href":"https:\/\/api.w.org\/{rel}","templated":true}]}}