{"id":1838,"date":"2020-09-18T16:52:10","date_gmt":"2020-09-18T19:52:10","guid":{"rendered":"http:\/\/www.centraldenoticias.com.ar\/?p=1838"},"modified":"2020-09-18T18:01:24","modified_gmt":"2020-09-18T21:01:24","slug":"empresas-de-viajes-y-turismo-convocan-a-una-nueva-movilizacion","status":"publish","type":"post","link":"https:\/\/cdnoticias.com\/index.php\/2020\/09\/18\/empresas-de-viajes-y-turismo-convocan-a-una-nueva-movilizacion\/","title":{"rendered":"Empresas de viajes y turismo convocan a una nueva movilizaci\u00f3n"},"content":{"rendered":"<p>Se trata de una protesta a nivel nacional, que en nuestra ciudad se llevar\u00e1 a cabo el pr\u00f3ximo lunes en el centro local.<\/p>\n<hr \/>\n<p>&nbsp;<\/p>\n<p>Sin dudas uno de los temas de conservaci\u00f3n, por no decir el principal, es la situaci\u00f3n econ\u00f3mica del pa\u00eds, una discusi\u00f3n que comenz\u00f3 a ganar cada vez m\u00e1s espacio a partir de las medidas aplicadas sobre el d\u00f3lar. En ese marco uno de los sectores m\u00e1s afectados fue el turismo, el cua<a href=\"https:\/\/cdnoticias.com\/index.php\/2020\/09\/03\/el-turismo-se-hizo-sentir-en-el-centro-con-un-bocinazo\/\">l semanas atr\u00e1s ya hab\u00eda hecho escuchar su voz en pedido de medidas de apoyo.<\/a><\/p>\n<p>&nbsp;<\/p>\n<figure id=\"attachment_670\" aria-describedby=\"caption-attachment-670\" style=\"width: 800px\" class=\"wp-caption alignnone\"><img data-recalc-dims=\"1\" loading=\"lazy\" decoding=\"async\" class=\"wp-image-670 size-large\" src=\"https:\/\/i0.wp.com\/cdnoticias.com\/wp-content\/uploads\/2020\/09\/ReclamoTurismo1.jpg?resize=800%2C600&#038;ssl=1\" alt=\"\" width=\"800\" height=\"600\" srcset=\"https:\/\/i0.wp.com\/cdnoticias.com\/wp-content\/uploads\/2020\/09\/ReclamoTurismo1.jpg?resize=1024%2C768&amp;ssl=1 1024w, https:\/\/i0.wp.com\/cdnoticias.com\/wp-content\/uploads\/2020\/09\/ReclamoTurismo1.jpg?resize=300%2C225&amp;ssl=1 300w, https:\/\/i0.wp.com\/cdnoticias.com\/wp-content\/uploads\/2020\/09\/ReclamoTurismo1.jpg?resize=768%2C576&amp;ssl=1 768w, https:\/\/i0.wp.com\/cdnoticias.com\/wp-content\/uploads\/2020\/09\/ReclamoTurismo1.jpg?w=1040&amp;ssl=1 1040w\" sizes=\"auto, (max-width: 800px) 100vw, 800px\" \/><figcaption id=\"caption-attachment-670\" class=\"wp-caption-text\">A inicios de mes se llev\u00f3 a cabo a una masiva caravana por el centro local.<\/figcaption><\/figure>\n<p>&nbsp;<\/p>\n<p>Es por ello que a nivel nacional se dio forma a una nueva movilizaci\u00f3n de protesta que se paut\u00f3 para el pr\u00f3ximo lunes 21 de septiembre. En nuestra ciudad se tratar\u00e1 de <strong>una caravana que volver\u00e1 a tener como punto de concentraci\u00f3n el cruce de Necochea y Moreno, a partir de las 11, para luego recorrer desde all\u00ed las principales calles del centro local.<\/strong><\/p>\n<p>&nbsp;<\/p>\n<blockquote><p><a href=\"https:\/\/cdnoticias.com\/index.php\/2020\/09\/03\/turismo-estuvimos-parados-seis-meses-pero-es-insostenible\/\">&#8220;Estuvimos parados seis meses, es insostenible&#8221;<\/a>, el testimonio desde una empresa local<\/p><\/blockquote>\n<p>&nbsp;<\/p>\n<p>\u201cLa implementaci\u00f3n del impuesto PAIS sumado a la retenci\u00f3n del 35% por la resoluci\u00f3n 4815 de AFIP tendr\u00e1n consecuencias irreversibles para nuestro sector\u201d, puede leerse en uno de los afiches que fue difundido para la convocatoria. <strong>\u201cJuntos defendemos a las empresas de viajes y turismo\u201d<\/strong>, se enfatiz\u00f3.<\/p>\n<p>&nbsp;<\/p>\n<figure id=\"attachment_1839\" aria-describedby=\"caption-attachment-1839\" style=\"width: 956px\" class=\"wp-caption alignnone\"><img data-recalc-dims=\"1\" loading=\"lazy\" decoding=\"async\" class=\"size-full wp-image-1839\" src=\"https:\/\/i0.wp.com\/cdnoticias.com\/wp-content\/uploads\/2020\/09\/afiches-turismo.jpg?resize=800%2C479&#038;ssl=1\" alt=\"\" width=\"800\" height=\"479\" srcset=\"https:\/\/i0.wp.com\/cdnoticias.com\/wp-content\/uploads\/2020\/09\/afiches-turismo.jpg?w=956&amp;ssl=1 956w, https:\/\/i0.wp.com\/cdnoticias.com\/wp-content\/uploads\/2020\/09\/afiches-turismo.jpg?resize=300%2C179&amp;ssl=1 300w, https:\/\/i0.wp.com\/cdnoticias.com\/wp-content\/uploads\/2020\/09\/afiches-turismo.jpg?resize=768%2C460&amp;ssl=1 768w\" sizes=\"auto, (max-width: 800px) 100vw, 800px\" \/><figcaption id=\"caption-attachment-1839\" class=\"wp-caption-text\">Algunos de los afiches difundidos para la marcha<\/figcaption><\/figure>\n<p>&nbsp;<\/p>\n<p>A la par,<strong> se reclama por la apertura de fronteras tanto nacionales como internacionales, sumado a la aplicaci\u00f3n de subsidios o ayudas econ\u00f3micas al sector<\/strong>. Vale recordar que a inicios de mes se realiz\u00f3 una convocatoria que similar que fue acompa\u00f1ada por un importante n\u00famero de personas.<\/p>\n<p>&nbsp;<\/p>\n<p>&nbsp;<\/p>\n","protected":false},"excerpt":{"rendered":"<p>Se trata de una protesta a nivel nacional, que en nuestra ciudad se llevar\u00e1 a cabo el pr\u00f3ximo lunes en<\/p>\n","protected":false},"author":3,"featured_media":1844,"comment_status":"closed","ping_status":"closed","sticky":false,"template":"","format":"standard","meta":{"_jetpack_memberships_contains_paid_content":false,"footnotes":""},"categories":[5,1],"tags":[],"class_list":["post-1838","post","type-post","status-publish","format-standard","has-post-thumbnail","hentry","category-informacion-general","category-portada"],"jetpack_featured_media_url":"https:\/\/i0.wp.com\/cdnoticias.com\/wp-content\/uploads\/2020\/09\/port-1.jpg?fit=461%2C361&ssl=1","jetpack_sharing_enabled":true,"_links":{"self":[{"href":"https:\/\/cdnoticias.com\/index.php\/wp-json\/wp\/v2\/posts\/1838","targetHints":{"allow":["GET"]}}],"collection":[{"href":"https:\/\/cdnoticias.com\/index.php\/wp-json\/wp\/v2\/posts"}],"about":[{"href":"https:\/\/cdnoticias.com\/index.php\/wp-json\/wp\/v2\/types\/post"}],"author":[{"embeddable":true,"href":"https:\/\/cdnoticias.com\/index.php\/wp-json\/wp\/v2\/users\/3"}],"replies":[{"embeddable":true,"href":"https:\/\/cdnoticias.com\/index.php\/wp-json\/wp\/v2\/comments?post=1838"}],"version-history":[{"count":0,"href":"https:\/\/cdnoticias.com\/index.php\/wp-json\/wp\/v2\/posts\/1838\/revisions"}],"wp:featuredmedia":[{"embeddable":true,"href":"https:\/\/cdnoticias.com\/index.php\/wp-json\/wp\/v2\/media\/1844"}],"wp:attachment":[{"href":"https:\/\/cdnoticias.com\/index.php\/wp-json\/wp\/v2\/media?parent=1838"}],"wp:term":[{"taxonomy":"category","embeddable":true,"href":"https:\/\/cdnoticias.com\/index.php\/wp-json\/wp\/v2\/categories?post=1838"},{"taxonomy":"post_tag","embeddable":true,"href":"https:\/\/cdnoticias.com\/index.php\/wp-json\/wp\/v2\/tags?post=1838"}],"curies":[{"name":"wp","href":"https:\/\/api.w.org\/{rel}","templated":true}]}}