{"id":183797,"date":"2025-09-29T19:38:47","date_gmt":"2025-09-29T22:38:47","guid":{"rendered":"https:\/\/cdnoticias.com\/?p=183797"},"modified":"2025-09-29T19:38:49","modified_gmt":"2025-09-29T22:38:49","slug":"ia-en-las-aulas-docentes-reclaman-capacitacion-urgente-y-obligatoria-en-el-ambito-educativo","status":"publish","type":"post","link":"https:\/\/cdnoticias.com\/index.php\/2025\/09\/29\/ia-en-las-aulas-docentes-reclaman-capacitacion-urgente-y-obligatoria-en-el-ambito-educativo\/","title":{"rendered":"IA en las aulas: docentes reclaman capacitaci\u00f3n urgente y obligatoria en el \u00e1mbito educativo\u00a0"},"content":{"rendered":"\n<p>Un informe realizado por la Asociaci\u00f3n de Institutos de Ense\u00f1anza Privada de Argentina (AIEPA) a partir de evaluaciones y encuestas ofrece una radiograf\u00eda de la situaci\u00f3n: concluye que existe entusiasmo y uso creciente, pero sin un marco com\u00fan que ordene la pr\u00e1ctica.<\/p>\n\n\n\n<hr class=\"wp-block-separator aligncenter has-alpha-channel-opacity\"\/>\n\n\n\n<p>La <strong>irrupci\u00f3n de la inteligencia artificial en las escuelas argentinas <\/strong>encontr\u00f3 a las instituciones en un<strong> terreno repleto de incertidumbres<\/strong>. Faltan pautas claras, la mayor\u00eda de los<strong> docentes reclama capacitaci\u00f3n <\/strong>y los<strong> estudiantes ya experimentan con herramientas<\/strong> que cambiaron la din\u00e1mica del aula.<\/p>\n\n\n\n<p><\/p>\n\n\n\n<p>Un informe realizado por la <strong>Asociaci\u00f3n de Institutos de Ense\u00f1anza Privada de Argentina<\/strong> (AIEPA) a partir de evaluaciones y encuestas ofrece una radiograf\u00eda de la situaci\u00f3n: concluye que<strong> existe entusiasmo y uso creciente, pero sin un marco com\u00fan que ordene la pr\u00e1ctica.<\/strong><\/p>\n\n\n\n<p><\/p>\n\n\n\n<p><em>\u201cEste estudio confirma que estamos en una etapa inicial, en la que la innovaci\u00f3n corre m\u00e1s r\u00e1pido que la regulaci\u00f3n interna. Los docentes y los estudiantes ya interact\u00faan con estas herramientas en el aula, pero lo hacen sin un marco institucional com\u00fan que brinde certezas. Nuestro rol es reconocer esa brecha y trabajar para que las escuelas puedan definir pautas claras y seguras\u201d<\/em>, se\u00f1al\u00f3 <strong>Mart\u00edn Zurita,<\/strong> secretario ejecutivo de AIEPA.<\/p>\n\n\n\n<p><\/p>\n\n\n\n<blockquote class=\"wp-block-quote is-layout-flow wp-block-quote-is-layout-flow\">\n<p>Algunos datos que surgen del informe realizado sobre 148 institutos de ense\u00f1anza de distintas ciudades bonaerenses y el resto del pa\u00eds: apenas dos de cada diez escuelas afirmaron tener protocolos claros sobre el uso de IA por parte de los alumnos.\u00a0<\/p>\n<\/blockquote>\n\n\n\n<p><\/p>\n\n\n\n<p>La mayor\u00eda admiti\u00f3 que <strong>est\u00e1 \u201ctrabajando en eso\u201d<\/strong> o que<strong> ni siquiera comenz\u00f3 a evaluarlo.<\/strong> Esa falta de reglas choca con otro fen\u00f3meno: m\u00e1s de la mitad de los directivos y docentes percibi\u00f3 que los estudiantes ya usan IA con frecuencia para sus tareas, mientras que otro 24% dijo verlo de manera ocasional.<\/p>\n\n\n\n<p><\/p>\n\n\n\n<p>Al mismo tiempo, la postura de los educadores oscila entre <strong>el inter\u00e9s y la preocupaci\u00f3n<\/strong>. Un 65% describi\u00f3 la mirada general del plantel docente como \u201cmixta\u201d, una mezcla de expectativa y dudas. Solo un 7,5% habl\u00f3 de una posici\u00f3n mayoritariamente positiva, mientras que un 10% la defini\u00f3 como negativa.<\/p>\n\n\n\n<p><\/p>\n\n\n\n<blockquote class=\"wp-block-quote is-layout-flow wp-block-quote-is-layout-flow\">\n<p>La conclusi\u00f3n m\u00e1s contundente surgi\u00f3 al preguntar por la preparaci\u00f3n de los docentes. El 77,5% de los encuestados reclam\u00f3 capacitaci\u00f3n urgente y obligatoria en IA aplicada a la educaci\u00f3n, y otro 20% pidi\u00f3 instancias optativas. Apenas un 2,5% consider\u00f3 que con los recursos actuales alcanza.<\/p>\n<\/blockquote>\n\n\n\n<p><\/p>\n\n\n\n<p>Ese dato encontr\u00f3 un correlato en la experiencia individual: <strong>seis de cada diez docentes dijeron no haber recibido formaci\u00f3n espec\u00edfica, aunque manifestaron inter\u00e9s en hacerlo. <\/strong>Entre quienes s\u00ed accedieron a capacitaci\u00f3n, predomin\u00f3 la modalidad externa \u2014cursos, webinars\u2014 frente a las instancias organizadas por la propia instituci\u00f3n.<\/p>\n\n\n\n<p><\/p>\n\n\n\n<blockquote class=\"wp-block-quote is-layout-flow wp-block-quote-is-layout-flow\">\n<p>El uso cotidiano mostr\u00f3 matices. Un 68% de los docentes ya utiliza alguna herramienta de IA en su pr\u00e1ctica, aunque la mayor\u00eda en forma ocasional o exploratoria. Solo un 19% dijo hacerlo de manera habitual, mientras que un 11% declar\u00f3 no tener inter\u00e9s en usarla.<\/p>\n<\/blockquote>\n\n\n\n<p><\/p>\n\n\n\n<p>Las diferencias de roles tambi\u00e9n se hicieron visibles. <strong>Los directivos reconocieron un uso m\u00e1s frecuente de IA por parte de los alumnos y mostraron una mayor proporci\u00f3n de empleo habitual en su propia pr\u00e1ctica.<\/strong> Los <strong>docentes, en cambio, la usan sobre todo de manera espor\u00e1dica<\/strong> y se muestran m\u00e1s reticentes a incorporar protocolos.<\/p>\n\n\n\n<p><\/p>\n\n\n\n<p>La IA ya ingres\u00f3 en las aulas y desbord\u00f3 los marcos formales. <em>\u201cNuestro desaf\u00edo es acompa\u00f1ar a las instituciones para que la adopci\u00f3n de estas tecnolog\u00edas sea ordenada, segura y formativa. La inteligencia artificial no puede quedar librada al azar ni al uso individual, porque su impacto trasciende lo pedag\u00f3gico e involucra tambi\u00e9n cuestiones \u00e9ticas y sociales. Desde AIEPA creemos que la formaci\u00f3n docente es el primer paso para transformar la incertidumbre en una oportunidad\u201d, <\/em>sostuvo Zurita.<\/p>\n\n\n\n<p><\/p>\n\n\n\n<p>El dirigente de AIEPA concluy\u00f3 que \u201cel relevamiento dej\u00f3 un mensaje claro. Sin protocolos definidos y con una demanda contundente de capacitaci\u00f3n,<strong> la IA se convirti\u00f3 en un factor disruptivo que obliga a repensar la ense\u00f1anza.<\/strong> Ya la pregunta no es si se usar\u00e1 inteligencia artificial, sino<strong> c\u00f3mo y bajo qu\u00e9 reglas<\/strong>\u201d.<\/p>\n\n\n\n<p><\/p>\n","protected":false},"excerpt":{"rendered":"<p>Un informe realizado por la Asociaci\u00f3n de Institutos de Ense\u00f1anza Privada de Argentina (AIEPA) a partir de evaluaciones y encuestas<\/p>\n","protected":false},"author":6,"featured_media":183798,"comment_status":"closed","ping_status":"closed","sticky":false,"template":"","format":"standard","meta":{"_jetpack_memberships_contains_paid_content":false,"footnotes":""},"categories":[6,1],"tags":[],"class_list":["post-183797","post","type-post","status-publish","format-standard","has-post-thumbnail","hentry","category-nacionales","category-portada"],"jetpack_featured_media_url":"https:\/\/i0.wp.com\/cdnoticias.com\/wp-content\/uploads\/2025\/09\/chat-gpt.jpg?fit=900%2C506&ssl=1","jetpack_sharing_enabled":true,"_links":{"self":[{"href":"https:\/\/cdnoticias.com\/index.php\/wp-json\/wp\/v2\/posts\/183797","targetHints":{"allow":["GET"]}}],"collection":[{"href":"https:\/\/cdnoticias.com\/index.php\/wp-json\/wp\/v2\/posts"}],"about":[{"href":"https:\/\/cdnoticias.com\/index.php\/wp-json\/wp\/v2\/types\/post"}],"author":[{"embeddable":true,"href":"https:\/\/cdnoticias.com\/index.php\/wp-json\/wp\/v2\/users\/6"}],"replies":[{"embeddable":true,"href":"https:\/\/cdnoticias.com\/index.php\/wp-json\/wp\/v2\/comments?post=183797"}],"version-history":[{"count":0,"href":"https:\/\/cdnoticias.com\/index.php\/wp-json\/wp\/v2\/posts\/183797\/revisions"}],"wp:featuredmedia":[{"embeddable":true,"href":"https:\/\/cdnoticias.com\/index.php\/wp-json\/wp\/v2\/media\/183798"}],"wp:attachment":[{"href":"https:\/\/cdnoticias.com\/index.php\/wp-json\/wp\/v2\/media?parent=183797"}],"wp:term":[{"taxonomy":"category","embeddable":true,"href":"https:\/\/cdnoticias.com\/index.php\/wp-json\/wp\/v2\/categories?post=183797"},{"taxonomy":"post_tag","embeddable":true,"href":"https:\/\/cdnoticias.com\/index.php\/wp-json\/wp\/v2\/tags?post=183797"}],"curies":[{"name":"wp","href":"https:\/\/api.w.org\/{rel}","templated":true}]}}