{"id":183792,"date":"2025-09-29T17:00:55","date_gmt":"2025-09-29T20:00:55","guid":{"rendered":"https:\/\/cdnoticias.com\/?p=183792"},"modified":"2025-09-29T17:00:57","modified_gmt":"2025-09-29T20:00:57","slug":"kicillof-pidio-por-ley-para-refinanciar-las-deudas-que-contrajo-la-gestion-vidal","status":"publish","type":"post","link":"https:\/\/cdnoticias.com\/index.php\/2025\/09\/29\/kicillof-pidio-por-ley-para-refinanciar-las-deudas-que-contrajo-la-gestion-vidal\/","title":{"rendered":"Kicillof pidi\u00f3 por ley para &#8220;refinanciar&#8221; las deudas que contrajo la gesti\u00f3n Vidal"},"content":{"rendered":"<p>El gobernador Axel Kicillof, marc\u00f3 la &#8220;necesidad imperiosa&#8221; de que la Legislatura apruebe esa ley para cumplir con el pago de la deuda.<!--more--><\/p>\n<hr \/>\n<p>Mientras define una hoja de ruta que requiere del acuerdo con los bloques de la oposici\u00f3n, <strong>el gobernador Axel Kicillof le reclam\u00f3 a la Legislatura que trate con urgencia el proyecto de endeudamiento<\/strong> para poder \u201crefinanciar\u201d las deudas que contrajo la Provincia durante la gesti\u00f3n de Mar\u00eda Eugenia Vidal.<\/p>\n<p>M\u00e1s all\u00e1 del <strong>Presupuesto 2026 y la Ley Fiscal Impositiva<\/strong> para el pr\u00f3ximo per\u00edodo, la <strong>premura de Kicillof<\/strong> pasa ahora por una iniciativa que <strong>tuvo dictamen en una comisi\u00f3n del Senado y no se movi\u00f3 m\u00e1s<\/strong>. Se trata de una solicitud de <a href=\"https:\/\/cdnoticias.com\/index.php\/2025\/05\/08\/kicillof-pide-endeudarse-por-el-equivalente-en-pesos-a-us-1-045-millones-y-suspender-deudas-municipales-del-covid\/\" target=\"_blank\" rel=\"noopener\">endeudamiento que requiri\u00f3 el Poder Ejecutivo en mayo<\/a>, equivalente a una suma de hasta US$ 1.045 millones.<\/p>\n<p>Esa iniciativa incluye la <strong>creaci\u00f3n de un Fondo de Fortalecimiento de Inversi\u00f3n Municipal<\/strong> y la <strong>condonaci\u00f3n de deudas que los municipios mantienen con la provincia<\/strong> por asistencia recibida durante la pandemia de Covid-19.<\/p>\n<blockquote><p>\u201cNo nos gusta llamarlo endeudamiento porque no es que la Provincia planea endeudarse, incrementar su deuda tanto en moneda extranjera como nacional, sino que simplemente tenemos vencimientos\u201d, aclar\u00f3 el mandatario desde Gobernaci\u00f3n. \u201cLos m\u00e1s importantes que hemos asumido tanto en marzo como en septiembre, que provienen de la deuda tomada por el gobierno de Vidal. Entonces lo \u00fanico que necesitamos es una autorizaci\u00f3n para refinanciar los vencimientos porque sino hay que afrontarlos con recursos que vienen de la recaudaci\u00f3n, explic\u00f3.<\/p><\/blockquote>\n<h3>Mensaje a la Legislatura<\/h3>\n<p>Kicillof aprovech\u00f3 para dejarle un mensaje a la Legislatura, donde <strong>no tiene mayor\u00eda como para aprobar sus proyectos<\/strong>. De hecho, el bloque del peronismo en el Senado tiene 21 integrantes, de un total de 46. Y para <strong>aprobar el endeudamiento se requiere de los dos tercios<\/strong>. En Diputados hay un bloque de 37 sobre 92, y tambi\u00e9n debe llegar a los dos tercios.<\/p>\n<p>\u201cFuimos a buscar la ley para el refinanciamiento y eso no se consigui\u00f3. Luego de que el Presupuesto y la Ley Impositiva no se aprobaran el a\u00f1o pasado, presentamos esta ley corta de refinanciaci\u00f3n. <strong>Necesitamos eso con urgencia para cerrar el a\u00f1o\u201d<\/strong>, se\u00f1al\u00f3 en conferencia de prensa.<\/p>\n<blockquote><p>\u201cLa oposici\u00f3n puede desear lo que desee y se puede escuchar, pero no tenemos m\u00e1s que una necesidad imperiosa y pr\u00e1ctica para poder cerrar el a\u00f1o\u201d, sostuvo al ser consultado sobre si la negociaci\u00f3n por la ley incluir\u00eda acuerdos en torno a cargos en la Suprema Corte bonaerense o en el directorio del Banco Provincia.<\/p><\/blockquote>\n<p><em>\u201cNo me parece que estas cuestiones tengan que tener una respuesta por parte del gobierno provincial. Necesitamos la ley corta de refinanciamiento\u201d<\/em>, insisti\u00f3 y explic\u00f3 adem\u00e1s que, una vez resuelta la cuesti\u00f3n de la deuda, se podr\u00e1 \u201ciniciar la confecci\u00f3n del Presupuesto para 2026\u201d.<\/p>\n<p>Fuente: <em>Agencia DIB<\/em><\/p>\n","protected":false},"excerpt":{"rendered":"<p>El gobernador Axel Kicillof, marc\u00f3 la &#8220;necesidad imperiosa&#8221; de que la Legislatura apruebe esa ley para cumplir con el pago<\/p>\n","protected":false},"author":4,"featured_media":182589,"comment_status":"closed","ping_status":"closed","sticky":false,"template":"","format":"standard","meta":{"_jetpack_memberships_contains_paid_content":false,"footnotes":""},"categories":[6,1],"tags":[],"class_list":["post-183792","post","type-post","status-publish","format-standard","has-post-thumbnail","hentry","category-nacionales","category-portada"],"jetpack_featured_media_url":"https:\/\/i0.wp.com\/cdnoticias.com\/wp-content\/uploads\/2025\/09\/axel-kicillof-y-pablo-lopez.jpg?fit=800%2C534&ssl=1","jetpack_sharing_enabled":true,"_links":{"self":[{"href":"https:\/\/cdnoticias.com\/index.php\/wp-json\/wp\/v2\/posts\/183792","targetHints":{"allow":["GET"]}}],"collection":[{"href":"https:\/\/cdnoticias.com\/index.php\/wp-json\/wp\/v2\/posts"}],"about":[{"href":"https:\/\/cdnoticias.com\/index.php\/wp-json\/wp\/v2\/types\/post"}],"author":[{"embeddable":true,"href":"https:\/\/cdnoticias.com\/index.php\/wp-json\/wp\/v2\/users\/4"}],"replies":[{"embeddable":true,"href":"https:\/\/cdnoticias.com\/index.php\/wp-json\/wp\/v2\/comments?post=183792"}],"version-history":[{"count":0,"href":"https:\/\/cdnoticias.com\/index.php\/wp-json\/wp\/v2\/posts\/183792\/revisions"}],"wp:featuredmedia":[{"embeddable":true,"href":"https:\/\/cdnoticias.com\/index.php\/wp-json\/wp\/v2\/media\/182589"}],"wp:attachment":[{"href":"https:\/\/cdnoticias.com\/index.php\/wp-json\/wp\/v2\/media?parent=183792"}],"wp:term":[{"taxonomy":"category","embeddable":true,"href":"https:\/\/cdnoticias.com\/index.php\/wp-json\/wp\/v2\/categories?post=183792"},{"taxonomy":"post_tag","embeddable":true,"href":"https:\/\/cdnoticias.com\/index.php\/wp-json\/wp\/v2\/tags?post=183792"}],"curies":[{"name":"wp","href":"https:\/\/api.w.org\/{rel}","templated":true}]}}