{"id":183746,"date":"2025-09-29T09:34:01","date_gmt":"2025-09-29T12:34:01","guid":{"rendered":"https:\/\/cdnoticias.com\/?p=183746"},"modified":"2025-09-29T11:10:42","modified_gmt":"2025-09-29T14:10:42","slug":"este-lunes-es-feriado-para-los-empleados-y-empleadas-de-comercio","status":"publish","type":"post","link":"https:\/\/cdnoticias.com\/index.php\/2025\/09\/29\/este-lunes-es-feriado-para-los-empleados-y-empleadas-de-comercio\/","title":{"rendered":"Este lunes es feriado para los empleados y empleadas de comercio"},"content":{"rendered":"<p>Si bien el d\u00eda conmemorativo fue el viernes, la jornada no laborable se traslad\u00f3 a este lunes. El CECO destac\u00f3 que \u201cmuchos comercios de Olavarr\u00eda y la regi\u00f3n permanecer\u00e1n cerrados\u201d.<!--more--><\/p>\n<hr \/>\n<p><strong>Este lunes es el d\u00eda de descanso para los trabajadores mercantiles<\/strong> debido al traslado del d\u00eda del feriado por el <strong>\u201cD\u00eda del Empleado de Comercio\u201d<\/strong>, celebrado el <a href=\"https:\/\/cdnoticias.com\/index.php\/2025\/09\/26\/el-ceco-festeja-el-dia-del-empleado-y-la-empleada-de-comercio\/\" target=\"_blank\" rel=\"noopener\">pasado, viernes 26 de septiembre<\/a>.<strong> \u201cEn consecuencia, muchos comercios de la ciudad y la regi\u00f3n permanecer\u00e1n cerrados\u201d<\/strong> inform\u00f3 el <strong>Centro Empleados de Comercio de Olavarr\u00eda (CECO)<\/strong>.<\/p>\n<p>\u00a0<\/p>\n<p>El \u201cD\u00eda del Empleado de Comercio\u201d fue instituido en <strong>conmemoraci\u00f3n de la sanci\u00f3n de la primera ley de contrato de trabajo<\/strong> que signific\u00f3 una <strong>mejora sustancial en las condiciones laborales del sector<\/strong>. Desde el a\u00f1o 2009 el feriado tiene alcance nacional, a trav\u00e9s de la Ley 26.541, y en esta oportunidad se traslada al lunes 29 en todo el pa\u00eds.<\/p>\n<p>\u00a0<\/p>\n<blockquote>\n<p>Durante los \u00faltimos d\u00edas, representantes del CECO establecieron contacto con comercios y empresas de la ciudad para coordinar la adhesi\u00f3n al feriado. Desde la Secretar\u00eda Gremial del CECO se inform\u00f3 que \u201chasta el momento cuentan con la ratificaci\u00f3n y el compromiso por parte de un importante n\u00famero de empresarios y comerciantes locales para acompa\u00f1ar esta iniciativa\u201d.<\/p>\n<\/blockquote>\n<p>\u00a0<\/p>\n<p>Por todo ello, <strong>hoy es un d\u00eda de descanso para los empleados de comercio<\/strong> con los mismos efectos y alcances legales que un feriado nacional.<\/p>\n\n\n<p><\/p>\n","protected":false},"excerpt":{"rendered":"<p>Si bien el d\u00eda conmemorativo fue el viernes, la jornada no laborable se traslad\u00f3 a este lunes. El CECO destac\u00f3<\/p>\n","protected":false},"author":4,"featured_media":183747,"comment_status":"closed","ping_status":"closed","sticky":false,"template":"","format":"standard","meta":{"_jetpack_memberships_contains_paid_content":false,"footnotes":""},"categories":[5,1],"tags":[],"class_list":["post-183746","post","type-post","status-publish","format-standard","has-post-thumbnail","hentry","category-informacion-general","category-portada"],"jetpack_featured_media_url":"https:\/\/i0.wp.com\/cdnoticias.com\/wp-content\/uploads\/2025\/09\/dia-del-empleado-de-comercio-cerrado.jpg?fit=800%2C446&ssl=1","jetpack_sharing_enabled":true,"_links":{"self":[{"href":"https:\/\/cdnoticias.com\/index.php\/wp-json\/wp\/v2\/posts\/183746","targetHints":{"allow":["GET"]}}],"collection":[{"href":"https:\/\/cdnoticias.com\/index.php\/wp-json\/wp\/v2\/posts"}],"about":[{"href":"https:\/\/cdnoticias.com\/index.php\/wp-json\/wp\/v2\/types\/post"}],"author":[{"embeddable":true,"href":"https:\/\/cdnoticias.com\/index.php\/wp-json\/wp\/v2\/users\/4"}],"replies":[{"embeddable":true,"href":"https:\/\/cdnoticias.com\/index.php\/wp-json\/wp\/v2\/comments?post=183746"}],"version-history":[{"count":0,"href":"https:\/\/cdnoticias.com\/index.php\/wp-json\/wp\/v2\/posts\/183746\/revisions"}],"wp:featuredmedia":[{"embeddable":true,"href":"https:\/\/cdnoticias.com\/index.php\/wp-json\/wp\/v2\/media\/183747"}],"wp:attachment":[{"href":"https:\/\/cdnoticias.com\/index.php\/wp-json\/wp\/v2\/media?parent=183746"}],"wp:term":[{"taxonomy":"category","embeddable":true,"href":"https:\/\/cdnoticias.com\/index.php\/wp-json\/wp\/v2\/categories?post=183746"},{"taxonomy":"post_tag","embeddable":true,"href":"https:\/\/cdnoticias.com\/index.php\/wp-json\/wp\/v2\/tags?post=183746"}],"curies":[{"name":"wp","href":"https:\/\/api.w.org\/{rel}","templated":true}]}}