{"id":183724,"date":"2025-09-28T20:16:46","date_gmt":"2025-09-28T23:16:46","guid":{"rendered":"https:\/\/cdnoticias.com\/?p=183724"},"modified":"2025-09-29T09:34:34","modified_gmt":"2025-09-29T12:34:34","slug":"entre-fotos-y-discusiones-sobre-el-estado-capitulo-elecciones-nacionales","status":"publish","type":"post","link":"https:\/\/cdnoticias.com\/index.php\/2025\/09\/28\/entre-fotos-y-discusiones-sobre-el-estado-capitulo-elecciones-nacionales\/","title":{"rendered":"Entre fotos y discusiones sobre el Estado: cap\u00edtulo elecciones nacionales"},"content":{"rendered":"\n<p>El Municipio avanza con hechos y plantea un debate alineado con la Provincia sobre el rol del Estado. La Libertad Avanza y una foto con mucho para analizar. El triple femicidio y el narcotr\u00e1fico.<\/p>\n\n\n\n<hr class=\"wp-block-separator aligncenter has-alpha-channel-opacity\"\/>\n\n\n\n<p><strong><em>*Volver a las Fuentes \/ Josefina Bargas y Alexis Grierson<\/em><\/strong><strong><\/strong><\/p>\n\n\n\n<p class=\"has-large-font-size\"><strong><u>En visitas y en actos, hay un debate<\/u><\/strong><\/p>\n\n\n\n<figure class=\"wp-block-image size-full\"><img data-recalc-dims=\"1\" loading=\"lazy\" decoding=\"async\" width=\"800\" height=\"544\" src=\"https:\/\/i0.wp.com\/cdnoticias.com\/wp-content\/uploads\/2025\/09\/julia-strada1.jpg?resize=800%2C544&#038;ssl=1\" alt=\"\" class=\"wp-image-183599\" srcset=\"https:\/\/i0.wp.com\/cdnoticias.com\/wp-content\/uploads\/2025\/09\/julia-strada1.jpg?w=900&amp;ssl=1 900w, https:\/\/i0.wp.com\/cdnoticias.com\/wp-content\/uploads\/2025\/09\/julia-strada1.jpg?resize=300%2C204&amp;ssl=1 300w, https:\/\/i0.wp.com\/cdnoticias.com\/wp-content\/uploads\/2025\/09\/julia-strada1.jpg?resize=768%2C522&amp;ssl=1 768w\" sizes=\"auto, (max-width: 800px) 100vw, 800px\" \/><\/figure>\n\n\n\n<p><strong>Dos diputadas nacionales de visita en Olavarr\u00eda en una semana, un acto de entrega de viviendas, la inauguraci\u00f3n de un taller de caminos rurales, una entrega de distinciones a la industria<\/strong>. Todo es ocasi\u00f3n para que el peronismo -en distintos grados- <strong>deje su visi\u00f3n del rol del estado y la importancia de la obra p\u00fablica.<\/strong><\/p>\n\n\n\n<p><strong>Es la discusi\u00f3n central planteada en la pol\u00edtica local <\/strong>a partir de la irrupci\u00f3n de los sectores liberales\/libertarios a nivel nacional. Y desde el oficialismo nacional y provincial est\u00e1n dispuestos a darla,<strong> a veces de forma directa y al hueso, y a veces de manera indirecta.<\/strong><\/p>\n\n\n\n<p>Para ver una versi\u00f3n m\u00e1s suave, podemos citar el acto de entrega de viviendas: <strong>21 casas del barrio CECO III ya tienen due\u00f1o. Quedan 22 por entregar de un total de 100 construidas por el sindicato.<\/strong><\/p>\n\n\n\n<p>El acto realizado en el barrio tuvo al director del Instituto de la Vivienda, Diego Men\u00e9ndez. Fue uno de los que habl\u00f3, al igual que el intendente Wesner y la&nbsp; directiva del CECO, Carolina Santell\u00e1n.<strong> Los tres aludieron al tema de debate y pusieron a los flamantes propietarios como eje central de afectados\/beneficiados, seg\u00fan la postura adoptada.<\/strong><\/p>\n\n\n\n<figure class=\"wp-block-image size-full\"><img data-recalc-dims=\"1\" loading=\"lazy\" decoding=\"async\" width=\"800\" height=\"531\" src=\"https:\/\/i0.wp.com\/cdnoticias.com\/wp-content\/uploads\/2025\/09\/Viviendas-CECO-III-35.jpg?resize=800%2C531&#038;ssl=1\" alt=\"\" class=\"wp-image-183400\" srcset=\"https:\/\/i0.wp.com\/cdnoticias.com\/wp-content\/uploads\/2025\/09\/Viviendas-CECO-III-35.jpg?w=1024&amp;ssl=1 1024w, https:\/\/i0.wp.com\/cdnoticias.com\/wp-content\/uploads\/2025\/09\/Viviendas-CECO-III-35.jpg?resize=300%2C199&amp;ssl=1 300w, https:\/\/i0.wp.com\/cdnoticias.com\/wp-content\/uploads\/2025\/09\/Viviendas-CECO-III-35.jpg?resize=768%2C510&amp;ssl=1 768w, https:\/\/i0.wp.com\/cdnoticias.com\/wp-content\/uploads\/2025\/09\/Viviendas-CECO-III-35.jpg?resize=272%2C182&amp;ssl=1 272w\" sizes=\"auto, (max-width: 800px) 100vw, 800px\" \/><\/figure>\n\n\n\n<p><strong>\u201cEste techo que sinceramente cost\u00f3 much\u00edsimo, en un contexto complejo, adverso, donde la obra p\u00fablica nacional se queda trunca. Pero demostramos que se puede realizar, que se puede concretar y ac\u00e1 los protagonistas, sin lugar a dudas, son ustedes\u201d<\/strong> les dijo Maximiliano Wesner.<\/p>\n\n\n\n<p>Men\u00e9ndez, por su parte, tambi\u00e9n puso el acento en <strong>\u201cel apoyo del Estado. La participaci\u00f3n del Estado provincial, del municipio, de las entidades intermedias, para que todos ustedes en este momento puedan tener una vivienda\u201d.<\/strong><\/p>\n\n\n\n<p>Carolina Santell\u00e1n dijo que<strong> \u201ceste barrio se hizo porque muchas personas de muchas instituciones trabajaron para que se logre. Y eso es algo que en este momento pol\u00edtico muchos est\u00e1n poniendo en discusi\u00f3n y me parece importante destacarlo. El estado y las instituciones intermedias, como el CECO, los sindicatos que representan a los trabajadores est\u00e1n para esto, para garantizar derechos y para ayudar a todos\u201d.<\/strong><\/p>\n\n\n\n<p><strong>El jueves se inaugur\u00f3 el IX Taller T\u00e9cnico de Caminos Rurales en el CEMO. <\/strong>En este caso, tambi\u00e9n hubo voces para el debate y hasta cierto contrapunto si se quiere. As\u00ed que vamos a ir en el orden que se dieron las exposiciones en el acto de apertura que nos interesan para lo que estamos ejemplificando.<\/p>\n\n\n\n<figure class=\"wp-block-image size-full\"><img data-recalc-dims=\"1\" loading=\"lazy\" decoding=\"async\" width=\"800\" height=\"445\" src=\"https:\/\/i0.wp.com\/cdnoticias.com\/wp-content\/uploads\/2025\/09\/taller-de-caminos-rurales-01.jpg?resize=800%2C445&#038;ssl=1\" alt=\"\" class=\"wp-image-183451\" srcset=\"https:\/\/i0.wp.com\/cdnoticias.com\/wp-content\/uploads\/2025\/09\/taller-de-caminos-rurales-01.jpg?w=1000&amp;ssl=1 1000w, https:\/\/i0.wp.com\/cdnoticias.com\/wp-content\/uploads\/2025\/09\/taller-de-caminos-rurales-01.jpg?resize=300%2C167&amp;ssl=1 300w, https:\/\/i0.wp.com\/cdnoticias.com\/wp-content\/uploads\/2025\/09\/taller-de-caminos-rurales-01.jpg?resize=768%2C427&amp;ssl=1 768w, https:\/\/i0.wp.com\/cdnoticias.com\/wp-content\/uploads\/2025\/09\/taller-de-caminos-rurales-01.jpg?resize=800%2C445&amp;ssl=1 800w\" sizes=\"auto, (max-width: 800px) 100vw, 800px\" \/><\/figure>\n\n\n\n<p><strong>Tom\u00e1s Palaz\u00f3n, de la comisi\u00f3n de Infraestructura de la Sociedad Rural Argentina, plante\u00f3 la necesidad de mejoras.<\/strong> \u201cVenimos pidiendo una articulaci\u00f3n p\u00fablico-privada. No significa que los productores nos hagamos cargo de los caminos en un consorcio, sino implementar la ley vigente que exige la conformaci\u00f3n de las comisiones viales asesoras\u201d dijo. <strong>Evidentemente, la intenci\u00f3n es que los productores se ubiquen del lado de la toma de decisiones, pero no tanto de las acciones. Y a\u00f1adi\u00f3 luego \u201cen esta zona donde se ve que hay muchos materiales para ejecutar obras (piedra, cemento y dem\u00e1s), lo que falta es asignarle materia gris\u201d. Nada dijo de la financiaci\u00f3n ni de las responsabilidades de los distintos niveles del estado.<\/strong><\/p>\n\n\n\n<p>Del Ministerio de Asuntos Agrarios, Jonatan S\u00e1nchez Sosa, mencion\u00f3 el Plan de Mejora de Caminos Rurales que aplica la Provincia desde 2020 y consider\u00f3 la importancia de las distintas estrategias que cada municipio aplica para mejorar la red vial. <strong>\u201cLa obra p\u00fablica cero lo \u00fanico que significa es que cuando el estado se retira las comunidades quedan desamparadas y nosotros lo que tenemos que trabajar es para fomentar m\u00e1s desarrollo\u201d<\/strong> concluy\u00f3.<\/p>\n\n\n\n<p>El \u00faltimo fue el intendente. <strong>\u201cel estado debe estar presente y tiene que ser parte de una mesa donde se atienda la problem\u00e1tica, se caracterice, se diagnostique y se pueda salir con una soluci\u00f3n\u201d.<\/strong><\/p>\n\n\n\n<p>Durante la semana, visitaron Olavarr\u00eda dos diputadas nacionales. <strong>La primera fue Vanesa Siley, quien adem\u00e1s es candidata en octubre.<\/strong> Estuvo en el Municipio, donde se reuni\u00f3 con Wesner y su equipo, y luego recorri\u00f3 la obra de construcci\u00f3n del Polo Judicial. La agenda que se present\u00f3 desde la Municipalidad fue con los dos temas emparentados: obra p\u00fablica y ca\u00edda industrial. <strong>&#8220;Todos los presentes coincidieron en la importancia de poder canalizar a trav\u00e9s del Congreso la disconformidad ante las pol\u00edticas macroecon\u00f3micas o medidas de gesti\u00f3n tomadas desde la Presidencia, con principal \u00e9nfasis en materia presupuestaria, como han sido las discusiones en torno al financiamiento de las provincias, obras p\u00fablicas, educaci\u00f3n y salud&#8221;<\/strong>.<\/p>\n\n\n\n<p><strong>La segunda presencia fue la de la diputada nacional Julia Strada<\/strong>. Desde el Ejecutivo coordinaron visitas a las empresas Galasur y Bolsas Olavarr\u00eda para <strong>&#8220;no s\u00f3lo mostrar la riqueza y variedad productiva de Olavarr\u00eda, sino tambi\u00e9n cu\u00e1l es la realidad actual del sector industrial local&#8221;.<\/strong> Seg\u00fan se inform\u00f3, hubo &#8220;intercambio entre funcionarios municipales, empresarios y la propia legisladora, con el objetivo de analizar pero tambi\u00e9n ver qu\u00e9 decisiones y medidas conjuntas se pueden tomar en este contexto&#8221;.<strong> La charla que brind\u00f3 Strada en la ciudad tuvo como eje principal analizar \u201cel modelo productivo\u201d del gobierno de Milei y la legisladora valor\u00f3 la importancia de que el Municipio valore la actividad minera e industrial.<\/strong><\/p>\n\n\n\n<figure class=\"wp-block-image size-full\"><img data-recalc-dims=\"1\" loading=\"lazy\" decoding=\"async\" width=\"800\" height=\"532\" src=\"https:\/\/i0.wp.com\/cdnoticias.com\/wp-content\/uploads\/2025\/09\/julia-strada3.jpg?resize=800%2C532&#038;ssl=1\" alt=\"\" class=\"wp-image-183597\" srcset=\"https:\/\/i0.wp.com\/cdnoticias.com\/wp-content\/uploads\/2025\/09\/julia-strada3.jpg?w=900&amp;ssl=1 900w, https:\/\/i0.wp.com\/cdnoticias.com\/wp-content\/uploads\/2025\/09\/julia-strada3.jpg?resize=300%2C199&amp;ssl=1 300w, https:\/\/i0.wp.com\/cdnoticias.com\/wp-content\/uploads\/2025\/09\/julia-strada3.jpg?resize=768%2C510&amp;ssl=1 768w, https:\/\/i0.wp.com\/cdnoticias.com\/wp-content\/uploads\/2025\/09\/julia-strada3.jpg?resize=272%2C182&amp;ssl=1 272w\" sizes=\"auto, (max-width: 800px) 100vw, 800px\" \/><\/figure>\n\n\n\n<p>\u00bfM\u00e1s sobre industria? <strong>D\u00edas atr\u00e1s entregaron distinciones a varias empresas en el marco de Olavarr\u00eda Produce, en un evento realizado en el Teatro Municipal.<\/strong> Fue organizado entre el Municipio, la C\u00e1mara Empresaria, la Uni\u00f3n Industrial, la Sociedad Rural y la Asociaci\u00f3n de Propietarios del Parque Industrial de Olavarr\u00eda.<\/p>\n\n\n\n<p>Se entregaron m\u00e1s de 20 reconocimientos y la b\u00fasqueda fue valorar el trabajo realizado en nuestra ciudad\/distrito y que <strong>\u201ceste tipo de eventos se traducen tambi\u00e9n en un est\u00edmulo para seguir apostando, invirtiendo y trabajando en Olavarr\u00eda\u201d.<\/strong><\/p>\n\n\n\n<p>En ese sentido, se\u00f1alemos que<strong> la semana pasada citamos las palabras del subsecretario de Desarrollo Econ\u00f3mico, Bernardo Baldino, quien habl\u00f3 de la \u201crecesi\u00f3n econ\u00f3mica\u201d <\/strong>que ya afecta a Olavarr\u00eda. <a href=\"https:\/\/gmail.us17.list-manage.com\/track\/click?u=cba2a41506a8e26d100c3f0f8&amp;id=04e473400a&amp;e=b6c762679c\">Esta semana fue el ministro de Econom\u00eda provincial, Pablo L\u00f3pez, quien afirm\u00f3 que \u201cla econom\u00eda est\u00e1 en una nueva recesi\u00f3n\u201d.<\/a> Enumer\u00f3 las actividades m\u00e1s afectadas: <strong>construcci\u00f3n (-14,4%), industria (-9,8%) y comercio (-4,6%) en comparaci\u00f3n con 2023<\/strong>. \u201cSectores clave por su rol en el mercado interno y el empleo: concentran en conjunto el 45% de los trabajadores del sector privado\u201d dijo.<\/p>\n\n\n\n<p>Del otro lado del abanico ideol\u00f3gico,<strong> La Libertad Avanza dio a conocer una reuni\u00f3n con vecinos de barrio Norte. Y tambi\u00e9n hubo menci\u00f3n al tema obras.<\/strong> Es que mostraron la demanda de mejoras y el se\u00f1alamiento de que los vecinos las esperan como contraprestaci\u00f3n por sus aportes impositivos. <strong>Claro que son mensajes al Municipio, nada de menci\u00f3n a lo nacional. Expusieron la \u201cgran preocupaci\u00f3n\u201d de los vecinos por \u201cla situaci\u00f3n que atraviesan d\u00eda a d\u00eda. La falta de servicios b\u00e1sicos esenciales, como cloacas, pavimento y luminarias\u201d.<\/strong><\/p>\n\n\n\n<figure class=\"wp-block-image size-large\"><img data-recalc-dims=\"1\" loading=\"lazy\" decoding=\"async\" width=\"800\" height=\"445\" src=\"https:\/\/i0.wp.com\/cdnoticias.com\/wp-content\/uploads\/2025\/09\/la-libertad-avanza-00.jpg?resize=800%2C445&#038;ssl=1\" alt=\"\" class=\"wp-image-183572\" srcset=\"https:\/\/i0.wp.com\/cdnoticias.com\/wp-content\/uploads\/2025\/09\/la-libertad-avanza-00.jpg?resize=1024%2C570&amp;ssl=1 1024w, https:\/\/i0.wp.com\/cdnoticias.com\/wp-content\/uploads\/2025\/09\/la-libertad-avanza-00.jpg?resize=300%2C167&amp;ssl=1 300w, https:\/\/i0.wp.com\/cdnoticias.com\/wp-content\/uploads\/2025\/09\/la-libertad-avanza-00.jpg?resize=768%2C427&amp;ssl=1 768w, https:\/\/i0.wp.com\/cdnoticias.com\/wp-content\/uploads\/2025\/09\/la-libertad-avanza-00.jpg?resize=800%2C445&amp;ssl=1 800w, https:\/\/i0.wp.com\/cdnoticias.com\/wp-content\/uploads\/2025\/09\/la-libertad-avanza-00.jpg?w=1186&amp;ssl=1 1186w\" sizes=\"auto, (max-width: 800px) 100vw, 800px\" \/><\/figure>\n\n\n\n<p>En la reuni\u00f3n estuvieron los principales referentes libertarios,<strong> Celeste Arouxet y Guillermo Lascano, adem\u00e1s de los concejales electos el pasado 7 de septiembre.<\/strong> Consideraron que \u201cestas palabras reflejan un sentimiento compartido en muchos sectores de Olavarr\u00eda, donde los reclamos parecen repetirse sin obtener la atenci\u00f3n necesaria\u201d.<\/p>\n\n\n\n<p class=\"has-large-font-size\"><strong><u>\u00a1Sonr\u00edan!<\/u><\/strong><\/p>\n\n\n\n<figure class=\"wp-block-image size-full\"><img data-recalc-dims=\"1\" loading=\"lazy\" decoding=\"async\" width=\"800\" height=\"422\" src=\"https:\/\/i0.wp.com\/cdnoticias.com\/wp-content\/uploads\/2025\/09\/galli-arouxet-lascano.jpg?resize=800%2C422&#038;ssl=1\" alt=\"\" class=\"wp-image-183646\" srcset=\"https:\/\/i0.wp.com\/cdnoticias.com\/wp-content\/uploads\/2025\/09\/galli-arouxet-lascano.jpg?w=889&amp;ssl=1 889w, https:\/\/i0.wp.com\/cdnoticias.com\/wp-content\/uploads\/2025\/09\/galli-arouxet-lascano.jpg?resize=300%2C158&amp;ssl=1 300w, https:\/\/i0.wp.com\/cdnoticias.com\/wp-content\/uploads\/2025\/09\/galli-arouxet-lascano.jpg?resize=768%2C405&amp;ssl=1 768w, https:\/\/i0.wp.com\/cdnoticias.com\/wp-content\/uploads\/2025\/09\/galli-arouxet-lascano.jpg?resize=390%2C205&amp;ssl=1 390w\" sizes=\"auto, (max-width: 800px) 100vw, 800px\" \/><\/figure>\n\n\n\n<p>Los sectores pol\u00edticos sutilmente nos muestran que la campa\u00f1a sigue, pero sin hacerlo efectivamente.<\/p>\n\n\n\n<p>Si bien no era algo que sorprendiera, llam\u00f3 la atenci\u00f3n por el momento:<strong> tras varios meses de reuniones, de trabajo en conjunto y de un resultado concreto (el del 7 de septiembre) el ex intendente Ezequiel Galli se mostr\u00f3 junto a los referentes de La Libertad Avanza en Olavarr\u00eda, Guillermo Lascano y Celeste Arouxet, <\/strong>en una reuni\u00f3n realizada en un bar de la ciudad para manifestar que contin\u00faa el trabajo en conjunto de cara a las elecciones nacionales del 26 de octubre.<\/p>\n\n\n\n<p>\u00bfPor qu\u00e9 llam\u00f3 la atenci\u00f3n el momento? <strong>Porque desde el acuerdo entre el PRO y La Libertad Avanza, elecci\u00f3n mediante, los tres dirigentes no se mostraron casi nunca juntos. Incluso, en el aire sobrevol\u00f3 la sensaci\u00f3n de que se evitaba la imagen.<\/strong> Finalmente, y ya en carrera para las elecciones nacionales, se mostraron los tres juntos con una foto que compartieron cada uno en sus redes sociales y con una misma l\u00ednea discursiva.<\/p>\n\n\n\n<p>\u201cEste 26 de octubre se viene una elecci\u00f3n clave para la Argentina, se pone en juego qu\u00e9 modelo de Pa\u00eds queremos tener, un pa\u00eds con Libertad o un pa\u00eds con Kirchnerismo\u201d indicaron y agregaron que<strong> \u201cdesde Olavarr\u00eda, LLA, Juntos Por Olavarr\u00eda y el Pro, ratificamos nuestro compromiso en trabajar por una Argentina Libre\u201d.<\/strong><\/p>\n\n\n\n<p>La foto gener\u00f3 una lectura inmediata: <strong>a pesar de la derrota, los referentes de los dos sectores insistir\u00e1n con el trabajo en conjunto y mucho m\u00e1s cuando la lista de candidatos a diputados bonaerense tiene dirigentes de peso de los dos espacios: desde Diego Santilli por el lado de Galli pasando por Sebasti\u00e1n Pareja y Alejandro Carrancio por el lado libertario.<\/strong><\/p>\n\n\n\n<p>De todas maneras, los ruidos prevalecen y nunca est\u00e1 de m\u00e1s preguntarse\u2026<\/p>\n\n\n\n<p class=\"has-large-font-size\"><strong><u>C\u00f3mo est\u00e1 La Libertad Avanza<\/u><\/strong><\/p>\n\n\n\n<p>Si bien la foto busca dar una muestra fuerte y concreta de unidad en el mundo libertario,<strong> lejos est\u00e1 -al menos por lo bajo- de que eso suceda. \u00bfSignifica que est\u00e1 todo mal entre Galli, Arouxet y Lascano? No, probablemente la foto tenga m\u00e1s correlato con la realidad de lo que creemos. Pero los dem\u00e1s espacios siguen cuestionando el acuerdo e incluso, la exclusi\u00f3n para trabajar en conjunto a pesar del fuerte mensaje que se baj\u00f3 desde LLA Provincia de \u201ctrabajar todos juntos a pesar de las diferencias\u201d.<\/strong><\/p>\n\n\n\n<p><strong>\u201cCon los mismos de siempre los resultados van a ser los mismos\u201d<\/strong> ironiz\u00f3 uno de los dirigentes en contacto con este newsletter. Es que sigue preocupando -y molestando- la falta de convocatorias que permitan mostrar todo el espacio libertario local en su conjunto y con diversas aristas.<\/p>\n\n\n\n<p>Tambi\u00e9n es cierto que <strong>hay una diferencia de criterios en torno a qu\u00e9 se debe hacer para mejorar: \u00bfGalli es el problema? \u00bfLo es Arouxet? \u00bfLo son las decisiones macro? \u00bfLa l\u00ednea de campa\u00f1a?<\/strong> Es una respuesta que en el repaso de consultas, arrojan distintas respuestas.<strong> De todas maneras, hay unanimidad en se\u00f1alar la falta de convocatoria a\u00fan en la derrota del 7 de septiembre.<\/strong><\/p>\n\n\n\n<p>De hecho, <strong>persisten las tensiones sobre c\u00f3mo se arm\u00f3 la lista local, el lugar que ocupar\u00e1 Marcelino Quinteros Videla (del PRO, y que probablemente forme un bloque aparte con Hilario Galli y Guillermina Amespil) y los que quedaron afuera.<\/strong> Son\u00f3 bastante desde el cierre de listas a estos d\u00edas <strong>el destino de Oliver Gamondi, quien habr\u00eda amagado a salir del espacio y acercarse a Por M\u00e1s Libertad, de Marcelo Petehs y Mariela Casamayor. El rumor fue tal, que se habl\u00f3, tambi\u00e9n, de que Guillermo Lascano volver\u00eda al Concejo Deliberante <\/strong>para ocupar el lugar que ocupa Gamondi, ya que se tom\u00f3 licencia para ser funcionario de PAMI.<\/p>\n\n\n\n<p>Con todo ello,<strong> se cree que podr\u00eda haber cambios despu\u00e9s del 26 de octubre: mientras tanto, los que arrancaron el proceso eleccionario all\u00e1 por julio seguir\u00e1n, como est\u00e1n, hasta octubre.<\/strong> En el medio, vale decir, hubo salidas de algunos dirigentes que, en silencio, dejaron grupos de redes sociales y esperan movimientos para tratar de reincorporarse.<\/p>\n\n\n\n<p>Los cuestionamientos pasa por la derrota del 7 de septiembre y las nulas decisiones que se tomaron en ese sentido: <strong>\u201csi en Bah\u00eda Blanca y Mar del Plata se gan\u00f3, \u00bfpor qu\u00e9 en Olavarr\u00eda no? Tienen un perfil ideol\u00f3gico similar\u201d.<\/strong> Y volvemos a la misma historia: independientemente de los m\u00e9ritos que tuvo la lista del intendente Wesner,<strong> los informes, contrainformes y avisos a las referencias provinciales mostraron que hay dos l\u00edneas libertarias de m\u00ednima irreconciliables. Y a\u00fan queda un mes de campa\u00f1a.<\/strong><\/p>\n\n\n\n<p>\u00bfAlguna preocupaci\u00f3n m\u00e1s? S\u00ed, el 2027: <strong>\u201csi repasamos la historia reciente de Olavarr\u00eda, Galli y Wesner se empezaron a hacer conocidos al menos dos a\u00f1os antes de ganar. Ac\u00e1 en La Libertad Avanza no tenemos ni miras de pensar en un candidato que contagie y empiece a convocar. Para hacer las cosas tenemos que arrancar fuerte en febrero de 2026\u201d. <\/strong>Y remat\u00f3 la fuente consultada: <strong>\u201csi el candidato ayuda es el nuevo intendente\u201d.<\/strong><\/p>\n\n\n\n<p class=\"has-large-font-size\"><strong><u>Femicidios, narco, movilizaci\u00f3n local<\/u><\/strong><\/p>\n\n\n\n<p>Fue la noticia de la semana y la m\u00e1s impactante y dolorosa:<strong> tres j\u00f3venes, Brenda del Castillo, Morena Verdi -de 20 a\u00f1os- y Lara Guti\u00e9rrez -de 15 a\u00f1os-, fueron salvajemente asesinadas por narcotraficantes<\/strong>. No vamos a detenernos en los detalles del crimen porque a esta altura son conocidos y hay 12 detenidos. <strong>Solamente repasar que la sucesi\u00f3n de hechos expone la marginalidad y la exclusi\u00f3n, la extensi\u00f3n territorial de las redes de tr\u00e1fico y sus manejos crecientes ante un estado en retirada.<\/strong><\/p>\n\n\n\n<p>El debate p\u00fablico vir\u00f3 sobre distintos ejes que marcan las miradas sociales sobre las responsabilidades y tambi\u00e9n el estado de las discusiones. Distintos sectores del feminismo eligieron aspectos diferentes para poner de relevancia. Uno de ellos vir\u00f3 sobre el eje de la exclusi\u00f3n social, otro sobre si se trat\u00f3 o no de femicidios, mientras que otro revitaliz\u00f3 la discusi\u00f3n sobre la prostituci\u00f3n.<\/p>\n\n\n\n<p>Tambi\u00e9n se convocaron al debate las voces m\u00e1s disciplinantes -por supuesto que tambi\u00e9n existen dentro del feminismo-, para se\u00f1alar el \u201cdeber ser\u201d de los distintos afectados, incluso de los que opinan.<\/p>\n\n\n\n<p>Quedaron incluidos los gobiernos nacional, de la provincia de Buenos Aires y de CABA que buscaron deslindar responsabilidades y cargar sobre los otros.<strong> La ministra de Seguridad nacional, Patricia Bullrich, fue una de las que sostuvo que no se trat\u00f3 de femicidio sino que pretendi\u00f3 encuadrar el hecho en el accionar narco. Como si una cosa quitara la otra, result\u00f3 tambi\u00e9n llamativo que eligiera la lectura que la deja con m\u00e1s responsabilidades.<\/strong> Tambi\u00e9n con mayor margen de acci\u00f3n -por tratarse de un crimen federal- y as\u00ed correr de manera m\u00e1s sutil una lectura que le resulta muy inc\u00f3moda al Gobierno Nacional.<\/p>\n\n\n\n<p>Por fuera de estos debates, hay que aclarar que <strong>el caso s\u00ed est\u00e1 caratulado por la Justicia como femicidio, entre otros delitos configurados.<\/strong><\/p>\n\n\n\n<p>Dos novedades de la semana ocurrieron \u201ccasualmente\u201d casi en paralelo. <strong>De un lado, la Provincia inaugur\u00f3 el primer espacio estatal para atender adicciones en j\u00f3venes y adolescentes. Es en Melchor Romero. <\/strong>Una demanda de d\u00e9cadas, jam\u00e1s atendida con la seriedad y celeridad que se requiere. Ahora tiene apenas un primer paso, es muy tarde y muy lento. Del otro lado, el Indec difundi\u00f3 que 45,4% de las personas de 0 a 14 a\u00f1os forman parte de hogares bajo la l\u00ednea de pobreza. Es una cifra en baja en la comparaci\u00f3n semestral, pero a\u00fan as\u00ed es grav\u00edsima.<strong> La franja etaria con n\u00fameros m\u00e1s cr\u00edticos es la que va entre los 12 y 17 a\u00f1os: la pobreza alcanza al 40,4% de ellos; le sigue el grupo de 6 a 11 a\u00f1os, con un 38,6%, y nenes hasta 5 a\u00f1os, con el 21,1%.<\/strong><\/p>\n\n\n\n<p>El crimen saldr\u00e1 de la agenda de los medios en alg\u00fan momento, pero dif\u00edcilmente ser\u00e1 olvidado.<strong> Los numerosos aspectos que concurren evidencian un estado del pa\u00eds, de la econom\u00eda y la pol\u00edtica, de la marginalidad y la falta de atenci\u00f3n a los aspectos m\u00e1s b\u00e1sicos de la vida de las personas.<\/strong><\/p>\n\n\n\n<p>A tono con lo que sucedi\u00f3 a nivel nacional con una masiva movilizaci\u00f3n en Buenos Aires, <strong>en Olavarr\u00eda medio centenar de personas se moviliz\u00f3 en pedido de justicia por las tres j\u00f3venes. Fue en el Paseo Jes\u00fas Mend\u00eda, con una l\u00ednea similar a lo planteado por los feminismos tras el hecho: la honda preocupaci\u00f3n por los \u201cnarco-femicidios\u201d que expuso la vulnerabilidad social y econ\u00f3mica por la que atraviesan las mujeres en todo el pa\u00eds, e incluido Olavarr\u00eda.<\/strong><\/p>\n\n\n\n<p>\u201cLa preocupaci\u00f3n por el crecimiento de la droga est\u00e1 en todos los barrios, y eso tiene que ver con el corrimiento del Estado\u201d se dijo en las escalinatas del Palacio San Mart\u00edn, entre lecturas de documentos y una recorrida por las calles c\u00e9ntricas de la ciudad.<\/p>\n\n\n\n<p><strong>Hace apenas una semana le cont\u00e1bamos el dolor y la preocupaci\u00f3n de un grupo de madres que pelea contra el consumo de drogas de sus hijos en los barrios de la ciudad, y c\u00f3mo esa situaci\u00f3n se estaba profundizando.<\/strong> En paralelo, un triple femicidio en Lomas de Zamora que expone la combinaci\u00f3n de todos estos factores con la vulnerabilidad social que deja la ausencia del Estado nacional en varios aspectos y el reemplazo de esa ausencia por el narcotr\u00e1fico como \u201csalida\u201d para cientos de j\u00f3venes. Con consecuencias grav\u00edsimas.<\/p>\n\n\n\n<p class=\"has-large-font-size\"><strong><u>\u00bfNos preocupamos o no nos preocupamos por la Zona Fr\u00eda?<\/u><\/strong><\/p>\n\n\n\n<figure class=\"wp-block-image size-full\"><img data-recalc-dims=\"1\" loading=\"lazy\" decoding=\"async\" width=\"800\" height=\"532\" src=\"https:\/\/i0.wp.com\/cdnoticias.com\/wp-content\/uploads\/2025\/09\/hcd-sesion-jueves1.jpg?resize=800%2C532&#038;ssl=1\" alt=\"\" class=\"wp-image-183485\" srcset=\"https:\/\/i0.wp.com\/cdnoticias.com\/wp-content\/uploads\/2025\/09\/hcd-sesion-jueves1.jpg?w=900&amp;ssl=1 900w, https:\/\/i0.wp.com\/cdnoticias.com\/wp-content\/uploads\/2025\/09\/hcd-sesion-jueves1.jpg?resize=300%2C200&amp;ssl=1 300w, https:\/\/i0.wp.com\/cdnoticias.com\/wp-content\/uploads\/2025\/09\/hcd-sesion-jueves1.jpg?resize=768%2C511&amp;ssl=1 768w, https:\/\/i0.wp.com\/cdnoticias.com\/wp-content\/uploads\/2025\/09\/hcd-sesion-jueves1.jpg?resize=272%2C182&amp;ssl=1 272w\" sizes=\"auto, (max-width: 800px) 100vw, 800px\" \/><\/figure>\n\n\n\n<p>El HCD volvi\u00f3 a sesionar y, tal como acontece en cada una de las sesiones, nos regal\u00f3 una pol\u00e9mica en uno de sus proyectos: <strong>un cruce entre ediles sobre preocuparse, rechazar, repudiar y tant\u00edsimos etc sobre la posibilidad de que Javier Milei derogue la Zona Fr\u00eda en Olavarr\u00eda termin\u00f3 con acusaciones de que el PRO y LLA se niegue a defender al distrito del avance libertario, mientras que desde el otro sector se\u00f1alaron que acompa\u00f1aron la propuesta -que fue modificada y aceptada-. Repasemos.<\/strong><\/p>\n\n\n\n<p>El proyecto expresaba <strong>rechazo por la decisi\u00f3n del presidente Javier Milei de derogar el r\u00e9gimen de Zona Fr\u00eda que beneficia a m\u00e1s de 90 municipios bonaerenses, entre ellos Olavarr\u00eda.<\/strong><\/p>\n\n\n\n<p>Primero,<strong> se intent\u00f3 regresar el proyecto a comisiones para su discusi\u00f3n interna pero fue el pedido fue rechazado. Tras ello, en voz de Mar\u00eda Jos\u00e9 Gonz\u00e1lez, se pidi\u00f3 modificar la forma de expresi\u00f3n \u201cya por jurisprudencia de este cuerpo eventualmente solemos retirarlas\u201d a las palabras repudio o rechazo de los articulados.<\/strong> No es la primera vez que sucede este tipo de aclaraciones y discusiones, pero el trasfondo pol\u00edtico existe y no es inocente en el cambio.<\/p>\n\n\n\n<p>El oficialismo, en voz de Liliana Schwindt, se\u00f1al\u00f3 que \u201cest\u00e1n dispuestos\u201d a ceder en ese planteo y aprobar de m\u00ednima la preocupaci\u00f3n por la situaci\u00f3n de la Zona Fr\u00eda. <strong>El proyecto fue aprobado por unanimidad. \u201cEl Honorable Concejo Deliberante de Olavarr\u00eda manifiesta su preocupaci\u00f3n por la exclusi\u00f3n, en el presupuesto nacional, del Partido de Olavarr\u00eda respecto de los beneficios de la ley de Zona Fr\u00eda para los usuarios del servicio de gas\u201d reza la Comunicaci\u00f3n.<\/strong><\/p>\n\n\n\n<p>Fuerza Patria, r\u00e1pidamente, sali\u00f3 a se\u00f1alar que<strong> \u201cel PRO y LLA se negaron a defender la Ley de Zona Fr\u00eda en Olavarr\u00eda\u201d<\/strong> y lamentaron que<strong> \u201clos bloques PRO y LLA no hayan acompa\u00f1ado el proyecto original y hayan buscado la manera de desvirtuar el posicionamiento pol\u00edtico que deb\u00edamos dar como representantes de los vecinos de Olavarr\u00eda\u201d.<\/strong><\/p>\n\n\n\n<p>La concejal Liliana Schwindt, autora de la ampliaci\u00f3n de la Ley de Zona Fr\u00eda cuando fue diputada nacional, explic\u00f3 que<strong> esta medida afecta a 38 mil usuarios de Olavarr\u00eda, de los cuales 13.742 reciben la bonificaci\u00f3n del 50% y el resto del 30% sobre el valor de la tarifa de gas. Seg\u00fan datos de Camuzzi, en Olavarr\u00eda el 61% de los usuarios (bajos y medios ingresos) ver\u00e1n duplicadas sus facturas de gas si se quita este beneficio.<\/strong><\/p>\n\n\n\n<p>\u201cEsta ley fue impulsada por multisectoriales, asociaciones de consumidores, intendentes y organizaciones de la comunidad. Ahora el Gobierno quiere eliminarla de un plumazo sin siquiera plantear una reformulaci\u00f3n\u201d, sostuvo Schwindt.<\/p>\n\n\n\n<p>Por su parte, el presidente del bloque Uni\u00f3n por la Patria, Federico Aguilera, remarc\u00f3:<strong> \u201cDan vueltas para evitar rechazar una medida que afecta directamente a los olavarrienses, que deber\u00e1n pagar mucho m\u00e1s por el servicio de gas. Quiero recordar que a\u00f1os atr\u00e1s el exintendente Ezequiel Galli enviaba notas a Naci\u00f3n pidiendo que Olavarr\u00eda continuara en el r\u00e9gimen de Zona Fr\u00eda. Pero pasaron cosas: ahora forman parte del gobierno nacional y cambiaron de postura. Esto es muy penoso para todos los vecinos\u201d.<\/strong><\/p>\n\n\n\n<p class=\"has-large-font-size\"><strong><u>Hay m\u00e1s<\/u><\/strong><\/p>\n\n\n\n<p><strong>Ceramistas en alerta.<\/strong> Esta semana se conoci\u00f3 la definici\u00f3n de la Federaci\u00f3n que agrupa al sector ante la imposibilidad de cerrar las paritarias 2024-2025, para la que la oferta de aumento es cero, y la propuesta de suba salarial baja para el inicio de la negociaci\u00f3n 2025-2026.&nbsp; <a href=\"https:\/\/gmail.us17.list-manage.com\/track\/click?u=cba2a41506a8e26d100c3f0f8&amp;id=960465e6f1&amp;e=b6c762679c\">\u201cSi no tenemos un gobierno que empiece a preocuparse por la industria nacional me parece que nos vamos a encontrar con much\u00edsimos m\u00e1s problemas. Cuando escucho al presidente decir que \u00b4lo peor ya pas\u00f3\u00b4, yo creo que lo peor est\u00e1 por venir todav\u00eda\u201d dijo Gustavo Bustamante de SOECO.<\/a><\/p>\n\n\n\n<p><strong>C\u00f3mo votar con Boleta \u00danica Papel. <\/strong>Sobre ese sistema que usaremos para votar el 26 de octubre, la Facultad de Ciencias Sociales (UNICEN) y la Direcci\u00f3n Nacional Electoral brindar\u00e1n charlas abiertas en Azul, Olavarr\u00eda y Tandil. En nuestra ciudad se har\u00e1n el 7 y 8 de octubre.<\/p>\n\n\n\n<p><strong>Azul fue a la Justicia por el mal estado de la ruta 3.<\/strong> El vecino municipio demand\u00f3 al Gobierno nacional, puntualmente a Vialidad y a la empresa Corredores Viales. Es una acci\u00f3n de amparo con el pedido de una medida cautelar. \u201cSe verifica una alta siniestralidad que es provocada por ese estado de la calzada\u201d se sostuvo. La presentaci\u00f3n se realiz\u00f3 en el Juzgado Federal 2 de Azul.<\/p>\n\n\n\n<p><strong>Sesion\u00f3 el Concejo Deliberante Estudiantil.<\/strong> <a href=\"https:\/\/gmail.us17.list-manage.com\/track\/click?u=cba2a41506a8e26d100c3f0f8&amp;id=11776ece50&amp;e=b6c762679c\">Participaron 47 concejales y concejalas estudiantiles de escuelas secundarias de todo el partido, eligieron autoridades y aprobaron 15 proyectos.<\/a><\/p>\n\n\n\n<p class=\"has-large-font-size\"><strong><u>El newsletter<\/u><\/strong><\/p>\n\n\n\n<p>Esta publicaci\u00f3n es la edici\u00f3n de este domingo del newsletter Volver a las Fuentes que escriben Alexis Grierson y Josefina Bargas.<a href=\"https:\/\/linktr.ee\/volveralasfuentes\"> Tiene un sistema de suscripci\u00f3n econ\u00f3mica y aportes \u00fanicos al que se puede acceder aqu\u00ed.<\/a><\/p>\n","protected":false},"excerpt":{"rendered":"<p>El Municipio avanza con hechos y plantea un debate alineado con la Provincia sobre el rol del Estado. La Libertad<\/p>\n","protected":false},"author":2,"featured_media":183388,"comment_status":"closed","ping_status":"closed","sticky":false,"template":"","format":"standard","meta":{"_jetpack_memberships_contains_paid_content":false,"footnotes":""},"categories":[4,1],"tags":[],"class_list":["post-183724","post","type-post","status-publish","format-standard","has-post-thumbnail","hentry","category-politica","category-portada"],"jetpack_featured_media_url":"https:\/\/i0.wp.com\/cdnoticias.com\/wp-content\/uploads\/2025\/09\/Viviendas-CECO-III-20.jpg?fit=1024%2C680&ssl=1","jetpack_sharing_enabled":true,"_links":{"self":[{"href":"https:\/\/cdnoticias.com\/index.php\/wp-json\/wp\/v2\/posts\/183724","targetHints":{"allow":["GET"]}}],"collection":[{"href":"https:\/\/cdnoticias.com\/index.php\/wp-json\/wp\/v2\/posts"}],"about":[{"href":"https:\/\/cdnoticias.com\/index.php\/wp-json\/wp\/v2\/types\/post"}],"author":[{"embeddable":true,"href":"https:\/\/cdnoticias.com\/index.php\/wp-json\/wp\/v2\/users\/2"}],"replies":[{"embeddable":true,"href":"https:\/\/cdnoticias.com\/index.php\/wp-json\/wp\/v2\/comments?post=183724"}],"version-history":[{"count":0,"href":"https:\/\/cdnoticias.com\/index.php\/wp-json\/wp\/v2\/posts\/183724\/revisions"}],"wp:featuredmedia":[{"embeddable":true,"href":"https:\/\/cdnoticias.com\/index.php\/wp-json\/wp\/v2\/media\/183388"}],"wp:attachment":[{"href":"https:\/\/cdnoticias.com\/index.php\/wp-json\/wp\/v2\/media?parent=183724"}],"wp:term":[{"taxonomy":"category","embeddable":true,"href":"https:\/\/cdnoticias.com\/index.php\/wp-json\/wp\/v2\/categories?post=183724"},{"taxonomy":"post_tag","embeddable":true,"href":"https:\/\/cdnoticias.com\/index.php\/wp-json\/wp\/v2\/tags?post=183724"}],"curies":[{"name":"wp","href":"https:\/\/api.w.org\/{rel}","templated":true}]}}