{"id":183722,"date":"2025-09-28T19:44:07","date_gmt":"2025-09-28T22:44:07","guid":{"rendered":"https:\/\/cdnoticias.com\/?p=183722"},"modified":"2025-09-28T19:44:09","modified_gmt":"2025-09-28T22:44:09","slug":"el-consejo-escolar-realizara-actos-publicos-presencial-y-virtual-para-designar-auxiliares","status":"publish","type":"post","link":"https:\/\/cdnoticias.com\/index.php\/2025\/09\/28\/el-consejo-escolar-realizara-actos-publicos-presencial-y-virtual-para-designar-auxiliares\/","title":{"rendered":"El Consejo Escolar realizar\u00e1 actos p\u00fablicos presencial y virtual para designar auxiliares"},"content":{"rendered":"\n<p>El lunes 29 de septiembre se designar\u00e1n cargos de ayudante de cocina en el JI N\u00ba908 y de portera en la Escuela Secundaria N\u00ba3. Participar\u00e1n reemplazantes del listado 2025.<\/p>\n\n\n\n<hr class=\"wp-block-separator aligncenter has-alpha-channel-opacity\"\/>\n\n\n\n<p>El <strong>Consejo Escolar inform\u00f3 que el lunes 29 de septiembre de 2025 se llevar\u00e1n adelante dos actos p\u00fablicos para la designaci\u00f3n de personal auxiliar reemplazante, seg\u00fan el listado 2025.<\/strong><\/p>\n\n\n\n<p>El primero ser\u00e1 presencial, <strong>a las 8.30 horas, en la sede del Consejo Escolar. All\u00ed se cubrir\u00e1 el cargo de ayudante de cocina en el Jard\u00edn de Infantes N\u00ba908,<\/strong> ubicado en la intersecci\u00f3n de Sarmiento y Espa\u00f1a. El horario de trabajo ser\u00e1 de 9 a 15 horas, con vigencia hasta el 1 de octubre de 2025.<\/p>\n\n\n\n<p>En este caso, <strong>s\u00f3lo podr\u00e1n designarse y tomar posesi\u00f3n quienes no cuenten con reemplazo activo al momento de asumir el nuevo cargo.<\/strong><\/p>\n\n\n\n<p><strong>El segundo acto ser\u00e1 virtual, a trav\u00e9s de Google Meet, a las 9.30 horas del mismo d\u00eda<\/strong>. El enlace para participar es meet.google.com\/xpq-dzbp-gaw<\/p>\n\n\n\n<p>All\u00ed se cubrir\u00e1 el cargo de<strong> portera en la Escuela Secundaria N\u00ba3 de Loma Negra, con horario de 16 a 22 horas,<\/strong> hasta el 16 de octubre de 2025.<\/p>\n","protected":false},"excerpt":{"rendered":"<p>El lunes 29 de septiembre se designar\u00e1n cargos de ayudante de cocina en el JI N\u00ba908 y de portera en<\/p>\n","protected":false},"author":2,"featured_media":113129,"comment_status":"closed","ping_status":"closed","sticky":false,"template":"","format":"standard","meta":{"_jetpack_memberships_contains_paid_content":false,"footnotes":""},"categories":[5,1],"tags":[],"class_list":["post-183722","post","type-post","status-publish","format-standard","has-post-thumbnail","hentry","category-informacion-general","category-portada"],"jetpack_featured_media_url":"https:\/\/i0.wp.com\/cdnoticias.com\/wp-content\/uploads\/2024\/04\/consejo-escolar.jpg?fit=1029%2C656&ssl=1","jetpack_sharing_enabled":true,"_links":{"self":[{"href":"https:\/\/cdnoticias.com\/index.php\/wp-json\/wp\/v2\/posts\/183722","targetHints":{"allow":["GET"]}}],"collection":[{"href":"https:\/\/cdnoticias.com\/index.php\/wp-json\/wp\/v2\/posts"}],"about":[{"href":"https:\/\/cdnoticias.com\/index.php\/wp-json\/wp\/v2\/types\/post"}],"author":[{"embeddable":true,"href":"https:\/\/cdnoticias.com\/index.php\/wp-json\/wp\/v2\/users\/2"}],"replies":[{"embeddable":true,"href":"https:\/\/cdnoticias.com\/index.php\/wp-json\/wp\/v2\/comments?post=183722"}],"version-history":[{"count":0,"href":"https:\/\/cdnoticias.com\/index.php\/wp-json\/wp\/v2\/posts\/183722\/revisions"}],"wp:featuredmedia":[{"embeddable":true,"href":"https:\/\/cdnoticias.com\/index.php\/wp-json\/wp\/v2\/media\/113129"}],"wp:attachment":[{"href":"https:\/\/cdnoticias.com\/index.php\/wp-json\/wp\/v2\/media?parent=183722"}],"wp:term":[{"taxonomy":"category","embeddable":true,"href":"https:\/\/cdnoticias.com\/index.php\/wp-json\/wp\/v2\/categories?post=183722"},{"taxonomy":"post_tag","embeddable":true,"href":"https:\/\/cdnoticias.com\/index.php\/wp-json\/wp\/v2\/tags?post=183722"}],"curies":[{"name":"wp","href":"https:\/\/api.w.org\/{rel}","templated":true}]}}