{"id":183691,"date":"2025-09-28T11:51:54","date_gmt":"2025-09-28T14:51:54","guid":{"rendered":"https:\/\/cdnoticias.com\/?p=183691"},"modified":"2025-09-28T11:51:56","modified_gmt":"2025-09-28T14:51:56","slug":"se-viene-la-vuelta-de-los-gringos-emiliozzi-en-el-12o-aniversario-del-museo","status":"publish","type":"post","link":"https:\/\/cdnoticias.com\/index.php\/2025\/09\/28\/se-viene-la-vuelta-de-los-gringos-emiliozzi-en-el-12o-aniversario-del-museo\/","title":{"rendered":"Se viene \u201cLa Vuelta de los Gringos Emiliozzi\u201d en el 12\u00ba aniversario del Museo"},"content":{"rendered":"\n<p>El evento, que reunir\u00e1 autos antiguos, cl\u00e1sicos y de competici\u00f3n, se realizar\u00e1 el 18 de octubre con un recorrido encabezado por \u201cLa Galera\u201d por distintas calles de la ciudad. La inscripci\u00f3n es gratuita y ya est\u00e1 abierta.<\/p>\n\n\n\n<hr class=\"wp-block-separator aligncenter has-alpha-channel-opacity\"\/>\n\n\n\n<p>En el marco del 12\u00ba aniversario del Museo Municipal Hermanos Emiliozzi, el Municipio de Olavarr\u00eda organiza la primera edici\u00f3n de \u201cLa Vuelta de los Gringos Emiliozzi\u201d, una propuesta que reunir\u00e1 a veh\u00edculos antiguos, cl\u00e1sicos y de competici\u00f3n en una jornada que busca revivir la historia del automovilismo local.<\/p>\n\n\n\n<p>La actividad se llevar\u00e1 a cabo el <strong>viernes 18 de octubre<\/strong>, con <strong>punto de encuentro en el Museo Hermanos Emiliozzi a las 15:30 horas<\/strong>. La caravana saldr\u00e1 puntual a las <strong>16:00<\/strong>, encabezada por \u201cLa Galera\u201d, el ic\u00f3nico Ford que llev\u00f3 a los hermanos Dante y Torcuato Emiliozzi a marcar una \u00e9poca en el Turismo Carretera.<\/p>\n\n\n\n<h3 class=\"wp-block-heading\">El recorrido<\/h3>\n\n\n\n<p>La vuelta partir\u00e1 desde el museo (Necochea y Avellaneda) y continuar\u00e1 por Necochea hasta Brown, Av. Del Valle, Cerrito, Riobamba, Col\u00f3n, Av. Pringles y Av. Dante y Torcuato Emiliozzi, para culminar en el Aut\u00f3dromo Hermanos Emiliozzi.<\/p>\n\n\n\n<h3 class=\"wp-block-heading\">Inscripci\u00f3n y requisitos<\/h3>\n\n\n\n<figure class=\"wp-block-image size-large\"><img data-recalc-dims=\"1\" loading=\"lazy\" decoding=\"async\" width=\"800\" height=\"513\" src=\"https:\/\/i0.wp.com\/cdnoticias.com\/wp-content\/uploads\/2025\/09\/Museo-Emiliozzi-11-scaled-1.jpg?resize=800%2C513&#038;ssl=1\" alt=\"\" class=\"wp-image-183693\" srcset=\"https:\/\/i0.wp.com\/cdnoticias.com\/wp-content\/uploads\/2025\/09\/Museo-Emiliozzi-11-scaled-1.jpg?resize=1024%2C656&amp;ssl=1 1024w, https:\/\/i0.wp.com\/cdnoticias.com\/wp-content\/uploads\/2025\/09\/Museo-Emiliozzi-11-scaled-1.jpg?resize=300%2C192&amp;ssl=1 300w, https:\/\/i0.wp.com\/cdnoticias.com\/wp-content\/uploads\/2025\/09\/Museo-Emiliozzi-11-scaled-1.jpg?resize=768%2C492&amp;ssl=1 768w, https:\/\/i0.wp.com\/cdnoticias.com\/wp-content\/uploads\/2025\/09\/Museo-Emiliozzi-11-scaled-1.jpg?resize=1536%2C984&amp;ssl=1 1536w, https:\/\/i0.wp.com\/cdnoticias.com\/wp-content\/uploads\/2025\/09\/Museo-Emiliozzi-11-scaled-1.jpg?resize=2048%2C1312&amp;ssl=1 2048w, https:\/\/i0.wp.com\/cdnoticias.com\/wp-content\/uploads\/2025\/09\/Museo-Emiliozzi-11-scaled-1.jpg?w=1600&amp;ssl=1 1600w, https:\/\/i0.wp.com\/cdnoticias.com\/wp-content\/uploads\/2025\/09\/Museo-Emiliozzi-11-scaled-1.jpg?w=2400&amp;ssl=1 2400w\" sizes=\"auto, (max-width: 800px) 100vw, 800px\" \/><\/figure>\n\n\n\n<p>La participaci\u00f3n es <strong>gratuita<\/strong> y est\u00e1 abierta hasta el <strong>domingo 12 de octubre<\/strong>. Cada interesado deber\u00e1 completar un formulario con sus datos personales y del veh\u00edculo.<\/p>\n\n\n\n<p>Los requisitos para participar son:<\/p>\n\n\n\n<ul class=\"wp-block-list\">\n<li>Ser mayor de 18 a\u00f1os y contar con licencia de conducir vigente.<\/li>\n\n\n\n<li>Presentar documentaci\u00f3n del veh\u00edculo.<\/li>\n\n\n\n<li>Contar con un veh\u00edculo en condiciones mec\u00e1nicas y de seguridad para circular.<\/li>\n<\/ul>\n\n\n\n<p><a href=\"https:\/\/docs.google.com\/forms\/d\/1UawLQg7l8qM2ADsex1mx3pD4fCrcXFezAuW2o4-TjKI\/viewform?ts=68d678eb&amp;edit_requested=true\" target=\"_blank\" rel=\"noreferrer noopener\">El link de inscripci\u00f3n es el siguiente. <\/a><\/p>\n\n\n\n<h3 class=\"wp-block-heading\">Una tradici\u00f3n que vuelve<\/h3>\n\n\n\n<p>A comienzos de la d\u00e9cada del 50, las competencias automovil\u00edsticas en el pa\u00eds adoptaron el nombre de \u201cVueltas\u201d y se desarrollaban en rutas abiertas que un\u00edan pueblos y ciudades. Los circuitos pod\u00edan ser de tierra, asfalto o mixtos, y formaban parte del calendario oficial del Turismo Carretera.<\/p>\n\n\n\n<p>En esas competencias se inscribieron nombres hist\u00f3ricos y momentos inolvidables para el automovilismo argentino, como las Vueltas de Olavarr\u00eda, Rojas, Pergamino y Necochea, entre otras.<\/p>\n\n\n\n<p>Los hermanos <strong>Dante y Torcuato Emiliozzi<\/strong> fueron protagonistas centrales de esa \u00e9poca: ganaron vueltas, grandes premios y campeonatos, llevando la impronta de Olavarr\u00eda a todo el pa\u00eds.<\/p>\n\n\n\n<p>Con este evento, el Museo Municipal rinde homenaje a esa historia y propone a la comunidad volver a vivir, en las calles de la ciudad, el esp\u00edritu de aquellas competencias legendarias.<\/p>\n","protected":false},"excerpt":{"rendered":"<p>El evento, que reunir\u00e1 autos antiguos, cl\u00e1sicos y de competici\u00f3n, se realizar\u00e1 el 18 de octubre con un recorrido encabezado<\/p>\n","protected":false},"author":2,"featured_media":183692,"comment_status":"closed","ping_status":"closed","sticky":false,"template":"","format":"standard","meta":{"_jetpack_memberships_contains_paid_content":false,"footnotes":""},"categories":[5,1],"tags":[],"class_list":["post-183691","post","type-post","status-publish","format-standard","has-post-thumbnail","hentry","category-informacion-general","category-portada"],"jetpack_featured_media_url":"https:\/\/i0.wp.com\/cdnoticias.com\/wp-content\/uploads\/2025\/09\/Emiliozzi-2-e1759070997718.jpeg?fit=1597%2C957&ssl=1","jetpack_sharing_enabled":true,"_links":{"self":[{"href":"https:\/\/cdnoticias.com\/index.php\/wp-json\/wp\/v2\/posts\/183691","targetHints":{"allow":["GET"]}}],"collection":[{"href":"https:\/\/cdnoticias.com\/index.php\/wp-json\/wp\/v2\/posts"}],"about":[{"href":"https:\/\/cdnoticias.com\/index.php\/wp-json\/wp\/v2\/types\/post"}],"author":[{"embeddable":true,"href":"https:\/\/cdnoticias.com\/index.php\/wp-json\/wp\/v2\/users\/2"}],"replies":[{"embeddable":true,"href":"https:\/\/cdnoticias.com\/index.php\/wp-json\/wp\/v2\/comments?post=183691"}],"version-history":[{"count":0,"href":"https:\/\/cdnoticias.com\/index.php\/wp-json\/wp\/v2\/posts\/183691\/revisions"}],"wp:featuredmedia":[{"embeddable":true,"href":"https:\/\/cdnoticias.com\/index.php\/wp-json\/wp\/v2\/media\/183692"}],"wp:attachment":[{"href":"https:\/\/cdnoticias.com\/index.php\/wp-json\/wp\/v2\/media?parent=183691"}],"wp:term":[{"taxonomy":"category","embeddable":true,"href":"https:\/\/cdnoticias.com\/index.php\/wp-json\/wp\/v2\/categories?post=183691"},{"taxonomy":"post_tag","embeddable":true,"href":"https:\/\/cdnoticias.com\/index.php\/wp-json\/wp\/v2\/tags?post=183691"}],"curies":[{"name":"wp","href":"https:\/\/api.w.org\/{rel}","templated":true}]}}