{"id":183689,"date":"2025-09-28T11:14:05","date_gmt":"2025-09-28T14:14:05","guid":{"rendered":"https:\/\/cdnoticias.com\/?p=183689"},"modified":"2025-09-28T17:30:40","modified_gmt":"2025-09-28T20:30:40","slug":"todo-listo-para-una-nueva-edicion-de-la-fiesta-de-la-torta-frita-en-loma-negra","status":"publish","type":"post","link":"https:\/\/cdnoticias.com\/index.php\/2025\/09\/28\/todo-listo-para-una-nueva-edicion-de-la-fiesta-de-la-torta-frita-en-loma-negra\/","title":{"rendered":"Todo listo para una nueva edici\u00f3n de la Fiesta de la Torta Frita en Loma Negra"},"content":{"rendered":"\n<p>El evento ser\u00e1 desde las 14 horas de este domingo en Plaza Libertad. Habr\u00e1 m\u00fasica en vivo, stands institucionales, artesanos, cerveceros y propuestas para toda la familia.<\/p>\n\n\n\n<hr class=\"wp-block-separator aligncenter has-alpha-channel-opacity\"\/>\n\n\n\n<p>Con una gran expectativa y una linda jornada al menos en el inicio del domingo en lo clim\u00e1tico, <strong>est\u00e1 todo listo para una nueva edici\u00f3n de la \u201cFiesta de la Torta Frita\u201d, que se realizar\u00e1 este domingo en la localidad de Loma Negra.<\/strong><\/p>\n\n\n\n<p>La propuesta es organizada de manera conjunta por distintas \u00e1reas municipales y la Delegaci\u00f3n local, y <strong>contar\u00e1 con la participaci\u00f3n de numerosas instituciones que instalar\u00e1n stands de venta alrededor de la Plaza Libertad.<\/strong><\/p>\n\n\n\n<p>La actividad comenzar\u00e1 a las 14 horas y se extender\u00e1 durante toda la tarde. <strong>Adem\u00e1s de la tradicional elaboraci\u00f3n de tortas fritas, habr\u00e1 presentaciones de artistas locales en el escenario principal, stands de artesanos, emprendedores y cerveceros, y un sector especial con juegos e inflables para los m\u00e1s chicos.<\/strong><\/p>\n\n\n\n<p><strong>Cada instituci\u00f3n participante preparar\u00e1 sus tortas fritas en el lugar, con recetas propias que le dar\u00e1n un sello distintivo a cada stand. <\/strong>Como en ediciones anteriores, se incluir\u00e1 una opci\u00f3n apta para personas cel\u00edacas.<\/p>\n\n\n\n<p class=\"has-large-font-size\">Cronograma art\u00edstico<\/p>\n\n\n\n<p>14:00: Apertura<\/p>\n\n\n\n<p>14:30: \u201cLos De Ahora\u201d<\/p>\n\n\n\n<p>15:30: \u201cLa Huella \u2013 Cuarta Justa\u201d<\/p>\n\n\n\n<p>16:25: Callejeada con Batucada<\/p>\n\n\n\n<p>16:35: Sorteos<\/p>\n\n\n\n<p>17:00: \u201cLos Chuma\u201d<\/p>\n\n\n\n<p>17:45: Sorteos<\/p>\n\n\n\n<p>18:30: \u201cLos Bredda\u201d<\/p>\n\n\n\n<p>19:30: Sorteos<\/p>\n\n\n\n<p>20:00: Cierre a cargo de \u201cAlma de Benjam\u00edn\u201d<\/p>\n\n\n\n<p>Con propuestas gastron\u00f3micas y culturales<strong>, la Fiesta de la Torta Frita se consolida como uno de los encuentros m\u00e1s convocantes de Loma Negra, combinando tradici\u00f3n, m\u00fasica y participaci\u00f3n comunitaria.<\/strong><\/p>\n","protected":false},"excerpt":{"rendered":"<p>El evento ser\u00e1 desde las 14 horas de este domingo en Plaza Libertad. Habr\u00e1 m\u00fasica en vivo, stands institucionales, artesanos,<\/p>\n","protected":false},"author":2,"featured_media":126183,"comment_status":"closed","ping_status":"closed","sticky":false,"template":"","format":"standard","meta":{"_jetpack_memberships_contains_paid_content":false,"footnotes":""},"categories":[5],"tags":[],"class_list":["post-183689","post","type-post","status-publish","format-standard","has-post-thumbnail","hentry","category-informacion-general"],"jetpack_featured_media_url":"https:\/\/i0.wp.com\/cdnoticias.com\/wp-content\/uploads\/2024\/09\/fiesta-de-la-torta-frita-loma-negra-2024-05.jpg?fit=1000%2C556&ssl=1","jetpack_sharing_enabled":true,"_links":{"self":[{"href":"https:\/\/cdnoticias.com\/index.php\/wp-json\/wp\/v2\/posts\/183689","targetHints":{"allow":["GET"]}}],"collection":[{"href":"https:\/\/cdnoticias.com\/index.php\/wp-json\/wp\/v2\/posts"}],"about":[{"href":"https:\/\/cdnoticias.com\/index.php\/wp-json\/wp\/v2\/types\/post"}],"author":[{"embeddable":true,"href":"https:\/\/cdnoticias.com\/index.php\/wp-json\/wp\/v2\/users\/2"}],"replies":[{"embeddable":true,"href":"https:\/\/cdnoticias.com\/index.php\/wp-json\/wp\/v2\/comments?post=183689"}],"version-history":[{"count":0,"href":"https:\/\/cdnoticias.com\/index.php\/wp-json\/wp\/v2\/posts\/183689\/revisions"}],"wp:featuredmedia":[{"embeddable":true,"href":"https:\/\/cdnoticias.com\/index.php\/wp-json\/wp\/v2\/media\/126183"}],"wp:attachment":[{"href":"https:\/\/cdnoticias.com\/index.php\/wp-json\/wp\/v2\/media?parent=183689"}],"wp:term":[{"taxonomy":"category","embeddable":true,"href":"https:\/\/cdnoticias.com\/index.php\/wp-json\/wp\/v2\/categories?post=183689"},{"taxonomy":"post_tag","embeddable":true,"href":"https:\/\/cdnoticias.com\/index.php\/wp-json\/wp\/v2\/tags?post=183689"}],"curies":[{"name":"wp","href":"https:\/\/api.w.org\/{rel}","templated":true}]}}