{"id":183684,"date":"2025-09-28T10:43:13","date_gmt":"2025-09-28T13:43:13","guid":{"rendered":"https:\/\/cdnoticias.com\/?p=183684"},"modified":"2025-09-28T18:39:08","modified_gmt":"2025-09-28T21:39:08","slug":"la-escuela-de-educacion-artistica-n3-llevara-el-nombre-mercedes-sosa","status":"publish","type":"post","link":"https:\/\/cdnoticias.com\/index.php\/2025\/09\/28\/la-escuela-de-educacion-artistica-n3-llevara-el-nombre-mercedes-sosa\/","title":{"rendered":"La Escuela de Educaci\u00f3n Art\u00edstica N\u00b03 llevar\u00e1 el nombre \u201cMercedes Sosa\u201d"},"content":{"rendered":"\n<p>El acto de imposici\u00f3n de nombre se realizar\u00e1 el viernes 3 de octubre a las 16 en el patio de la instituci\u00f3n, ubicada en el Barrio Jard\u00edn de Olavarr\u00eda.<\/p>\n\n\n\n<hr class=\"wp-block-separator aligncenter has-alpha-channel-opacity\"\/>\n\n\n\n<p>El Equipo de la <strong>Escuela de Educaci\u00f3n Art\u00edstica N\u00b03 invita a la comunidad a participar del acto de imposici\u00f3n de nombre de la instituci\u00f3n, que pasar\u00e1 a denominarse oficialmente \u201cMercedes Sosa\u201d.<\/strong><\/p>\n\n\n\n<p>La ceremonia tendr\u00e1 lugar el <strong>viernes 3 de octubre a las 16 horas en el patio de la escuela, situada en Laprida 4650, Barrio Jard\u00edn. <\/strong>El acceso ser\u00e1 por el \u201cCallej\u00f3n de las Artes\u201d, en la intersecci\u00f3n de Avenida de los Trabajadores y Dean Funes.<\/p>\n\n\n\n<p>Desde la instituci\u00f3n expresaron su <strong>deseo de compartir este momento significativo junto a estudiantes, familias, vecinos y autoridades, en una jornada que quedar\u00e1 marcada en la historia de la escuela.<\/strong><\/p>\n\n\n\n<p>Para asistir <strong>se recomienda llegar con algunos minutos de anticipaci\u00f3n, ya que se espera una importante concurrencia.<\/strong><\/p>\n","protected":false},"excerpt":{"rendered":"<p>El acto de imposici\u00f3n de nombre se realizar\u00e1 el viernes 3 de octubre a las 16 en el patio de<\/p>\n","protected":false},"author":2,"featured_media":183685,"comment_status":"closed","ping_status":"closed","sticky":false,"template":"","format":"standard","meta":{"_jetpack_memberships_contains_paid_content":false,"footnotes":""},"categories":[5,1],"tags":[],"class_list":["post-183684","post","type-post","status-publish","format-standard","has-post-thumbnail","hentry","category-informacion-general","category-portada"],"jetpack_featured_media_url":"https:\/\/i0.wp.com\/cdnoticias.com\/wp-content\/uploads\/2025\/09\/escuela-artistica-3.jpg?fit=1010%2C612&ssl=1","jetpack_sharing_enabled":true,"_links":{"self":[{"href":"https:\/\/cdnoticias.com\/index.php\/wp-json\/wp\/v2\/posts\/183684","targetHints":{"allow":["GET"]}}],"collection":[{"href":"https:\/\/cdnoticias.com\/index.php\/wp-json\/wp\/v2\/posts"}],"about":[{"href":"https:\/\/cdnoticias.com\/index.php\/wp-json\/wp\/v2\/types\/post"}],"author":[{"embeddable":true,"href":"https:\/\/cdnoticias.com\/index.php\/wp-json\/wp\/v2\/users\/2"}],"replies":[{"embeddable":true,"href":"https:\/\/cdnoticias.com\/index.php\/wp-json\/wp\/v2\/comments?post=183684"}],"version-history":[{"count":0,"href":"https:\/\/cdnoticias.com\/index.php\/wp-json\/wp\/v2\/posts\/183684\/revisions"}],"wp:featuredmedia":[{"embeddable":true,"href":"https:\/\/cdnoticias.com\/index.php\/wp-json\/wp\/v2\/media\/183685"}],"wp:attachment":[{"href":"https:\/\/cdnoticias.com\/index.php\/wp-json\/wp\/v2\/media?parent=183684"}],"wp:term":[{"taxonomy":"category","embeddable":true,"href":"https:\/\/cdnoticias.com\/index.php\/wp-json\/wp\/v2\/categories?post=183684"},{"taxonomy":"post_tag","embeddable":true,"href":"https:\/\/cdnoticias.com\/index.php\/wp-json\/wp\/v2\/tags?post=183684"}],"curies":[{"name":"wp","href":"https:\/\/api.w.org\/{rel}","templated":true}]}}