{"id":18366,"date":"2021-04-09T10:47:43","date_gmt":"2021-04-09T13:47:43","guid":{"rendered":"http:\/\/www.centraldenoticias.com.ar\/?p=18366"},"modified":"2021-04-09T11:11:00","modified_gmt":"2021-04-09T14:11:00","slug":"toma-de-tierras-en-barrio-lourdes-inadi-y-caj-pidieron-un-abordaje-integral","status":"publish","type":"post","link":"https:\/\/cdnoticias.com\/index.php\/2021\/04\/09\/toma-de-tierras-en-barrio-lourdes-inadi-y-caj-pidieron-un-abordaje-integral\/","title":{"rendered":"Toma de tierras en barrio Lourdes: INADI y CAJ pidieron \u201cun abordaje integral\u201d"},"content":{"rendered":"<p>Representantes de estos organismos estuvieron en el lugar. \u201cSe inici\u00f3 por la necesidad genuina\u201d subrayaron. Pidieron el abordaje desde los Derechos Humanos.<!--more--><\/p>\n<hr \/>\n<p><strong>Representantes del Instituto Nacional contra la Discriminaci\u00f3n, la Xenofobia y el Racismo (INADI) y del Centro de Acceso a la Justicia (CAJ) estuvieron este jueves en el predio tomado por vecinos que reclaman acceso a la vivienda<\/strong>, <a href=\"https:\/\/cdnoticias.com\/index.php\/2021\/04\/07\/sin-incidentes-transcurrio-la-noche-en-la-toma-de-viviendas\/\" target=\"_blank\" rel=\"noopener\">en Grimaldi y calle 11<\/a>. \u201cSe inici\u00f3 por la necesidad genuina\u201d definieron.<\/p>\n<p>&nbsp;<\/p>\n<p>Ambos organismos <strong>dependientes del Ministerio de Justicia y Derechos Humanos de la Naci\u00f3n<\/strong> con sede en Olavarr\u00eda se pronunciaron sobre el tema: <strong>pidieron que de forma \u201curgente\u201d se concrete \u201cun abordaje integral de la situaci\u00f3n\u201d<\/strong> y que, hasta alcanzar una resoluci\u00f3n, <strong>se atienda especialmente la cuesti\u00f3n sanitaria<\/strong> en el contexto de aumento de casos de Covid.<\/p>\n<p>&nbsp;<\/p>\n<blockquote><p>\u201cEsta toma se inici\u00f3 por la necesidad genuina de un peque\u00f1o grupo de familias atravesadas por la problem\u00e1tica habitacional y de hacinamiento, concentra en el lugar al d\u00eda de hoy m\u00e1s de 100 familias en la misma situaci\u00f3n. En su mayor\u00eda personas j\u00f3venes con hijos\/as; familias monoparentales de mujeres madres con hijos\/as; mujeres en estado de embarazo; personas migrantes; atravesadas por la situaci\u00f3n de pobreza\u201d se enfatiz\u00f3.<\/p><\/blockquote>\n<p>&nbsp;<\/p>\n<p>Los representantes constataron que \u201cse trata de personas que, ante la situaci\u00f3n de falta de vivienda y recursos para sostener sus alquileres, decidieron tomar un predio municipal del barrio Lourdes. Si bien son diversas las situaciones que atraviesan, <strong>manifiestan que la mayor\u00eda ha solicitado ante el municipio soluciones habitacionales, para prevenir situaciones de hacinamiento, en algunos casos desde hace m\u00e1s de 10 a\u00f1os<\/strong>, y a\u00fan no hay respuestas con pol\u00edticas p\u00fablicas al respecto\u201d.<\/p>\n<p>&nbsp;<\/p>\n<p>Asimismo, se apunt\u00f3 a lo planteado por los vecinos quienes esperan poder hablar con autoridades estatales. \u201cPara atender la demanda central, quienes llevan adelante la toma <strong>esperan la presencia de funcionarios\/as de los diversos niveles del Estado<\/strong> con pertinencia en la tem\u00e1tica a fin de constituir una Mesa de Di\u00e1logo con amplia representaci\u00f3n institucional\u201d.<\/p>\n<p>&nbsp;<\/p>\n<p>No obstante, se dej\u00f3 en claro que \u201c<strong>hasta el momento no se abrieron espacios de di\u00e1logo<\/strong> para comenzar a abordar la compleja y preocupante problem\u00e1tica de acceso a la vivienda. S\u00f3lo fue radicada <a href=\"https:\/\/cdnoticias.com\/index.php\/2021\/04\/06\/el-intendente-galli-denuncio-penalmente-la-toma-de-terrenos-en-el-barrio-lourdes\/\" target=\"_blank\" rel=\"noopener\">una denuncia penal<\/a> por parte del municipio con el objetivo de concretar el desalojo\u201d.<\/p>\n<p>&nbsp;<\/p>\n<blockquote><p>Los organismos consideraron \u201curgente comenzar con un abordaje integral de la situaci\u00f3n, articulado desde lo local con las diversas instituciones y niveles del Estado que considere todas las aristas de esta problem\u00e1tica desde un enfoque de Derechos Humanos\u201d.<\/p><\/blockquote>\n<p>&nbsp;<\/p>\n<p>\u201cAsimismo, y entre tanto la situaci\u00f3n sea resuelta, se considera que ante el contexto de aumento de casos que atraviesa el pa\u00eds y la localidad por la pandemia de COVID-19, es imprescindible <strong>atender la emergencia con elementos de higiene, ba\u00f1os y asistencia alimentaria<\/strong>, hasta tanto la justicia resuelva la cuesti\u00f3n jur\u00eddica\u201d se agreg\u00f3.<\/p>\n<p>&nbsp;<\/p>\n<p>Finalmente, <strong>tanto INADI como CAJ pusieron a disposici\u00f3n \u201csus recursos y personal<\/strong> a fin de arribar a un completo diagn\u00f3stico de la situaci\u00f3n y su resoluci\u00f3n satisfactoria y pac\u00edfica\u201d.<\/p>\n","protected":false},"excerpt":{"rendered":"<p>Representantes de estos organismos estuvieron en el lugar. \u201cSe inici\u00f3 por la necesidad genuina\u201d subrayaron. Pidieron el abordaje desde los<\/p>\n","protected":false},"author":4,"featured_media":18156,"comment_status":"closed","ping_status":"closed","sticky":false,"template":"","format":"standard","meta":{"_jetpack_memberships_contains_paid_content":false,"footnotes":""},"categories":[5,1],"tags":[],"class_list":["post-18366","post","type-post","status-publish","format-standard","has-post-thumbnail","hentry","category-informacion-general","category-portada"],"jetpack_featured_media_url":"https:\/\/i0.wp.com\/cdnoticias.com\/wp-content\/uploads\/2021\/04\/toma08.jpg?fit=800%2C445&ssl=1","jetpack_sharing_enabled":true,"_links":{"self":[{"href":"https:\/\/cdnoticias.com\/index.php\/wp-json\/wp\/v2\/posts\/18366","targetHints":{"allow":["GET"]}}],"collection":[{"href":"https:\/\/cdnoticias.com\/index.php\/wp-json\/wp\/v2\/posts"}],"about":[{"href":"https:\/\/cdnoticias.com\/index.php\/wp-json\/wp\/v2\/types\/post"}],"author":[{"embeddable":true,"href":"https:\/\/cdnoticias.com\/index.php\/wp-json\/wp\/v2\/users\/4"}],"replies":[{"embeddable":true,"href":"https:\/\/cdnoticias.com\/index.php\/wp-json\/wp\/v2\/comments?post=18366"}],"version-history":[{"count":0,"href":"https:\/\/cdnoticias.com\/index.php\/wp-json\/wp\/v2\/posts\/18366\/revisions"}],"wp:featuredmedia":[{"embeddable":true,"href":"https:\/\/cdnoticias.com\/index.php\/wp-json\/wp\/v2\/media\/18156"}],"wp:attachment":[{"href":"https:\/\/cdnoticias.com\/index.php\/wp-json\/wp\/v2\/media?parent=18366"}],"wp:term":[{"taxonomy":"category","embeddable":true,"href":"https:\/\/cdnoticias.com\/index.php\/wp-json\/wp\/v2\/categories?post=18366"},{"taxonomy":"post_tag","embeddable":true,"href":"https:\/\/cdnoticias.com\/index.php\/wp-json\/wp\/v2\/tags?post=18366"}],"curies":[{"name":"wp","href":"https:\/\/api.w.org\/{rel}","templated":true}]}}