{"id":183653,"date":"2025-09-27T16:52:27","date_gmt":"2025-09-27T19:52:27","guid":{"rendered":"https:\/\/cdnoticias.com\/?p=183653"},"modified":"2025-09-27T16:52:29","modified_gmt":"2025-09-27T19:52:29","slug":"la-facultad-de-sociales-impulsara-capacitaciones-abiertas-sobre-como-votar-con-boleta-unica-papel","status":"publish","type":"post","link":"https:\/\/cdnoticias.com\/index.php\/2025\/09\/27\/la-facultad-de-sociales-impulsara-capacitaciones-abiertas-sobre-como-votar-con-boleta-unica-papel\/","title":{"rendered":"La Facultad de Sociales impulsar\u00e1 capacitaciones abiertas sobre c\u00f3mo votar con Boleta \u00danica Papel"},"content":{"rendered":"\n<p>Ser\u00e1 junto a la Direcci\u00f3n Nacional Electoral. Se realizar\u00e1n una serie de charlas en Azul, Olavarr\u00eda y Tandil a cargo de de la c\u00e1tedra Periodismo Pol\u00edtico y Econ\u00f3mico de la carrera de Periodismo.<\/p>\n\n\n\n<hr class=\"wp-block-separator aligncenter has-alpha-channel-opacity\"\/>\n\n\n\n<p><strong>La Facultad de Ciencias Sociales (UNICEN) junto a la Direcci\u00f3n Nacional Electoral del Ministerio del Interior de la Naci\u00f3n llevar\u00e1n adelante una serie de charlas abiertas en Azul, Olavarr\u00eda y Tandil<\/strong>, sobre el nuevo sistema de votaci\u00f3n.<\/p>\n\n\n\n<p>El pr\u00f3ximo 26 de octubre se llevar\u00e1n adelante en nuestro pa\u00eds las Elecciones Legislativas Nacionales en las que <strong>se implementar\u00e1, por primera vez, la utilizaci\u00f3n de la Boleta \u00danica Papel (BUP), instrumento que fue aprobado por el Congreso de la Naci\u00f3n a trav\u00e9s de la Ley 27.781.<\/strong><\/p>\n\n\n\n<blockquote class=\"wp-block-quote is-layout-flow wp-block-quote-is-layout-flow\">\n<p>La BUP es una boleta de papel que incluye en una misma papeleta a todos\/as los\/as candidatos\/as, categor\u00edas de cargos y partidos pol\u00edticos que pueden ser elegidos en un acto electoral nacional.<\/p>\n<\/blockquote>\n\n\n\n<p>En este marco, se llevar\u00e1n adelante entre el 7 y el 9 de octubre una <strong>serie de charlas abiertas en Olavarr\u00eda, Azul y Tandil, con el objetivo de capacitar a la comunidad sobre c\u00f3mo se vota con BUP: Boleta \u00danica Papel. Las personas interesadas pueden acercarse a cada espacio en el horario y d\u00eda definido por cronograma.<\/strong><\/p>\n\n\n\n<p>Las capacitaciones estar\u00e1n a cargo de la <strong>Direcci\u00f3n Nacional Electoral del Ministerio del Interior de la Naci\u00f3n. La actividad es coordinada junto con la Facultad de Ciencias Sociales de la Universidad Nacional del Centro de la Provincia de Buenos Aires, a trav\u00e9s de la c\u00e1tedra Periodismo Pol\u00edtico y Econ\u00f3mico de la carrera de Periodismo.<\/strong><\/p>\n\n\n\n<p class=\"has-large-font-size\">Cronograma de encuentros<\/p>\n\n\n\n<p><strong>Olavarr\u00eda:<\/strong><\/p>\n\n\n\n<p>Martes 7 de octubre de 15 a 17 hs. Destinada a personas mayores de 60 a\u00f1os. Sede: Centro Cultural Universitario, San Mart\u00edn 1955<\/p>\n\n\n\n<p>Martes 7 de octubre de 17:30 a 19:30 hs. Destinada a p\u00fablico en general. Sede: Centro Cultural Universitario, San Mart\u00edn 1955<\/p>\n\n\n\n<p>Mi\u00e9rcoles 8 de octubre de 10 a 12 hs. Destinada a p\u00fablico en general. Sede: Sal\u00f3n Auditorio de la Delegaci\u00f3n Olavarr\u00eda del Consejo Profesional de Ciencias Econ\u00f3micas de la Provincia de Buenos Aires, Rivadavia 2461<\/p>\n\n\n\n<p><strong>Azul:<\/strong><\/p>\n\n\n\n<p>Mi\u00e9rcoles 8 de octubre de 18 a 20 hs. Destinada a p\u00fablico en general. Sede: Aula N\u00b0 8 Pabell\u00f3n de Licenciatura, Facultad de Agronom\u00eda. Av. Rep\u00fablica de Italia 780, Campus Universitario<\/p>\n\n\n\n<p><strong>Tandil:<\/strong><\/p>\n\n\n\n<p>Jueves 9 de octubre de 10 a 12 hs. Destinada a p\u00fablico en general. Sede: Aula Magna de Rectorado, Pinto 399.<\/p>\n\n\n\n<p>Jueves 9 de octubre de 14 a 16 hs. Destinada a p\u00fablico en general. Sede: Aula Magna de Rectorado, Pinto 399.<\/p>\n","protected":false},"excerpt":{"rendered":"<p>Ser\u00e1 junto a la Direcci\u00f3n Nacional Electoral. Se realizar\u00e1n una serie de charlas en Azul, Olavarr\u00eda y Tandil a cargo<\/p>\n","protected":false},"author":2,"featured_media":182281,"comment_status":"closed","ping_status":"closed","sticky":false,"template":"","format":"standard","meta":{"_jetpack_memberships_contains_paid_content":false,"footnotes":""},"categories":[4,1],"tags":[],"class_list":["post-183653","post","type-post","status-publish","format-standard","has-post-thumbnail","hentry","category-politica","category-portada"],"jetpack_featured_media_url":"https:\/\/i0.wp.com\/cdnoticias.com\/wp-content\/uploads\/2025\/09\/boleta.webp?fit=790%2C334&ssl=1","jetpack_sharing_enabled":true,"_links":{"self":[{"href":"https:\/\/cdnoticias.com\/index.php\/wp-json\/wp\/v2\/posts\/183653","targetHints":{"allow":["GET"]}}],"collection":[{"href":"https:\/\/cdnoticias.com\/index.php\/wp-json\/wp\/v2\/posts"}],"about":[{"href":"https:\/\/cdnoticias.com\/index.php\/wp-json\/wp\/v2\/types\/post"}],"author":[{"embeddable":true,"href":"https:\/\/cdnoticias.com\/index.php\/wp-json\/wp\/v2\/users\/2"}],"replies":[{"embeddable":true,"href":"https:\/\/cdnoticias.com\/index.php\/wp-json\/wp\/v2\/comments?post=183653"}],"version-history":[{"count":0,"href":"https:\/\/cdnoticias.com\/index.php\/wp-json\/wp\/v2\/posts\/183653\/revisions"}],"wp:featuredmedia":[{"embeddable":true,"href":"https:\/\/cdnoticias.com\/index.php\/wp-json\/wp\/v2\/media\/182281"}],"wp:attachment":[{"href":"https:\/\/cdnoticias.com\/index.php\/wp-json\/wp\/v2\/media?parent=183653"}],"wp:term":[{"taxonomy":"category","embeddable":true,"href":"https:\/\/cdnoticias.com\/index.php\/wp-json\/wp\/v2\/categories?post=183653"},{"taxonomy":"post_tag","embeddable":true,"href":"https:\/\/cdnoticias.com\/index.php\/wp-json\/wp\/v2\/tags?post=183653"}],"curies":[{"name":"wp","href":"https:\/\/api.w.org\/{rel}","templated":true}]}}