{"id":183638,"date":"2025-09-27T10:08:36","date_gmt":"2025-09-27T13:08:36","guid":{"rendered":"https:\/\/cdnoticias.com\/?p=183638"},"modified":"2025-09-27T17:18:26","modified_gmt":"2025-09-27T20:18:26","slug":"violento-choque-en-colon-y-espana","status":"publish","type":"post","link":"https:\/\/cdnoticias.com\/index.php\/2025\/09\/27\/violento-choque-en-colon-y-espana\/","title":{"rendered":"Violento choque en Col\u00f3n y Espa\u00f1a"},"content":{"rendered":"\n<p>Fue entre un auto y una camioneta. Atendieron a una persona en el lugar.<\/p>\n\n\n\n<hr class=\"wp-block-separator aligncenter has-alpha-channel-opacity\"\/>\n\n\n\n<p>Este viernes por la noche, <strong>un violento choque en el cruce de Col\u00f3n y Espa\u00f1a dej\u00f3 como saldo a una persona golpeada, que no fue trasladada al Hospital Municipal.<\/strong><\/p>\n\n\n\n<p>El hecho se produjo entre una<strong> camioneta Nissan y un Peugeot 207. La camioneta termin\u00f3 sobre la vereda mientras que el auto termin\u00f3 con visibles da\u00f1os en su parte delantera.<\/strong><\/p>\n\n\n\n<figure class=\"wp-block-image size-full\"><img data-recalc-dims=\"1\" loading=\"lazy\" decoding=\"async\" width=\"800\" height=\"445\" src=\"https:\/\/i0.wp.com\/cdnoticias.com\/wp-content\/uploads\/2025\/09\/colon-espana-choque.jpg?resize=800%2C445&#038;ssl=1\" alt=\"\" class=\"wp-image-183639\" srcset=\"https:\/\/i0.wp.com\/cdnoticias.com\/wp-content\/uploads\/2025\/09\/colon-espana-choque.jpg?w=800&amp;ssl=1 800w, https:\/\/i0.wp.com\/cdnoticias.com\/wp-content\/uploads\/2025\/09\/colon-espana-choque.jpg?resize=300%2C167&amp;ssl=1 300w, https:\/\/i0.wp.com\/cdnoticias.com\/wp-content\/uploads\/2025\/09\/colon-espana-choque.jpg?resize=768%2C427&amp;ssl=1 768w\" sizes=\"auto, (max-width: 800px) 100vw, 800px\" \/><\/figure>\n\n\n\n<p>A pesar del violento impacto, <strong>una ambulancia del sistema de salud p\u00fablico municipal asisti\u00f3 a una de las personas implicadas en el siniestro vial pero no requiri\u00f3 su traslado.<\/strong><\/p>\n\n\n\n<p><strong>Intervino personal de Comando de Patrullas que interrumpi\u00f3 el tr\u00e1nsito durante unos minutos<\/strong> hasta certificar que se realicen las revisaciones m\u00e9dicas y las tareas administrativas correspondientes.<\/p>\n","protected":false},"excerpt":{"rendered":"<p>Fue entre un auto y una camioneta. Atendieron a una persona en el lugar. Este viernes por la noche, un<\/p>\n","protected":false},"author":2,"featured_media":183640,"comment_status":"closed","ping_status":"closed","sticky":false,"template":"","format":"standard","meta":{"_jetpack_memberships_contains_paid_content":false,"footnotes":""},"categories":[14,1],"tags":[],"class_list":["post-183638","post","type-post","status-publish","format-standard","has-post-thumbnail","hentry","category-policiales","category-portada"],"jetpack_featured_media_url":"https:\/\/i0.wp.com\/cdnoticias.com\/wp-content\/uploads\/2025\/09\/colon-espana-choque1.jpg?fit=800%2C445&ssl=1","jetpack_sharing_enabled":true,"_links":{"self":[{"href":"https:\/\/cdnoticias.com\/index.php\/wp-json\/wp\/v2\/posts\/183638","targetHints":{"allow":["GET"]}}],"collection":[{"href":"https:\/\/cdnoticias.com\/index.php\/wp-json\/wp\/v2\/posts"}],"about":[{"href":"https:\/\/cdnoticias.com\/index.php\/wp-json\/wp\/v2\/types\/post"}],"author":[{"embeddable":true,"href":"https:\/\/cdnoticias.com\/index.php\/wp-json\/wp\/v2\/users\/2"}],"replies":[{"embeddable":true,"href":"https:\/\/cdnoticias.com\/index.php\/wp-json\/wp\/v2\/comments?post=183638"}],"version-history":[{"count":0,"href":"https:\/\/cdnoticias.com\/index.php\/wp-json\/wp\/v2\/posts\/183638\/revisions"}],"wp:featuredmedia":[{"embeddable":true,"href":"https:\/\/cdnoticias.com\/index.php\/wp-json\/wp\/v2\/media\/183640"}],"wp:attachment":[{"href":"https:\/\/cdnoticias.com\/index.php\/wp-json\/wp\/v2\/media?parent=183638"}],"wp:term":[{"taxonomy":"category","embeddable":true,"href":"https:\/\/cdnoticias.com\/index.php\/wp-json\/wp\/v2\/categories?post=183638"},{"taxonomy":"post_tag","embeddable":true,"href":"https:\/\/cdnoticias.com\/index.php\/wp-json\/wp\/v2\/tags?post=183638"}],"curies":[{"name":"wp","href":"https:\/\/api.w.org\/{rel}","templated":true}]}}