{"id":183614,"date":"2025-09-27T09:35:01","date_gmt":"2025-09-27T12:35:01","guid":{"rendered":"https:\/\/cdnoticias.com\/?p=183614"},"modified":"2025-09-27T09:35:03","modified_gmt":"2025-09-27T12:35:03","slug":"octubre-se-viene-un-nuevo-feriado-o-es-dia-no-laborable","status":"publish","type":"post","link":"https:\/\/cdnoticias.com\/index.php\/2025\/09\/27\/octubre-se-viene-un-nuevo-feriado-o-es-dia-no-laborable\/","title":{"rendered":"Octubre: \u00bfse viene un nuevo feriado o es d\u00eda no laborable?"},"content":{"rendered":"\n<p>El Gobierno nacional confirm\u00f3 que habr\u00e1 un fin de semana largo por el 12 de octubre. Pero, \u00bfes un beneficio para todos los argentinos?<\/p>\n\n\n\n<hr class=\"wp-block-separator aligncenter has-alpha-channel-opacity\"\/>\n\n\n\n<p>En busca de<strong> reactivar al sector tur\u00edstico <\/strong>que atraviesa un a\u00f1o complejo, el Gobierno de Javier Milei dispuso d\u00edas atr\u00e1s que <strong>la celebraci\u00f3n del 12 de octubre<\/strong> en el que se conmemora el <strong>D\u00eda del Respeto a la Diversidad Cultural,<\/strong> <strong>pase del domingo al viernes 10<\/strong>. De esta manera, <strong>se forma un fin de semana largo.<\/strong><\/p>\n\n\n\n<p><\/p>\n\n\n\n<p>La decisi\u00f3n da la <strong>posibilidad de descansar tres d\u00edas consecutivos <\/strong>y es una posibilidad para que <strong>miles de argentinos se desplacen hacia destinos<\/strong> como las Cataratas del Iguaz\u00fa, Patagonia y Costa Atl\u00e1ntica. Pero frente a este cambio, surge la duda de la naturaleza de este asueto, puesto que puede ser un feriado o un d\u00eda no laborable.<\/p>\n\n\n\n<p><\/p>\n\n\n\n<p>Seg\u00fan la resoluci\u00f3n 139\/2025, se traslada el asueto del 12 de octubre de este a\u00f1o al d\u00eda viernes 10 de octubre. Por lo tanto, <strong>se trata de un feriado nacional y no de un d\u00eda no laborable. <\/strong>De esta forma, <strong>el feriado forma un fin de semana largo de tres d\u00edas.<\/strong><\/p>\n\n\n\n<p><\/p>\n\n\n\n<blockquote class=\"wp-block-quote is-layout-flow wp-block-quote-is-layout-flow\">\n<p>Por lo tanto, es una jornada de descanso obligatoria, que debe cumplirse en todo el territorio nacional. La ley 20.744, conocida como Ley de Contrato de Trabajo, precisa en su art\u00edculo 181 que en los d\u00edas feriados nacionales rigen las mismas normas legales que para el descanso dominical.<\/p>\n<\/blockquote>\n\n\n\n<p><\/p>\n\n\n\n<p>Esto significa que, si un empleado es requerido para prestar servicios durante un feriado,<strong> tiene derecho a percibir el doble de su salario diario habitual por esa jornada. <\/strong>La decisi\u00f3n de trabajar o no en un feriado no es optativa para el empleador, salvo excepciones espec\u00edficas que no alteran el r\u00e9gimen de pago. En tanto, los d\u00edas no laborables es de car\u00e1cter optativo, y la decisi\u00f3n de otorgarlo como jornada de descanso o de exigir la prestaci\u00f3n de servicios recae exclusivamente en el empleador.<\/p>\n\n\n\n<p><\/p>\n\n\n\n<p><strong>\u00bfQu\u00e9 otros feriados quedan en 2025?<\/strong><\/p>\n\n\n\n<p>Luego de pasar septiembre, sin feriados, y el mencionado de octubre, <strong>el pr\u00f3ximo ser\u00e1 a fines de noviembre, que ser\u00e1 extra largo.<\/strong> Es que <strong>se traslada el D\u00eda de la Soberan\u00eda Nacional,<\/strong> originalmente previsto para el 20 de ese mes, al lunes 24, y se incorpora un feriado no laborable con fines tur\u00edsticos el viernes 21.<\/p>\n\n\n\n<p><\/p>\n\n\n\n<ul class=\"wp-block-list\">\n<li>Viernes 21 de noviembre: d\u00eda no laborable con fines tur\u00edsticos por el D\u00eda de la Soberan\u00eda.<\/li>\n<\/ul>\n\n\n\n<ul class=\"wp-block-list\">\n<li>Lunes 24 de noviembre: feriado por el D\u00eda de la Soberan\u00eda.<\/li>\n<\/ul>\n\n\n\n<ul class=\"wp-block-list\">\n<li>Lunes 8 de diciembre: feriado por el D\u00eda de la Inmaculada Concepci\u00f3n de Mar\u00eda.<\/li>\n<\/ul>\n\n\n\n<ul class=\"wp-block-list\">\n<li>Jueves 25 de diciembre: feriado por Navidad.\u00a0<\/li>\n<\/ul>\n\n\n\n<p><em>Fuente: DIB<\/em><\/p>\n","protected":false},"excerpt":{"rendered":"<p>El Gobierno nacional confirm\u00f3 que habr\u00e1 un fin de semana largo por el 12 de octubre. Pero, \u00bfes un beneficio<\/p>\n","protected":false},"author":6,"featured_media":133776,"comment_status":"closed","ping_status":"closed","sticky":false,"template":"","format":"standard","meta":{"_jetpack_memberships_contains_paid_content":false,"footnotes":""},"categories":[6,1],"tags":[],"class_list":["post-183614","post","type-post","status-publish","format-standard","has-post-thumbnail","hentry","category-nacionales","category-portada"],"jetpack_featured_media_url":"https:\/\/i0.wp.com\/cdnoticias.com\/wp-content\/uploads\/2025\/01\/feriados-calendario-2025.png?fit=682%2C407&ssl=1","jetpack_sharing_enabled":true,"_links":{"self":[{"href":"https:\/\/cdnoticias.com\/index.php\/wp-json\/wp\/v2\/posts\/183614","targetHints":{"allow":["GET"]}}],"collection":[{"href":"https:\/\/cdnoticias.com\/index.php\/wp-json\/wp\/v2\/posts"}],"about":[{"href":"https:\/\/cdnoticias.com\/index.php\/wp-json\/wp\/v2\/types\/post"}],"author":[{"embeddable":true,"href":"https:\/\/cdnoticias.com\/index.php\/wp-json\/wp\/v2\/users\/6"}],"replies":[{"embeddable":true,"href":"https:\/\/cdnoticias.com\/index.php\/wp-json\/wp\/v2\/comments?post=183614"}],"version-history":[{"count":0,"href":"https:\/\/cdnoticias.com\/index.php\/wp-json\/wp\/v2\/posts\/183614\/revisions"}],"wp:featuredmedia":[{"embeddable":true,"href":"https:\/\/cdnoticias.com\/index.php\/wp-json\/wp\/v2\/media\/133776"}],"wp:attachment":[{"href":"https:\/\/cdnoticias.com\/index.php\/wp-json\/wp\/v2\/media?parent=183614"}],"wp:term":[{"taxonomy":"category","embeddable":true,"href":"https:\/\/cdnoticias.com\/index.php\/wp-json\/wp\/v2\/categories?post=183614"},{"taxonomy":"post_tag","embeddable":true,"href":"https:\/\/cdnoticias.com\/index.php\/wp-json\/wp\/v2\/tags?post=183614"}],"curies":[{"name":"wp","href":"https:\/\/api.w.org\/{rel}","templated":true}]}}