{"id":183570,"date":"2025-09-26T13:06:05","date_gmt":"2025-09-26T16:06:05","guid":{"rendered":"https:\/\/cdnoticias.com\/?p=183570"},"modified":"2025-09-26T16:30:49","modified_gmt":"2025-09-26T19:30:49","slug":"la-libertad-avanza-se-reunio-con-vecinos-de-barrio-norte","status":"publish","type":"post","link":"https:\/\/cdnoticias.com\/index.php\/2025\/09\/26\/la-libertad-avanza-se-reunio-con-vecinos-de-barrio-norte\/","title":{"rendered":"La Libertad Avanza se reuni\u00f3 con vecinos de barrio Norte"},"content":{"rendered":"<p>Se dio a conocer que los vecinos expusieron su \u201cgran preocupaci\u00f3n\u201d por la falta de servicios y la \u201ccreciente inseguridad\u201d.<!--more--><\/p>\n<hr \/>\n<p><strong>Representantes de La Libertad Avanza<\/strong> estuvieron este jueves en una <strong>reuni\u00f3n con vecinos del barrio Norte<\/strong> de nuestra ciudad.<\/p>\n<p>Se difundi\u00f3 desde la agrupaci\u00f3n que \u201cnos recibieron en sus casas y nos compartieron, <strong>con gran preocupaci\u00f3n, la situaci\u00f3n que atraviesan d\u00eda a d\u00eda<\/strong>. La <strong>falta de servicios b\u00e1sicos esenciales<\/strong>, como cloacas, pavimento y luminarias, se ha convertido en un problema constante que afecta no solo la comodidad de sus hogares, sino tambi\u00e9n su salud, seguridad y calidad de vida\u201d.<\/p>\n<p><img data-recalc-dims=\"1\" loading=\"lazy\" decoding=\"async\" class=\"alignnone size-large wp-image-183571 aligncenter\" src=\"https:\/\/i0.wp.com\/cdnoticias.com\/wp-content\/uploads\/2025\/09\/la-libertad-avanza-01.jpg?resize=800%2C445&#038;ssl=1\" alt=\"\" width=\"800\" height=\"445\" srcset=\"https:\/\/i0.wp.com\/cdnoticias.com\/wp-content\/uploads\/2025\/09\/la-libertad-avanza-01.jpg?resize=1024%2C569&amp;ssl=1 1024w, https:\/\/i0.wp.com\/cdnoticias.com\/wp-content\/uploads\/2025\/09\/la-libertad-avanza-01.jpg?resize=300%2C167&amp;ssl=1 300w, https:\/\/i0.wp.com\/cdnoticias.com\/wp-content\/uploads\/2025\/09\/la-libertad-avanza-01.jpg?resize=768%2C427&amp;ssl=1 768w, https:\/\/i0.wp.com\/cdnoticias.com\/wp-content\/uploads\/2025\/09\/la-libertad-avanza-01.jpg?resize=800%2C445&amp;ssl=1 800w, https:\/\/i0.wp.com\/cdnoticias.com\/wp-content\/uploads\/2025\/09\/la-libertad-avanza-01.jpg?w=1185&amp;ssl=1 1185w\" sizes=\"auto, (max-width: 800px) 100vw, 800px\" \/><\/p>\n<p>A su vez,<strong> se plante\u00f3 la \u201ccreciente inseguridad<\/strong>, que genera temor y limita la vida cotidiana de muchas familias. Caminar de noche por las calles oscuras o dejar que los chicos jueguen tranquilos en la vereda se vuelve cada vez m\u00e1s dif\u00edcil\u201d.<\/p>\n<p>En la reuni\u00f3n estuvieron los principales referentes libertarios,<strong> Celeste Arouxet y Guillermo Lascano<\/strong>, adem\u00e1s de los <strong>concejales electos el pasado 7 de septiembre<\/strong>. Expresaron que los vecinos afirmaron <em>\u201cestamos cansados de pagar impuestos sin ver resultados. Necesitamos respuestas concretas y soluciones urgentes para mejorar nuestra calidad de vida\u201d<\/em>.<\/p>\n<p><img data-recalc-dims=\"1\" loading=\"lazy\" decoding=\"async\" class=\"alignnone size-large wp-image-183573 aligncenter\" src=\"https:\/\/i0.wp.com\/cdnoticias.com\/wp-content\/uploads\/2025\/09\/la-libertad-avanza-02.jpg?resize=800%2C445&#038;ssl=1\" alt=\"\" width=\"800\" height=\"445\" srcset=\"https:\/\/i0.wp.com\/cdnoticias.com\/wp-content\/uploads\/2025\/09\/la-libertad-avanza-02.jpg?resize=1024%2C570&amp;ssl=1 1024w, https:\/\/i0.wp.com\/cdnoticias.com\/wp-content\/uploads\/2025\/09\/la-libertad-avanza-02.jpg?resize=300%2C167&amp;ssl=1 300w, https:\/\/i0.wp.com\/cdnoticias.com\/wp-content\/uploads\/2025\/09\/la-libertad-avanza-02.jpg?resize=768%2C427&amp;ssl=1 768w, https:\/\/i0.wp.com\/cdnoticias.com\/wp-content\/uploads\/2025\/09\/la-libertad-avanza-02.jpg?resize=800%2C445&amp;ssl=1 800w, https:\/\/i0.wp.com\/cdnoticias.com\/wp-content\/uploads\/2025\/09\/la-libertad-avanza-02.jpg?w=1186&amp;ssl=1 1186w\" sizes=\"auto, (max-width: 800px) 100vw, 800px\" \/><\/p>\n<p>Para los representantes de LLA \u201cestas palabras reflejan un sentimiento compartido en muchos sectores de Olavarr\u00eda, donde los reclamos parecen repetirse sin obtener la atenci\u00f3n necesaria. No se trata de un caso aislado, sino de <strong>una problem\u00e1tica extendida que requiere una respuesta seria y responsable por parte del municipio\u201d<\/strong>.<\/p>\n<p>\u201cDesde nuestro lugar, <strong>asumimos el compromiso de escuchar activamente y trabajar en conjunto con los vecinos<\/strong>, para que sus demandas no queden en el olvido. Nuestra tarea ser\u00e1 llevar estas voces al intendente y exigir que se implementen medidas concretas, con plazos claros y soluciones reales\u201d cerraron los referentes libertarios.<\/p>\n","protected":false},"excerpt":{"rendered":"<p>Se dio a conocer que los vecinos expusieron su \u201cgran preocupaci\u00f3n\u201d por la falta de servicios y la \u201ccreciente inseguridad\u201d.<\/p>\n","protected":false},"author":4,"featured_media":183572,"comment_status":"closed","ping_status":"closed","sticky":false,"template":"","format":"standard","meta":{"_jetpack_memberships_contains_paid_content":false,"footnotes":""},"categories":[4,1],"tags":[],"class_list":["post-183570","post","type-post","status-publish","format-standard","has-post-thumbnail","hentry","category-politica","category-portada"],"jetpack_featured_media_url":"https:\/\/i0.wp.com\/cdnoticias.com\/wp-content\/uploads\/2025\/09\/la-libertad-avanza-00.jpg?fit=1186%2C660&ssl=1","jetpack_sharing_enabled":true,"_links":{"self":[{"href":"https:\/\/cdnoticias.com\/index.php\/wp-json\/wp\/v2\/posts\/183570","targetHints":{"allow":["GET"]}}],"collection":[{"href":"https:\/\/cdnoticias.com\/index.php\/wp-json\/wp\/v2\/posts"}],"about":[{"href":"https:\/\/cdnoticias.com\/index.php\/wp-json\/wp\/v2\/types\/post"}],"author":[{"embeddable":true,"href":"https:\/\/cdnoticias.com\/index.php\/wp-json\/wp\/v2\/users\/4"}],"replies":[{"embeddable":true,"href":"https:\/\/cdnoticias.com\/index.php\/wp-json\/wp\/v2\/comments?post=183570"}],"version-history":[{"count":0,"href":"https:\/\/cdnoticias.com\/index.php\/wp-json\/wp\/v2\/posts\/183570\/revisions"}],"wp:featuredmedia":[{"embeddable":true,"href":"https:\/\/cdnoticias.com\/index.php\/wp-json\/wp\/v2\/media\/183572"}],"wp:attachment":[{"href":"https:\/\/cdnoticias.com\/index.php\/wp-json\/wp\/v2\/media?parent=183570"}],"wp:term":[{"taxonomy":"category","embeddable":true,"href":"https:\/\/cdnoticias.com\/index.php\/wp-json\/wp\/v2\/categories?post=183570"},{"taxonomy":"post_tag","embeddable":true,"href":"https:\/\/cdnoticias.com\/index.php\/wp-json\/wp\/v2\/tags?post=183570"}],"curies":[{"name":"wp","href":"https:\/\/api.w.org\/{rel}","templated":true}]}}