{"id":183558,"date":"2025-09-26T14:31:01","date_gmt":"2025-09-26T17:31:01","guid":{"rendered":"https:\/\/cdnoticias.com\/?p=183558"},"modified":"2025-09-26T14:31:03","modified_gmt":"2025-09-26T17:31:03","slug":"el-departamento-judicial-de-azul-tiene-cuatro-nuevos-jueces","status":"publish","type":"post","link":"https:\/\/cdnoticias.com\/index.php\/2025\/09\/26\/el-departamento-judicial-de-azul-tiene-cuatro-nuevos-jueces\/","title":{"rendered":"El Departamento Judicial de Azul tiene cuatro nuevos jueces"},"content":{"rendered":"<p>Juraron este jueves en el Palacio de Justicia de Azul Marcos Federico Garc\u00eda Etchegoyen, Sebasti\u00e1n Manuel Sarde, Orlando Oscar Sim\u00f3n y Mar\u00eda Virginia Paoltroni.<!--more--><\/p>\n<hr \/>\n<p><strong>Cuatro nuevos jueces asumieron este jueves<\/strong> durante una ceremonia que tuvo como escenario la sala que la C\u00e1mara Penal posee en el tercer piso del Palacio de Justicia de Azul. <strong>Marcos Federico Garc\u00eda Etchegoyen, Sebasti\u00e1n Manuel Sarde, Orlando Oscar Sim\u00f3n y Mar\u00eda Virginia Paoltroni<\/strong> juraron como jueces.<\/p>\n<p><strong>Garc\u00eda Etchegoyen<\/strong> integrar\u00e1 la <strong>Sala II de la C\u00e1mara de Apelaciones en lo Civil y Comercial<\/strong> con asiento en el edificio central de los tribunales de Azul.<\/p>\n<p><strong>Sarde<\/strong> estar\u00e1 al frente del <strong>Juzgado de Primera Instancia en lo Civil y Comercial n\u00famero 3<\/strong> que tiene su sede en <strong>Tandil.<\/strong><\/p>\n<p>Los <strong>magistrados Sim\u00f3n y Paoltroni<\/strong> juraron como titulares de los dos<strong> juzgados de Paz en las ciudades de General La Madrid y General Alvear.<\/strong><\/p>\n<p><img data-recalc-dims=\"1\" loading=\"lazy\" decoding=\"async\" class=\"alignnone size-full wp-image-183560 aligncenter\" src=\"https:\/\/i0.wp.com\/cdnoticias.com\/wp-content\/uploads\/2025\/09\/diario-el-tiempo-juez-Garcia-Etchegoyen.jpg?resize=800%2C450&#038;ssl=1\" alt=\"\" width=\"800\" height=\"450\" srcset=\"https:\/\/i0.wp.com\/cdnoticias.com\/wp-content\/uploads\/2025\/09\/diario-el-tiempo-juez-Garcia-Etchegoyen.jpg?w=955&amp;ssl=1 955w, https:\/\/i0.wp.com\/cdnoticias.com\/wp-content\/uploads\/2025\/09\/diario-el-tiempo-juez-Garcia-Etchegoyen.jpg?resize=300%2C169&amp;ssl=1 300w, https:\/\/i0.wp.com\/cdnoticias.com\/wp-content\/uploads\/2025\/09\/diario-el-tiempo-juez-Garcia-Etchegoyen.jpg?resize=768%2C432&amp;ssl=1 768w\" sizes=\"auto, (max-width: 800px) 100vw, 800px\" \/><\/p>\n<p>Ante un recinto colmado de p\u00fablico, le toc\u00f3 a la jueza Mar\u00eda In\u00e9s Longobardi -una de las actuales integrantes de la C\u00e1mara de Apelaci\u00f3n en lo Civil y Comercial departamental- tomar los juramentos de rigor a los cuatro nuevos magistrados.<\/p>\n<p>Los <strong>pliegos<\/strong> con los nombramientos de todos ellos hab\u00edan sido <strong>aprobados durante sesiones desarrolladas meses atr\u00e1s en la C\u00e1mara de Senadores<\/strong> de la Provincia de Buenos Aires. Posteriormente, esas cuatro <strong>designaciones fueron avaladas por el gobernador Axel Kicillof<\/strong> en agosto pasado, a trav\u00e9s de las firmas de los respectivos decretos.<\/p>\n<p><img data-recalc-dims=\"1\" loading=\"lazy\" decoding=\"async\" class=\"alignnone size-full wp-image-183559 aligncenter\" src=\"https:\/\/i0.wp.com\/cdnoticias.com\/wp-content\/uploads\/2025\/09\/diario-el-tiempo-jueces-Paoltroni-Simon-y-Sarde.jpg?resize=800%2C450&#038;ssl=1\" alt=\"\" width=\"800\" height=\"450\" srcset=\"https:\/\/i0.wp.com\/cdnoticias.com\/wp-content\/uploads\/2025\/09\/diario-el-tiempo-jueces-Paoltroni-Simon-y-Sarde.jpg?w=955&amp;ssl=1 955w, https:\/\/i0.wp.com\/cdnoticias.com\/wp-content\/uploads\/2025\/09\/diario-el-tiempo-jueces-Paoltroni-Simon-y-Sarde.jpg?resize=300%2C169&amp;ssl=1 300w, https:\/\/i0.wp.com\/cdnoticias.com\/wp-content\/uploads\/2025\/09\/diario-el-tiempo-jueces-Paoltroni-Simon-y-Sarde.jpg?resize=768%2C432&amp;ssl=1 768w\" sizes=\"auto, (max-width: 800px) 100vw, 800px\" \/><\/p>\n<p><strong>\u201cSon cargos que se cubren luego de m\u00e1s tres a\u00f1os de vacancias\u201d<\/strong> indic\u00f3 un vocero judicial a El Tiempo al aludir a los nombramientos de los flamantes magistrados que juraron este jueves. En todos esos casos, para cubrir los diferentes puestos para los que hab\u00edan sido designados tiempo atr\u00e1s, en el marco de una situaci\u00f3n que contin\u00faa siendo preocupante en el \u00e1mbito de todo el Poder Judicial bonaerense, considerando que todav\u00eda quedan puestos sin cubrir. Tanto de magistrados como de funcionarios que, en su mayor\u00eda tras acogerse al beneficio jubilatorio, se alejaron a\u00f1os atr\u00e1s de la funci\u00f3n p\u00fablica y luego no se oficializaron desde el Estado provincial nuevos nombramientos para reemplazarlos.<\/p>\n<p><em>Todos los jueces que juraron ya ven\u00edan desempe\u00f1ando tareas en el \u00e1mbito del Departamento Judicial Azul.<\/em><\/p>\n<p>En el caso de Sarde, oriundo de Azul, se convierte en uno de los egresados de la Facultad de Derecho de la Universidad Nacional del Centro -la casa de altos estudios con asiento en esa localidad donde actualmente tambi\u00e9n da clases- en convertirse en magistrado del Poder Judicial bonaerense.<\/p>\n<p>Fuente y fotos:<em> Diario El Tiempo<\/em><\/p>\n<p><img data-recalc-dims=\"1\" loading=\"lazy\" decoding=\"async\" class=\"alignnone size-full wp-image-183568 aligncenter\" src=\"https:\/\/i0.wp.com\/cdnoticias.com\/wp-content\/uploads\/2025\/09\/diario-el-tiempo-jueces.jpg?resize=800%2C445&#038;ssl=1\" alt=\"\" width=\"800\" height=\"445\" srcset=\"https:\/\/i0.wp.com\/cdnoticias.com\/wp-content\/uploads\/2025\/09\/diario-el-tiempo-jueces.jpg?w=1000&amp;ssl=1 1000w, https:\/\/i0.wp.com\/cdnoticias.com\/wp-content\/uploads\/2025\/09\/diario-el-tiempo-jueces.jpg?resize=300%2C167&amp;ssl=1 300w, https:\/\/i0.wp.com\/cdnoticias.com\/wp-content\/uploads\/2025\/09\/diario-el-tiempo-jueces.jpg?resize=768%2C427&amp;ssl=1 768w, https:\/\/i0.wp.com\/cdnoticias.com\/wp-content\/uploads\/2025\/09\/diario-el-tiempo-jueces.jpg?resize=800%2C445&amp;ssl=1 800w\" sizes=\"auto, (max-width: 800px) 100vw, 800px\" \/><\/p>\n","protected":false},"excerpt":{"rendered":"<p>Juraron este jueves en el Palacio de Justicia de Azul Marcos Federico Garc\u00eda Etchegoyen, Sebasti\u00e1n Manuel Sarde, Orlando Oscar Sim\u00f3n<\/p>\n","protected":false},"author":4,"featured_media":183567,"comment_status":"closed","ping_status":"closed","sticky":false,"template":"","format":"standard","meta":{"_jetpack_memberships_contains_paid_content":false,"footnotes":""},"categories":[5,1],"tags":[],"class_list":["post-183558","post","type-post","status-publish","format-standard","has-post-thumbnail","hentry","category-informacion-general","category-portada"],"jetpack_featured_media_url":"https:\/\/i0.wp.com\/cdnoticias.com\/wp-content\/uploads\/2025\/09\/diario-el-tiempo-juez-Garcia-Etchegoyen-00.jpg?fit=1000%2C556&ssl=1","jetpack_sharing_enabled":true,"_links":{"self":[{"href":"https:\/\/cdnoticias.com\/index.php\/wp-json\/wp\/v2\/posts\/183558","targetHints":{"allow":["GET"]}}],"collection":[{"href":"https:\/\/cdnoticias.com\/index.php\/wp-json\/wp\/v2\/posts"}],"about":[{"href":"https:\/\/cdnoticias.com\/index.php\/wp-json\/wp\/v2\/types\/post"}],"author":[{"embeddable":true,"href":"https:\/\/cdnoticias.com\/index.php\/wp-json\/wp\/v2\/users\/4"}],"replies":[{"embeddable":true,"href":"https:\/\/cdnoticias.com\/index.php\/wp-json\/wp\/v2\/comments?post=183558"}],"version-history":[{"count":0,"href":"https:\/\/cdnoticias.com\/index.php\/wp-json\/wp\/v2\/posts\/183558\/revisions"}],"wp:featuredmedia":[{"embeddable":true,"href":"https:\/\/cdnoticias.com\/index.php\/wp-json\/wp\/v2\/media\/183567"}],"wp:attachment":[{"href":"https:\/\/cdnoticias.com\/index.php\/wp-json\/wp\/v2\/media?parent=183558"}],"wp:term":[{"taxonomy":"category","embeddable":true,"href":"https:\/\/cdnoticias.com\/index.php\/wp-json\/wp\/v2\/categories?post=183558"},{"taxonomy":"post_tag","embeddable":true,"href":"https:\/\/cdnoticias.com\/index.php\/wp-json\/wp\/v2\/tags?post=183558"}],"curies":[{"name":"wp","href":"https:\/\/api.w.org\/{rel}","templated":true}]}}