{"id":183556,"date":"2025-09-26T11:56:03","date_gmt":"2025-09-26T14:56:03","guid":{"rendered":"https:\/\/cdnoticias.com\/?p=183556"},"modified":"2025-09-26T11:56:05","modified_gmt":"2025-09-26T14:56:05","slug":"desde-la-provincia-alertan-que-el-pais-entro-en-una-nueva-recesion","status":"publish","type":"post","link":"https:\/\/cdnoticias.com\/index.php\/2025\/09\/26\/desde-la-provincia-alertan-que-el-pais-entro-en-una-nueva-recesion\/","title":{"rendered":"Desde la Provincia alertan que el pa\u00eds entr\u00f3 en una nueva recesi\u00f3n"},"content":{"rendered":"<p>As\u00ed lo advirti\u00f3 el ministerio de Econom\u00eda, Pablo L\u00f3pez: \u201cel golpe es a la producci\u00f3n y la calidad de vida de las familias\u201d. Ca\u00edda de casi 15% en la construcci\u00f3n.<!--more--><\/p>\n<hr \/>\n<p>El <strong>ministerio de Econom\u00eda bonaerense, Pablo L\u00f3pez<\/strong> advirti\u00f3 que <strong>la econom\u00eda nacional volvi\u00f3 a entrar en recesi\u00f3n<\/strong> y que la ca\u00edda de la actividad ya lleva tres meses consecutivos.<strong> \u201cEl Gobierno de Javier Milei decidi\u00f3 priorizar la especulaci\u00f3n financiera\u201d<\/strong>, fue la dura lectura del funcionario.<\/p>\n<blockquote><p>En ese sentido, record\u00f3 que las actividades m\u00e1s afectadas son construcci\u00f3n (-14,4%), industria (-9,8%) y comercio (-4,6%), si se compara el acumulado del a\u00f1o contra 2023. Esos son sectores claves por su rol en el mercado interno y el empleo, ya que concentran en conjunto el 45% de los trabajadores del sector privado.<\/p><\/blockquote>\n<p>Cabe se\u00f1alar que tambi\u00e9n <strong>desde la Municipalidad de Olavarr\u00eda se defini\u00f3 d\u00edas pasados el <a href=\"https:\/\/cdnoticias.com\/index.php\/2025\/09\/19\/baldino-estamos-en-un-periodo-de-recesion-muy-importante\/\" target=\"_blank\" rel=\"noopener\">ingreso en un &#8220;per\u00edodo de recesi\u00f3n&#8221;<\/a><\/strong><a href=\"_wp_link_placeholder\"> para exponer la fuerte ca\u00edda econ\u00f3mica en el distrito<\/a>.<\/p>\n<blockquote class=\"twitter-tweet\">\n<p dir=\"ltr\" lang=\"es\">Las actividades m\u00e1s afectadas son construcci\u00f3n (-14,4%), industria (-9,8%) y comercio (-4,6%) si comparamos el acumulado del a\u00f1o contra 2023.<\/p>\n<p>Sectores claves por su rol en el mercado interno y el empleo: concentran en conjunto el 45% de los trabajadores del sector privado. <a href=\"https:\/\/t.co\/v1hZ2waOFL\">pic.twitter.com\/v1hZ2waOFL<\/a><\/p>\n<p>\u2014 Pablo J. L\u00f3pez (@PabloJ_LopezOK) <a href=\"https:\/\/twitter.com\/PabloJ_LopezOK\/status\/1971301989352177878?ref_src=twsrc%5Etfw\">September 25, 2025<\/a><\/p><\/blockquote>\n<p><script async src=\"https:\/\/platform.twitter.com\/widgets.js\" charset=\"utf-8\"><\/script><\/p>\n<p><strong>\u201cDespu\u00e9s de la ca\u00edda brutal de 2024, la contracci\u00f3n contin\u00faa:<\/strong> la construcci\u00f3n s\u00f3lo recuper\u00f3 1,5% en 2025 luego de caer m\u00e1s de 17% en 2024. La industria, por su parte, est\u00e1 5,6% por debajo de diciembre 2024. Son <strong>miles de trabajadores que no recuperaron su trabajo\u201d<\/strong>, escribi\u00f3 el ministro de Axel Kicillof en la red social X.<\/p>\n<p>Finalmente, cuestion\u00f3 con dureza la pol\u00edtica econ\u00f3mica de la administraci\u00f3n libertaria. \u201cEl Gobierno de Milei decidi\u00f3 priorizar la especulaci\u00f3n financiera y estas son las consecuencias:<strong> actividad estancada durante todo 2025, m\u00e1s cierres de empresas, p\u00e9rdida de empleo y empeoramiento de las condiciones de vida\u201d<\/strong>, indic\u00f3.<\/p>\n<p>Fuente: <em>Agencia DIB<\/em><\/p>\n<blockquote class=\"wp-embedded-content\" data-secret=\"3geZrqJI6B\"><p><a href=\"https:\/\/cdnoticias.com\/index.php\/2025\/09\/19\/baldino-estamos-en-un-periodo-de-recesion-muy-importante\/\">Baldino: \u201cestamos en un per\u00edodo de recesi\u00f3n muy importante\u201d<\/a><\/p><\/blockquote>\n<p><iframe loading=\"lazy\" class=\"wp-embedded-content\" sandbox=\"allow-scripts\" security=\"restricted\" style=\"position: absolute; visibility: hidden;\" title=\"&#8220;Baldino: \u201cestamos en un per\u00edodo de recesi\u00f3n muy importante\u201d&#8221; &#8212; Central de Noticias | Olavarr\u00eda\" src=\"https:\/\/cdnoticias.com\/index.php\/2025\/09\/19\/baldino-estamos-en-un-periodo-de-recesion-muy-importante\/embed\/#?secret=W1KW22vCrU#?secret=3geZrqJI6B\" data-secret=\"3geZrqJI6B\" width=\"600\" height=\"338\" frameborder=\"0\" marginwidth=\"0\" marginheight=\"0\" scrolling=\"no\"><\/iframe><\/p>\n","protected":false},"excerpt":{"rendered":"<p>As\u00ed lo advirti\u00f3 el ministerio de Econom\u00eda, Pablo L\u00f3pez: \u201cel golpe es a la producci\u00f3n y la calidad de vida<\/p>\n","protected":false},"author":4,"featured_media":121408,"comment_status":"closed","ping_status":"closed","sticky":false,"template":"","format":"standard","meta":{"_jetpack_memberships_contains_paid_content":false,"footnotes":""},"categories":[6,1],"tags":[],"class_list":["post-183556","post","type-post","status-publish","format-standard","has-post-thumbnail","hentry","category-nacionales","category-portada"],"jetpack_featured_media_url":"https:\/\/i0.wp.com\/cdnoticias.com\/wp-content\/uploads\/2024\/07\/axel-kicillof-pablo-lopez.png?fit=631%2C420&ssl=1","jetpack_sharing_enabled":true,"_links":{"self":[{"href":"https:\/\/cdnoticias.com\/index.php\/wp-json\/wp\/v2\/posts\/183556","targetHints":{"allow":["GET"]}}],"collection":[{"href":"https:\/\/cdnoticias.com\/index.php\/wp-json\/wp\/v2\/posts"}],"about":[{"href":"https:\/\/cdnoticias.com\/index.php\/wp-json\/wp\/v2\/types\/post"}],"author":[{"embeddable":true,"href":"https:\/\/cdnoticias.com\/index.php\/wp-json\/wp\/v2\/users\/4"}],"replies":[{"embeddable":true,"href":"https:\/\/cdnoticias.com\/index.php\/wp-json\/wp\/v2\/comments?post=183556"}],"version-history":[{"count":0,"href":"https:\/\/cdnoticias.com\/index.php\/wp-json\/wp\/v2\/posts\/183556\/revisions"}],"wp:featuredmedia":[{"embeddable":true,"href":"https:\/\/cdnoticias.com\/index.php\/wp-json\/wp\/v2\/media\/121408"}],"wp:attachment":[{"href":"https:\/\/cdnoticias.com\/index.php\/wp-json\/wp\/v2\/media?parent=183556"}],"wp:term":[{"taxonomy":"category","embeddable":true,"href":"https:\/\/cdnoticias.com\/index.php\/wp-json\/wp\/v2\/categories?post=183556"},{"taxonomy":"post_tag","embeddable":true,"href":"https:\/\/cdnoticias.com\/index.php\/wp-json\/wp\/v2\/tags?post=183556"}],"curies":[{"name":"wp","href":"https:\/\/api.w.org\/{rel}","templated":true}]}}