{"id":183542,"date":"2025-09-26T09:42:07","date_gmt":"2025-09-26T12:42:07","guid":{"rendered":"https:\/\/cdnoticias.com\/?p=183542"},"modified":"2025-09-26T16:10:25","modified_gmt":"2025-09-26T19:10:25","slug":"azul-el-municipio-demando-al-gobierno-nacional-por-el-actual-estado-de-la-ruta-3","status":"publish","type":"post","link":"https:\/\/cdnoticias.com\/index.php\/2025\/09\/26\/azul-el-municipio-demando-al-gobierno-nacional-por-el-actual-estado-de-la-ruta-3\/","title":{"rendered":"Azul: el Municipio demand\u00f3 al Gobierno nacional por el actual estado de la Ruta 3"},"content":{"rendered":"<p>La presentaci\u00f3n fue realizada por el intendente Nelson Sombra. Es una acci\u00f3n de amparo con el pedido de una medida cautelar. \u201cSe verifica una alta siniestralidad que es provocada por ese estado de la calzada\u201d se sostuvo.<!--more--><\/p>\n<hr \/>\n<p>El Estado nacional, a trav\u00e9s de la <strong>Direcci\u00f3n de Vialidad, y la empresa concesionaria Corredores Viales SA<\/strong> fueron<strong> demandados por la Municipalidad de Azul<\/strong> como consecuencia del <strong>estado cr\u00edtico que presenta la Ruta Nacional n\u00famero 3<\/strong>. Particularmente, en el tramo que atraviesa el distrito de Azul.<\/p>\n<p>La presentaci\u00f3n se realiz\u00f3 <strong>este mi\u00e9rcoles ante el Juzgado Federal n\u00famero 2 de Azul<\/strong> y se remarca en escrito que la <strong>&#8220;inacci\u00f3n de las demandadas es de p\u00fablico y notorio conocimiento<\/strong>, ya que basta con circular por la v\u00eda para advertir la <strong>falta de mantenimiento y los problemas que presenta en la seguridad para circular<\/strong>&#8220;.<\/p>\n<blockquote class=\"wp-embedded-content\" data-secret=\"reUUGHFAfs\"><p><a href=\"https:\/\/cdnoticias.com\/index.php\/2025\/08\/17\/enojo-de-olavarrienses-por-la-delicada-situacion-de-la-ruta-3\/\">Enojo de olavarrienses por la delicada situaci\u00f3n de la ruta 3<\/a><\/p><\/blockquote>\n<p><iframe loading=\"lazy\" class=\"wp-embedded-content\" sandbox=\"allow-scripts\" security=\"restricted\" style=\"position: absolute; visibility: hidden;\" title=\"&#8220;Enojo de olavarrienses por la delicada situaci\u00f3n de la ruta 3&#8221; &#8212; Central de Noticias | Olavarr\u00eda\" src=\"https:\/\/cdnoticias.com\/index.php\/2025\/08\/17\/enojo-de-olavarrienses-por-la-delicada-situacion-de-la-ruta-3\/embed\/#?secret=y48iQzKymu#?secret=reUUGHFAfs\" data-secret=\"reUUGHFAfs\" width=\"600\" height=\"338\" frameborder=\"0\" marginwidth=\"0\" marginheight=\"0\" scrolling=\"no\"><\/iframe><\/p>\n<p><strong>&#8220;La situaci\u00f3n de emergencia que se presenta ha sido reconocida en diferentes oportunidades y \u00e1mbitos&#8221;<\/strong>, se puntualiza en la demanda judicial, al tiempo que se afirma que<strong> &#8220;el mantenimiento de la v\u00eda corresponde indudablemente de manera exclusiva y excluyente al Estado Nacional<\/strong> que oportunamente lo concesion\u00f3&#8221; a Corredores Viales.<\/p>\n<blockquote><p>En ese marco, &#8220;se verifica una alta siniestralidad que es provocada por ese estado de la calzada&#8221;, por lo que se pretende que &#8220;las demandadas reasuman sus obligaciones y de manera urgente realicen las medidas necesarias de mantenimiento y seguridad&#8221;.<\/p><\/blockquote>\n<p>Radicada en la Secretar\u00eda 2 del Juzgado Federal n\u00famero 2 de Azul, la demanda <strong>promovida por el intendente municipal Nelson Sombra y el subsecretario Legal y T\u00e9cnico de la comuna vecina, Roberto D\u00e1vila<\/strong>, comprende una <strong>acci\u00f3n de amparo y el pedido de una cautelar, &#8220;por la decidida omisi\u00f3n de sus obligaciones<\/strong> -en referencia al Estado nacional y a Corredores Viales S.A.-, habiendo decidido el abandono y la falta de servicio en la Ruta Nacional N\u00b0 3, particularmente en el tramo que atraviesa todo el Partido de Azul&#8221;.<\/p>\n<p>Fuente: <em>Diario El Tiempo<\/em><\/p>\n<blockquote class=\"wp-embedded-content\" data-secret=\"g0qOKk4qKa\"><p><a href=\"https:\/\/cdnoticias.com\/index.php\/2025\/08\/14\/nelson-sombra-sobre-la-ruta-3-necesitamos-que-la-justicia-actue-rapidamente\/\">Nelson Sombra sobre la ruta 3: \u201cNecesitamos que la justicia act\u00fae r\u00e1pidamente\u201d<\/a><\/p><\/blockquote>\n<p><iframe loading=\"lazy\" class=\"wp-embedded-content\" sandbox=\"allow-scripts\" security=\"restricted\" style=\"position: absolute; visibility: hidden;\" title=\"&#8220;Nelson Sombra sobre la ruta 3: \u201cNecesitamos que la justicia act\u00fae r\u00e1pidamente\u201d&#8221; &#8212; Central de Noticias | Olavarr\u00eda\" src=\"https:\/\/cdnoticias.com\/index.php\/2025\/08\/14\/nelson-sombra-sobre-la-ruta-3-necesitamos-que-la-justicia-actue-rapidamente\/embed\/#?secret=5RXpd3BGYz#?secret=g0qOKk4qKa\" data-secret=\"g0qOKk4qKa\" width=\"600\" height=\"338\" frameborder=\"0\" marginwidth=\"0\" marginheight=\"0\" scrolling=\"no\"><\/iframe><\/p>\n","protected":false},"excerpt":{"rendered":"<p>La presentaci\u00f3n fue realizada por el intendente Nelson Sombra. Es una acci\u00f3n de amparo con el pedido de una medida<\/p>\n","protected":false},"author":2,"featured_media":183543,"comment_status":"closed","ping_status":"closed","sticky":false,"template":"","format":"standard","meta":{"_jetpack_memberships_contains_paid_content":false,"footnotes":""},"categories":[5,1],"tags":[],"class_list":["post-183542","post","type-post","status-publish","format-standard","has-post-thumbnail","hentry","category-informacion-general","category-portada"],"jetpack_featured_media_url":"https:\/\/i0.wp.com\/cdnoticias.com\/wp-content\/uploads\/2025\/09\/ruta-3-mal-estado.jpg?fit=955%2C537&ssl=1","jetpack_sharing_enabled":true,"_links":{"self":[{"href":"https:\/\/cdnoticias.com\/index.php\/wp-json\/wp\/v2\/posts\/183542","targetHints":{"allow":["GET"]}}],"collection":[{"href":"https:\/\/cdnoticias.com\/index.php\/wp-json\/wp\/v2\/posts"}],"about":[{"href":"https:\/\/cdnoticias.com\/index.php\/wp-json\/wp\/v2\/types\/post"}],"author":[{"embeddable":true,"href":"https:\/\/cdnoticias.com\/index.php\/wp-json\/wp\/v2\/users\/2"}],"replies":[{"embeddable":true,"href":"https:\/\/cdnoticias.com\/index.php\/wp-json\/wp\/v2\/comments?post=183542"}],"version-history":[{"count":0,"href":"https:\/\/cdnoticias.com\/index.php\/wp-json\/wp\/v2\/posts\/183542\/revisions"}],"wp:featuredmedia":[{"embeddable":true,"href":"https:\/\/cdnoticias.com\/index.php\/wp-json\/wp\/v2\/media\/183543"}],"wp:attachment":[{"href":"https:\/\/cdnoticias.com\/index.php\/wp-json\/wp\/v2\/media?parent=183542"}],"wp:term":[{"taxonomy":"category","embeddable":true,"href":"https:\/\/cdnoticias.com\/index.php\/wp-json\/wp\/v2\/categories?post=183542"},{"taxonomy":"post_tag","embeddable":true,"href":"https:\/\/cdnoticias.com\/index.php\/wp-json\/wp\/v2\/tags?post=183542"}],"curies":[{"name":"wp","href":"https:\/\/api.w.org\/{rel}","templated":true}]}}