{"id":18351,"date":"2021-04-09T08:11:14","date_gmt":"2021-04-09T11:11:14","guid":{"rendered":"http:\/\/www.centraldenoticias.com.ar\/?p=18351"},"modified":"2021-04-09T08:11:14","modified_gmt":"2021-04-09T11:11:14","slug":"lucila-aurora-baldovino-q-e-p-d","status":"publish","type":"post","link":"https:\/\/cdnoticias.com\/index.php\/2021\/04\/09\/lucila-aurora-baldovino-q-e-p-d\/","title":{"rendered":"Lucila Aurora Baldovino (Q.E.P.D.)"},"content":{"rendered":"<p>Falleci\u00f3 en Olavarr\u00eda el d\u00eda 8 de abril de 2021 a los 91 a\u00f1os de edad. Su hija Miriam, su yerno Carlos Alberto Patronelli, sus nietos Silvana, Micaela, Mercedes, H\u00e9ctor y Roberto; Sus bisnietos y dem\u00e1s deudos participan su fallecimiento.<\/p>\n<p>Velatorio: Sala de Espa\u00f1a 2942 departamento &#8221;B&#8221; a partir de las 14:30 PM. Responso: Capilla ardiente. Inhumaci\u00f3n: Cementerio Loma de Paz, viernes 9 de abril a las 16:30 pm. Servicio adherido a Coopelectric.<\/p>\n<p>Barrio en el que viv\u00eda: Mariano Moreno<\/p>\n<p>Lugar de nacimiento: Cachar\u00ed<\/p>\n<p>Actividad que desarrollaba: Jubilada<\/p>\n","protected":false},"excerpt":{"rendered":"<p>Falleci\u00f3 en Olavarr\u00eda el d\u00eda 8 de abril de 2021 a los 91 a\u00f1os de edad. Su hija Miriam, su<\/p>\n","protected":false},"author":4,"featured_media":0,"comment_status":"closed","ping_status":"closed","sticky":false,"template":"","format":"standard","meta":{"_jetpack_memberships_contains_paid_content":false,"footnotes":""},"categories":[10],"tags":[],"class_list":["post-18351","post","type-post","status-publish","format-standard","hentry","category-necrologicas"],"jetpack_featured_media_url":"","jetpack_sharing_enabled":true,"_links":{"self":[{"href":"https:\/\/cdnoticias.com\/index.php\/wp-json\/wp\/v2\/posts\/18351","targetHints":{"allow":["GET"]}}],"collection":[{"href":"https:\/\/cdnoticias.com\/index.php\/wp-json\/wp\/v2\/posts"}],"about":[{"href":"https:\/\/cdnoticias.com\/index.php\/wp-json\/wp\/v2\/types\/post"}],"author":[{"embeddable":true,"href":"https:\/\/cdnoticias.com\/index.php\/wp-json\/wp\/v2\/users\/4"}],"replies":[{"embeddable":true,"href":"https:\/\/cdnoticias.com\/index.php\/wp-json\/wp\/v2\/comments?post=18351"}],"version-history":[{"count":0,"href":"https:\/\/cdnoticias.com\/index.php\/wp-json\/wp\/v2\/posts\/18351\/revisions"}],"wp:attachment":[{"href":"https:\/\/cdnoticias.com\/index.php\/wp-json\/wp\/v2\/media?parent=18351"}],"wp:term":[{"taxonomy":"category","embeddable":true,"href":"https:\/\/cdnoticias.com\/index.php\/wp-json\/wp\/v2\/categories?post=18351"},{"taxonomy":"post_tag","embeddable":true,"href":"https:\/\/cdnoticias.com\/index.php\/wp-json\/wp\/v2\/tags?post=18351"}],"curies":[{"name":"wp","href":"https:\/\/api.w.org\/{rel}","templated":true}]}}