{"id":183509,"date":"2025-09-25T18:39:55","date_gmt":"2025-09-25T21:39:55","guid":{"rendered":"https:\/\/cdnoticias.com\/?p=183509"},"modified":"2025-09-25T18:39:57","modified_gmt":"2025-09-25T21:39:57","slug":"consejo-escolar-acto-publico-virtual-para-designar-auxiliar-en-espigas","status":"publish","type":"post","link":"https:\/\/cdnoticias.com\/index.php\/2025\/09\/25\/consejo-escolar-acto-publico-virtual-para-designar-auxiliar-en-espigas\/","title":{"rendered":"Consejo Escolar: acto p\u00fablico virtual para designar auxiliar en Espigas"},"content":{"rendered":"\n<p>El acto ser\u00e1 este viernes a las 9.30 a trav\u00e9s de Google Meet. Se cubrir\u00e1 un cargo de portera en el CEPT N\u00b08 hasta el 26 de septiembre.<\/p>\n\n\n\n<hr class=\"wp-block-separator aligncenter has-alpha-channel-opacity\"\/>\n\n\n\n<p>El<strong> Consejo Escolar inform\u00f3 que el viernes 26 de septiembre, a las 9.30, se realizar\u00e1 un acto p\u00fablico virtual<\/strong> mediante la plataforma Google Meet para la designaci\u00f3n de personal auxiliar en situaci\u00f3n de revista reemplazante.<\/p>\n\n\n\n<p>En esta oportunidad,<strong> el cargo a cubrir corresponde a portera en el CEPT N\u00b08, con domicilio en Espigas. La designaci\u00f3n ser\u00e1 hasta el 26 de septiembre de 2025.<\/strong><\/p>\n\n\n\n<p><strong>El horario del puesto es de 16 a 22 horas.<\/strong><\/p>\n\n\n\n<p>El acto se desarrollar\u00e1 en <strong>modalidad online y el enlace para participar es el siguiente<\/strong>: https:\/\/meet.google.com\/wpb-uvef-dug<\/p>\n","protected":false},"excerpt":{"rendered":"<p>El acto ser\u00e1 este viernes a las 9.30 a trav\u00e9s de Google Meet. Se cubrir\u00e1 un cargo de portera en<\/p>\n","protected":false},"author":2,"featured_media":113129,"comment_status":"closed","ping_status":"closed","sticky":false,"template":"","format":"standard","meta":{"_jetpack_memberships_contains_paid_content":false,"footnotes":""},"categories":[5,1],"tags":[],"class_list":["post-183509","post","type-post","status-publish","format-standard","has-post-thumbnail","hentry","category-informacion-general","category-portada"],"jetpack_featured_media_url":"https:\/\/i0.wp.com\/cdnoticias.com\/wp-content\/uploads\/2024\/04\/consejo-escolar.jpg?fit=1029%2C656&ssl=1","jetpack_sharing_enabled":true,"_links":{"self":[{"href":"https:\/\/cdnoticias.com\/index.php\/wp-json\/wp\/v2\/posts\/183509","targetHints":{"allow":["GET"]}}],"collection":[{"href":"https:\/\/cdnoticias.com\/index.php\/wp-json\/wp\/v2\/posts"}],"about":[{"href":"https:\/\/cdnoticias.com\/index.php\/wp-json\/wp\/v2\/types\/post"}],"author":[{"embeddable":true,"href":"https:\/\/cdnoticias.com\/index.php\/wp-json\/wp\/v2\/users\/2"}],"replies":[{"embeddable":true,"href":"https:\/\/cdnoticias.com\/index.php\/wp-json\/wp\/v2\/comments?post=183509"}],"version-history":[{"count":0,"href":"https:\/\/cdnoticias.com\/index.php\/wp-json\/wp\/v2\/posts\/183509\/revisions"}],"wp:featuredmedia":[{"embeddable":true,"href":"https:\/\/cdnoticias.com\/index.php\/wp-json\/wp\/v2\/media\/113129"}],"wp:attachment":[{"href":"https:\/\/cdnoticias.com\/index.php\/wp-json\/wp\/v2\/media?parent=183509"}],"wp:term":[{"taxonomy":"category","embeddable":true,"href":"https:\/\/cdnoticias.com\/index.php\/wp-json\/wp\/v2\/categories?post=183509"},{"taxonomy":"post_tag","embeddable":true,"href":"https:\/\/cdnoticias.com\/index.php\/wp-json\/wp\/v2\/tags?post=183509"}],"curies":[{"name":"wp","href":"https:\/\/api.w.org\/{rel}","templated":true}]}}