{"id":183497,"date":"2025-09-25T18:17:42","date_gmt":"2025-09-25T21:17:42","guid":{"rendered":"https:\/\/cdnoticias.com\/?p=183497"},"modified":"2025-09-25T20:39:48","modified_gmt":"2025-09-25T23:39:48","slug":"177-familias-olavarrienses-firmaron-escrituras-sociales-en-el-salon-rivadavia","status":"publish","type":"post","link":"https:\/\/cdnoticias.com\/index.php\/2025\/09\/25\/177-familias-olavarrienses-firmaron-escrituras-sociales-en-el-salon-rivadavia\/","title":{"rendered":"177 familias olavarrienses firmaron escrituras sociales en el Sal\u00f3n Rivadavia"},"content":{"rendered":"\n<p>Fue en un sencillo acto en el Sal\u00f3n Rivadavia. Se hizo un repaso de gesti\u00f3n en el \u00e1rea.&nbsp;<\/p>\n\n\n\n<hr class=\"wp-block-separator aligncenter has-alpha-channel-opacity\"\/>\n\n\n\n<p>En un <strong>acto calificado como \u201csencillo pero muy emotivo\u201d, 177 familias de Olavarr\u00eda rubricaron este jueves la firma de escrituras sociales que les permitir\u00e1 acceder al t\u00edtulo definitivo de sus viviendas<\/strong>, en el marco de la pol\u00edtica de regularizaci\u00f3n dominial impulsada por la gesti\u00f3n del intendente Maximiliano Wesner, en articulaci\u00f3n con el Gobierno de la provincia de Buenos Aires.<\/p>\n\n\n\n<figure class=\"wp-block-image size-large\"><img data-recalc-dims=\"1\" loading=\"lazy\" decoding=\"async\" width=\"800\" height=\"534\" src=\"https:\/\/i0.wp.com\/cdnoticias.com\/wp-content\/uploads\/2025\/09\/Firma-escrituras-scaled-1.jpg?resize=800%2C534&#038;ssl=1\" alt=\"\" class=\"wp-image-183505\" srcset=\"https:\/\/i0.wp.com\/cdnoticias.com\/wp-content\/uploads\/2025\/09\/Firma-escrituras-scaled-1.jpg?resize=1024%2C683&amp;ssl=1 1024w, https:\/\/i0.wp.com\/cdnoticias.com\/wp-content\/uploads\/2025\/09\/Firma-escrituras-scaled-1.jpg?resize=300%2C200&amp;ssl=1 300w, https:\/\/i0.wp.com\/cdnoticias.com\/wp-content\/uploads\/2025\/09\/Firma-escrituras-scaled-1.jpg?resize=768%2C512&amp;ssl=1 768w, https:\/\/i0.wp.com\/cdnoticias.com\/wp-content\/uploads\/2025\/09\/Firma-escrituras-scaled-1.jpg?resize=1536%2C1024&amp;ssl=1 1536w, https:\/\/i0.wp.com\/cdnoticias.com\/wp-content\/uploads\/2025\/09\/Firma-escrituras-scaled-1.jpg?resize=2048%2C1366&amp;ssl=1 2048w, https:\/\/i0.wp.com\/cdnoticias.com\/wp-content\/uploads\/2025\/09\/Firma-escrituras-scaled-1.jpg?resize=272%2C182&amp;ssl=1 272w, https:\/\/i0.wp.com\/cdnoticias.com\/wp-content\/uploads\/2025\/09\/Firma-escrituras-scaled-1.jpg?w=1600&amp;ssl=1 1600w, https:\/\/i0.wp.com\/cdnoticias.com\/wp-content\/uploads\/2025\/09\/Firma-escrituras-scaled-1.jpg?w=2400&amp;ssl=1 2400w\" sizes=\"auto, (max-width: 800px) 100vw, 800px\" \/><\/figure>\n\n\n\n<p><strong>La ceremonia se llev\u00f3 a cabo en el Sal\u00f3n Rivadavia y cont\u00f3 con la presencia del intendente Wesner, el director de Casa de Tierras y Regularizaci\u00f3n Dominial Juan S\u00e1nchez, y autoridades de la Escriban\u00eda General de Gobierno y del Instituto de la Vivienda bonaerense.<\/strong><\/p>\n\n\n\n<figure class=\"wp-block-image size-large\"><img data-recalc-dims=\"1\" loading=\"lazy\" decoding=\"async\" width=\"800\" height=\"534\" src=\"https:\/\/i0.wp.com\/cdnoticias.com\/wp-content\/uploads\/2025\/09\/Firma-escrituras12-scaled-1.jpg?resize=800%2C534&#038;ssl=1\" alt=\"\" class=\"wp-image-183498\" srcset=\"https:\/\/i0.wp.com\/cdnoticias.com\/wp-content\/uploads\/2025\/09\/Firma-escrituras12-scaled-1.jpg?resize=1024%2C683&amp;ssl=1 1024w, https:\/\/i0.wp.com\/cdnoticias.com\/wp-content\/uploads\/2025\/09\/Firma-escrituras12-scaled-1.jpg?resize=300%2C200&amp;ssl=1 300w, https:\/\/i0.wp.com\/cdnoticias.com\/wp-content\/uploads\/2025\/09\/Firma-escrituras12-scaled-1.jpg?resize=768%2C512&amp;ssl=1 768w, https:\/\/i0.wp.com\/cdnoticias.com\/wp-content\/uploads\/2025\/09\/Firma-escrituras12-scaled-1.jpg?resize=1536%2C1024&amp;ssl=1 1536w, https:\/\/i0.wp.com\/cdnoticias.com\/wp-content\/uploads\/2025\/09\/Firma-escrituras12-scaled-1.jpg?resize=2048%2C1366&amp;ssl=1 2048w, https:\/\/i0.wp.com\/cdnoticias.com\/wp-content\/uploads\/2025\/09\/Firma-escrituras12-scaled-1.jpg?resize=272%2C182&amp;ssl=1 272w, https:\/\/i0.wp.com\/cdnoticias.com\/wp-content\/uploads\/2025\/09\/Firma-escrituras12-scaled-1.jpg?w=1600&amp;ssl=1 1600w, https:\/\/i0.wp.com\/cdnoticias.com\/wp-content\/uploads\/2025\/09\/Firma-escrituras12-scaled-1.jpg?w=2400&amp;ssl=1 2400w\" sizes=\"auto, (max-width: 800px) 100vw, 800px\" \/><\/figure>\n\n\n\n<p>Durante su mensaje, el jefe comunal destac\u00f3:<em> \u201cSe trata de un trabajo articulado, en equipo, entre la Provincia y este Municipio, pero tambi\u00e9n agradezco a ustedes por la espera, por estar presentes hoy ac\u00e1. Creo que si est\u00e1n presentes hoy ac\u00e1, es porque creen que la soluci\u00f3n es conjunta\u201d.<\/em><\/p>\n\n\n\n<blockquote class=\"wp-block-quote is-layout-flow wp-block-quote-is-layout-flow\">\n<p>Al dirigirse a las familias, el intendente se\u00f1al\u00f3 que \u201cseguramente est\u00e9n pensando en aquel ladrillo que pusieron en ese lote hace d\u00e9cadas atr\u00e1s o c\u00f3mo lograron la adquisici\u00f3n de su vivienda, c\u00f3mo construyeron el sue\u00f1o de la casa propia. Hablamos de un proceso, y es un proceso que lamentablemente es largo\u201d.<\/p>\n<\/blockquote>\n\n\n\n<p>En relaci\u00f3n al trabajo realizado en este per\u00edodo de gesti\u00f3n, Wesner puntualiz\u00f3: <em>\u201cDesde que comenzamos la gesti\u00f3n ya llevamos 3.000 firmas de escritura en 20 meses, 2.000 entregas de escrituras, y hoy tenemos la posibilidad de firmar otras 177. La parte m\u00e1s importante es esta. Despu\u00e9s estar\u00e1 la entrega, que es m\u00e1s simb\u00f3lica, pero hoy es el acto de garant\u00eda, el acto por excelencia de la seguridad jur\u00eddica de sus inmuebles, de su casa, de su hogar. Es el resguardo del presente, pero tambi\u00e9n es el resguardo a posteridad, de cuidar a sus familias y poder dejarles a sus hijos ese bien que m\u00e1s que material es un bien construido con mucho amor\u201d.<\/em><\/p>\n\n\n\n<figure class=\"wp-block-image size-large\"><img data-recalc-dims=\"1\" loading=\"lazy\" decoding=\"async\" width=\"800\" height=\"527\" src=\"https:\/\/i0.wp.com\/cdnoticias.com\/wp-content\/uploads\/2025\/09\/Firma-escrituras9-scaled-1.jpg?resize=800%2C527&#038;ssl=1\" alt=\"\" class=\"wp-image-183500\" srcset=\"https:\/\/i0.wp.com\/cdnoticias.com\/wp-content\/uploads\/2025\/09\/Firma-escrituras9-scaled-1.jpg?resize=1024%2C674&amp;ssl=1 1024w, https:\/\/i0.wp.com\/cdnoticias.com\/wp-content\/uploads\/2025\/09\/Firma-escrituras9-scaled-1.jpg?resize=300%2C197&amp;ssl=1 300w, https:\/\/i0.wp.com\/cdnoticias.com\/wp-content\/uploads\/2025\/09\/Firma-escrituras9-scaled-1.jpg?resize=768%2C506&amp;ssl=1 768w, https:\/\/i0.wp.com\/cdnoticias.com\/wp-content\/uploads\/2025\/09\/Firma-escrituras9-scaled-1.jpg?resize=1536%2C1011&amp;ssl=1 1536w, https:\/\/i0.wp.com\/cdnoticias.com\/wp-content\/uploads\/2025\/09\/Firma-escrituras9-scaled-1.jpg?resize=2048%2C1348&amp;ssl=1 2048w, https:\/\/i0.wp.com\/cdnoticias.com\/wp-content\/uploads\/2025\/09\/Firma-escrituras9-scaled-1.jpg?w=1600&amp;ssl=1 1600w, https:\/\/i0.wp.com\/cdnoticias.com\/wp-content\/uploads\/2025\/09\/Firma-escrituras9-scaled-1.jpg?w=2400&amp;ssl=1 2400w\" sizes=\"auto, (max-width: 800px) 100vw, 800px\" \/><\/figure>\n\n\n\n<p><strong>En esta oportunidad se firmaron 153 escrituras en el marco de la Ley 10.830, 23 correspondientes a la operatoria del Instituto de la Vivienda y 1 por Prescripci\u00f3n Adquisitiva seg\u00fan la Ley 24.320.<\/strong><\/p>\n\n\n\n<p>El encuentro fue organizado por el Municipio de Olavarr\u00eda, la Escriban\u00eda General de Gobierno y el Instituto de la Vivienda bonaerense.<\/p>\n\n\n\n<p>Para m\u00e1s informaci\u00f3n o consultas, las personas interesadas podr\u00e1n acercarse a la Direcci\u00f3n de Casa de Tierras y Regularizaci\u00f3n Dominial (planta baja del Palacio San Mart\u00edn) o comunicarse al 440442 internos 1750-1753, de lunes a viernes de 7 a 13 horas.<\/p>\n","protected":false},"excerpt":{"rendered":"<p>Fue en un sencillo acto en el Sal\u00f3n Rivadavia. Se hizo un repaso de gesti\u00f3n en el \u00e1rea.&nbsp; En un<\/p>\n","protected":false},"author":2,"featured_media":183501,"comment_status":"closed","ping_status":"closed","sticky":false,"template":"","format":"standard","meta":{"_jetpack_memberships_contains_paid_content":false,"footnotes":""},"categories":[5,1],"tags":[],"class_list":["post-183497","post","type-post","status-publish","format-standard","has-post-thumbnail","hentry","category-informacion-general","category-portada"],"jetpack_featured_media_url":"https:\/\/i0.wp.com\/cdnoticias.com\/wp-content\/uploads\/2025\/09\/Firma-escrituras7-scaled-1.jpg?fit=2560%2C1707&ssl=1","jetpack_sharing_enabled":true,"_links":{"self":[{"href":"https:\/\/cdnoticias.com\/index.php\/wp-json\/wp\/v2\/posts\/183497","targetHints":{"allow":["GET"]}}],"collection":[{"href":"https:\/\/cdnoticias.com\/index.php\/wp-json\/wp\/v2\/posts"}],"about":[{"href":"https:\/\/cdnoticias.com\/index.php\/wp-json\/wp\/v2\/types\/post"}],"author":[{"embeddable":true,"href":"https:\/\/cdnoticias.com\/index.php\/wp-json\/wp\/v2\/users\/2"}],"replies":[{"embeddable":true,"href":"https:\/\/cdnoticias.com\/index.php\/wp-json\/wp\/v2\/comments?post=183497"}],"version-history":[{"count":0,"href":"https:\/\/cdnoticias.com\/index.php\/wp-json\/wp\/v2\/posts\/183497\/revisions"}],"wp:featuredmedia":[{"embeddable":true,"href":"https:\/\/cdnoticias.com\/index.php\/wp-json\/wp\/v2\/media\/183501"}],"wp:attachment":[{"href":"https:\/\/cdnoticias.com\/index.php\/wp-json\/wp\/v2\/media?parent=183497"}],"wp:term":[{"taxonomy":"category","embeddable":true,"href":"https:\/\/cdnoticias.com\/index.php\/wp-json\/wp\/v2\/categories?post=183497"},{"taxonomy":"post_tag","embeddable":true,"href":"https:\/\/cdnoticias.com\/index.php\/wp-json\/wp\/v2\/tags?post=183497"}],"curies":[{"name":"wp","href":"https:\/\/api.w.org\/{rel}","templated":true}]}}