{"id":183478,"date":"2025-09-25T19:05:25","date_gmt":"2025-09-25T22:05:25","guid":{"rendered":"https:\/\/cdnoticias.com\/?p=183478"},"modified":"2025-09-25T19:05:27","modified_gmt":"2025-09-25T22:05:27","slug":"el-hcd-realizo-la-13-sesion-ordinaria-del-2025","status":"publish","type":"post","link":"https:\/\/cdnoticias.com\/index.php\/2025\/09\/25\/el-hcd-realizo-la-13-sesion-ordinaria-del-2025\/","title":{"rendered":"El HCD realiz\u00f3 la 13\u00b0 Sesi\u00f3n Ordinaria del 2025"},"content":{"rendered":"\n<p>Fue este jueves 25 de septiembre en el Honorable Concejo Deliberante de Olavarr\u00eda.&nbsp;<\/p>\n\n\n\n<hr class=\"wp-block-separator aligncenter has-alpha-channel-opacity\"\/>\n\n\n\n<p>Este jueves, el <strong>Honorable Concejo Deliberante<\/strong> de Olavarr\u00eda llev\u00f3 a cabo la <strong>13\u00b0 sesi\u00f3n ordinaria del per\u00edodo 2025.\u00a0<\/strong><\/p>\n\n\n\n<p><\/p>\n\n\n\n<p>La jornada comenz\u00f3 con una sesi\u00f3n especial para <strong>aprobar el pedido de licencia del concejal Hilario Galli del 22 al 26 de septiembre<\/strong> y la incorporaci\u00f3n por ese per\u00edodo de <strong>Gabriel Osvaldo Hern\u00e1n Requena.<\/strong><\/p>\n\n\n\n<p><\/p>\n\n\n\n<p>La sesi\u00f3n ordinaria inici\u00f3 con la sanci\u00f3n de una resoluci\u00f3n propuesta por el bloque UCR declarando con el galard\u00f3n de <strong>&#8220;Honor al M\u00e9rito Ciudadano&#8221;<\/strong> a <strong>Nora Zeberio por su trayectoria en la medicina cardiol\u00f3gica en Olavarr\u00eda.<\/strong><\/p>\n\n\n\n<p><\/p>\n\n\n\n<blockquote class=\"wp-block-quote is-layout-flow wp-block-quote-is-layout-flow\">\n<p>La jornada continu\u00f3 con la sanci\u00f3n de un proyecto de resoluci\u00f3n del bloque PRO-ERF y Juntos por Olavarr\u00eda solicitando al Ejecutivo la remediaci\u00f3n de un microbasural generado en Avenida Avellaneda al 300.<\/p>\n<\/blockquote>\n\n\n\n<p><\/p>\n\n\n\n<figure class=\"wp-block-image aligncenter size-full\"><img data-recalc-dims=\"1\" loading=\"lazy\" decoding=\"async\" width=\"800\" height=\"532\" src=\"https:\/\/i0.wp.com\/cdnoticias.com\/wp-content\/uploads\/2025\/09\/hcd-sesion-jueves2.jpg?resize=800%2C532&#038;ssl=1\" alt=\"\" class=\"wp-image-183484\" srcset=\"https:\/\/i0.wp.com\/cdnoticias.com\/wp-content\/uploads\/2025\/09\/hcd-sesion-jueves2.jpg?w=900&amp;ssl=1 900w, https:\/\/i0.wp.com\/cdnoticias.com\/wp-content\/uploads\/2025\/09\/hcd-sesion-jueves2.jpg?resize=300%2C200&amp;ssl=1 300w, https:\/\/i0.wp.com\/cdnoticias.com\/wp-content\/uploads\/2025\/09\/hcd-sesion-jueves2.jpg?resize=768%2C511&amp;ssl=1 768w, https:\/\/i0.wp.com\/cdnoticias.com\/wp-content\/uploads\/2025\/09\/hcd-sesion-jueves2.jpg?resize=272%2C182&amp;ssl=1 272w\" sizes=\"auto, (max-width: 800px) 100vw, 800px\" \/><\/figure>\n\n\n\n<p><\/p>\n\n\n\n<p>A continuaci\u00f3n, los ediles <strong>aprobaron un pedido de informes <\/strong>impulsado por el mismo bloque con respecto al estado de <strong>ejecuci\u00f3n de los recursos municipales <\/strong>con afectaci\u00f3n espec\u00edfica.<\/p>\n\n\n\n<p><\/p>\n\n\n\n<p>Seguidamente<strong>, se sancion\u00f3 un proyecto de resoluci\u00f3n del bloque UCR <\/strong>solicitando al Ejecutivo el <strong>repintado de las mesetas reductoras de velocidad<\/strong> existentes en el cruce de las calles<strong> Vicente L\u00f3pez y Belgrano,<\/strong> y otro pidiendo elaboraci\u00f3n y <strong>colocaci\u00f3n de carteler\u00eda <\/strong>de acceso al paraje Kochi-Tue por Ruta 51.<\/p>\n\n\n\n<p><\/p>\n\n\n\n<p>Por \u00faltimo, el cuerpo<strong> aprob\u00f3 un proyecto de comunicaci\u00f3n <\/strong>presentado por el bloque <strong>Uni\u00f3n por la Patria, <\/strong>manifestando &#8220;<em>preocupaci\u00f3n por la exclusi\u00f3n en el presupuesto nacional del partido de Olavarr\u00eda respecto de los beneficios de la Ley de Zona Fr\u00eda para los usuarios del servicio de gas&#8221;<\/em>. El proyecto original sufri\u00f3 modificaciones por pedido de los bloques PRO y La Libertad Avanza.<\/p>\n\n\n\n<p><\/p>\n\n\n\n<figure class=\"wp-block-image aligncenter size-full\"><img data-recalc-dims=\"1\" loading=\"lazy\" decoding=\"async\" width=\"800\" height=\"532\" src=\"https:\/\/i0.wp.com\/cdnoticias.com\/wp-content\/uploads\/2025\/09\/HCD-sesion-3.jpg?resize=800%2C532&#038;ssl=1\" alt=\"\" class=\"wp-image-183483\" srcset=\"https:\/\/i0.wp.com\/cdnoticias.com\/wp-content\/uploads\/2025\/09\/HCD-sesion-3.jpg?w=900&amp;ssl=1 900w, https:\/\/i0.wp.com\/cdnoticias.com\/wp-content\/uploads\/2025\/09\/HCD-sesion-3.jpg?resize=300%2C200&amp;ssl=1 300w, https:\/\/i0.wp.com\/cdnoticias.com\/wp-content\/uploads\/2025\/09\/HCD-sesion-3.jpg?resize=768%2C511&amp;ssl=1 768w, https:\/\/i0.wp.com\/cdnoticias.com\/wp-content\/uploads\/2025\/09\/HCD-sesion-3.jpg?resize=272%2C182&amp;ssl=1 272w\" sizes=\"auto, (max-width: 800px) 100vw, 800px\" \/><\/figure>\n\n\n\n<p><\/p>\n","protected":false},"excerpt":{"rendered":"<p>Fue este jueves 25 de septiembre en el Honorable Concejo Deliberante de Olavarr\u00eda.&nbsp; Este jueves, el Honorable Concejo Deliberante de<\/p>\n","protected":false},"author":6,"featured_media":183485,"comment_status":"closed","ping_status":"closed","sticky":false,"template":"","format":"standard","meta":{"_jetpack_memberships_contains_paid_content":false,"footnotes":""},"categories":[4,1],"tags":[],"class_list":["post-183478","post","type-post","status-publish","format-standard","has-post-thumbnail","hentry","category-politica","category-portada"],"jetpack_featured_media_url":"https:\/\/i0.wp.com\/cdnoticias.com\/wp-content\/uploads\/2025\/09\/hcd-sesion-jueves1.jpg?fit=900%2C599&ssl=1","jetpack_sharing_enabled":true,"_links":{"self":[{"href":"https:\/\/cdnoticias.com\/index.php\/wp-json\/wp\/v2\/posts\/183478","targetHints":{"allow":["GET"]}}],"collection":[{"href":"https:\/\/cdnoticias.com\/index.php\/wp-json\/wp\/v2\/posts"}],"about":[{"href":"https:\/\/cdnoticias.com\/index.php\/wp-json\/wp\/v2\/types\/post"}],"author":[{"embeddable":true,"href":"https:\/\/cdnoticias.com\/index.php\/wp-json\/wp\/v2\/users\/6"}],"replies":[{"embeddable":true,"href":"https:\/\/cdnoticias.com\/index.php\/wp-json\/wp\/v2\/comments?post=183478"}],"version-history":[{"count":0,"href":"https:\/\/cdnoticias.com\/index.php\/wp-json\/wp\/v2\/posts\/183478\/revisions"}],"wp:featuredmedia":[{"embeddable":true,"href":"https:\/\/cdnoticias.com\/index.php\/wp-json\/wp\/v2\/media\/183485"}],"wp:attachment":[{"href":"https:\/\/cdnoticias.com\/index.php\/wp-json\/wp\/v2\/media?parent=183478"}],"wp:term":[{"taxonomy":"category","embeddable":true,"href":"https:\/\/cdnoticias.com\/index.php\/wp-json\/wp\/v2\/categories?post=183478"},{"taxonomy":"post_tag","embeddable":true,"href":"https:\/\/cdnoticias.com\/index.php\/wp-json\/wp\/v2\/tags?post=183478"}],"curies":[{"name":"wp","href":"https:\/\/api.w.org\/{rel}","templated":true}]}}