{"id":183474,"date":"2025-09-25T17:32:24","date_gmt":"2025-09-25T20:32:24","guid":{"rendered":"https:\/\/cdnoticias.com\/?p=183474"},"modified":"2025-09-25T17:32:26","modified_gmt":"2025-09-25T20:32:26","slug":"corte-de-luz-en-dos-sectores-de-la-ciudad-9","status":"publish","type":"post","link":"https:\/\/cdnoticias.com\/index.php\/2025\/09\/25\/corte-de-luz-en-dos-sectores-de-la-ciudad-9\/","title":{"rendered":"Corte de luz en dos sectores de la ciudad"},"content":{"rendered":"\n<p>Ser\u00e1 este viernes en horas de la ma\u00f1ana por tareas de mantenimiento.<\/p>\n\n\n\n<hr class=\"wp-block-separator aligncenter has-alpha-channel-opacity\"\/>\n\n\n\n<p>Desde<strong> Coopelectric <\/strong>se inform\u00f3 que durante la<strong> ma\u00f1ana de este viernes <\/strong>se llevar\u00e1n a cabo <strong>cortes de luz por tareas de mantenimiento.<\/strong><\/p>\n\n\n\n<p><\/p>\n\n\n\n<p>El <strong>primero<\/strong> de ellos ser\u00e1 de <strong>8:00 a 12:00 horas<\/strong> en el sector de las calles <strong>Lamadrid, avenida Pueyrred\u00f3n, avenida Pringles y avenida Avellaneda.<\/strong><\/p>\n\n\n\n<p><\/p>\n\n\n\n<p>El <strong>segundo corte<\/strong> ser\u00e1 en la <strong>franja horaria de 8:00 a 9:30<\/strong> e involucra los sectores <strong>V\u00edas FFCC, avenida Trabajadores, Aguilar, Merlo, Grimaldi y Laprid<\/strong>a.\u00a0<\/p>\n\n\n\n<p><\/p>\n\n\n\n<p>Se indic\u00f3 que <strong>puede suspenderse si las condiciones clim\u00e1ticas son adversas<\/strong>. En tal caso, las tareas ser\u00e1n reprogramadas.<\/p>\n","protected":false},"excerpt":{"rendered":"<p>Ser\u00e1 este viernes en horas de la ma\u00f1ana por tareas de mantenimiento. Desde Coopelectric se inform\u00f3 que durante la ma\u00f1ana<\/p>\n","protected":false},"author":6,"featured_media":100388,"comment_status":"closed","ping_status":"closed","sticky":false,"template":"","format":"standard","meta":{"_jetpack_memberships_contains_paid_content":false,"footnotes":""},"categories":[5,1],"tags":[],"class_list":["post-183474","post","type-post","status-publish","format-standard","has-post-thumbnail","hentry","category-informacion-general","category-portada"],"jetpack_featured_media_url":"https:\/\/i0.wp.com\/cdnoticias.com\/wp-content\/uploads\/2023\/10\/coopelectric-camion1.webp?fit=800%2C445&ssl=1","jetpack_sharing_enabled":true,"_links":{"self":[{"href":"https:\/\/cdnoticias.com\/index.php\/wp-json\/wp\/v2\/posts\/183474","targetHints":{"allow":["GET"]}}],"collection":[{"href":"https:\/\/cdnoticias.com\/index.php\/wp-json\/wp\/v2\/posts"}],"about":[{"href":"https:\/\/cdnoticias.com\/index.php\/wp-json\/wp\/v2\/types\/post"}],"author":[{"embeddable":true,"href":"https:\/\/cdnoticias.com\/index.php\/wp-json\/wp\/v2\/users\/6"}],"replies":[{"embeddable":true,"href":"https:\/\/cdnoticias.com\/index.php\/wp-json\/wp\/v2\/comments?post=183474"}],"version-history":[{"count":0,"href":"https:\/\/cdnoticias.com\/index.php\/wp-json\/wp\/v2\/posts\/183474\/revisions"}],"wp:featuredmedia":[{"embeddable":true,"href":"https:\/\/cdnoticias.com\/index.php\/wp-json\/wp\/v2\/media\/100388"}],"wp:attachment":[{"href":"https:\/\/cdnoticias.com\/index.php\/wp-json\/wp\/v2\/media?parent=183474"}],"wp:term":[{"taxonomy":"category","embeddable":true,"href":"https:\/\/cdnoticias.com\/index.php\/wp-json\/wp\/v2\/categories?post=183474"},{"taxonomy":"post_tag","embeddable":true,"href":"https:\/\/cdnoticias.com\/index.php\/wp-json\/wp\/v2\/tags?post=183474"}],"curies":[{"name":"wp","href":"https:\/\/api.w.org\/{rel}","templated":true}]}}