{"id":18347,"date":"2021-04-09T08:02:46","date_gmt":"2021-04-09T11:02:46","guid":{"rendered":"http:\/\/www.centraldenoticias.com.ar\/?p=18347"},"modified":"2021-04-09T08:02:46","modified_gmt":"2021-04-09T11:02:46","slug":"americo-jose-chiramberro-meco-q-e-p-d","status":"publish","type":"post","link":"https:\/\/cdnoticias.com\/index.php\/2021\/04\/09\/americo-jose-chiramberro-meco-q-e-p-d\/","title":{"rendered":"Am\u00e9rico Jos\u00e9 Chiramberro \u201cMeco\u201d (Q.E.P.D.)"},"content":{"rendered":"<p>Falleci\u00f3 en Olavarr\u00eda el d\u00eda 9 de abril de 2021 a los 74 a\u00f1os de edad. Su esposa Maria, su nieta Angelina Chiramberro, su nuera Edith, su hijo en el afecto Luis, su nuera en el afecto Valeria, sus nietas en el afecto Liz y P\u00eda; sus hermanos, cu\u00f1ados y dem\u00e1s deudos participan su fallecimiento.<\/p>\n<p>Sin velatorio. Responso: Cementerio Loma De Paz. Inhumaci\u00f3n: Cementerio Loma de Paz, viernes 9 de abril a las 8:30 am. Servicio adherido a Coopelectric.<\/p>\n<p>Vecino del barrio Lujan.<\/p>\n<p>Lugar de nacimiento: Tapalqu\u00e9<\/p>\n<p>Actividad que desarrollaba: Jubilado<\/p>\n","protected":false},"excerpt":{"rendered":"<p>Falleci\u00f3 en Olavarr\u00eda el d\u00eda 9 de abril de 2021 a los 74 a\u00f1os de edad. Su esposa Maria, su<\/p>\n","protected":false},"author":4,"featured_media":0,"comment_status":"closed","ping_status":"closed","sticky":false,"template":"","format":"standard","meta":{"_jetpack_memberships_contains_paid_content":false,"footnotes":""},"categories":[10],"tags":[],"class_list":["post-18347","post","type-post","status-publish","format-standard","hentry","category-necrologicas"],"jetpack_featured_media_url":"","jetpack_sharing_enabled":true,"_links":{"self":[{"href":"https:\/\/cdnoticias.com\/index.php\/wp-json\/wp\/v2\/posts\/18347","targetHints":{"allow":["GET"]}}],"collection":[{"href":"https:\/\/cdnoticias.com\/index.php\/wp-json\/wp\/v2\/posts"}],"about":[{"href":"https:\/\/cdnoticias.com\/index.php\/wp-json\/wp\/v2\/types\/post"}],"author":[{"embeddable":true,"href":"https:\/\/cdnoticias.com\/index.php\/wp-json\/wp\/v2\/users\/4"}],"replies":[{"embeddable":true,"href":"https:\/\/cdnoticias.com\/index.php\/wp-json\/wp\/v2\/comments?post=18347"}],"version-history":[{"count":0,"href":"https:\/\/cdnoticias.com\/index.php\/wp-json\/wp\/v2\/posts\/18347\/revisions"}],"wp:attachment":[{"href":"https:\/\/cdnoticias.com\/index.php\/wp-json\/wp\/v2\/media?parent=18347"}],"wp:term":[{"taxonomy":"category","embeddable":true,"href":"https:\/\/cdnoticias.com\/index.php\/wp-json\/wp\/v2\/categories?post=18347"},{"taxonomy":"post_tag","embeddable":true,"href":"https:\/\/cdnoticias.com\/index.php\/wp-json\/wp\/v2\/tags?post=18347"}],"curies":[{"name":"wp","href":"https:\/\/api.w.org\/{rel}","templated":true}]}}