{"id":183466,"date":"2025-09-25T15:14:47","date_gmt":"2025-09-25T18:14:47","guid":{"rendered":"https:\/\/cdnoticias.com\/?p=183466"},"modified":"2025-09-25T18:01:36","modified_gmt":"2025-09-25T21:01:36","slug":"maximiliano-wesner-esta-garantizada-la-transitabilidad-en-nuestra-red-vial-rural","status":"publish","type":"post","link":"https:\/\/cdnoticias.com\/index.php\/2025\/09\/25\/maximiliano-wesner-esta-garantizada-la-transitabilidad-en-nuestra-red-vial-rural\/","title":{"rendered":"Maximiliano Wesner: \u201cEst\u00e1 garantizada la transitabilidad en nuestra red vial rural\u201d"},"content":{"rendered":"<p>El intendente habl\u00f3 de las dificultades para el desarrollo de las obras de mejora de caminos rurales debido a las condiciones del tiempo. \u201cHay que ser \u00f3ptimo en el uso del recurso\u201d subray\u00f3.<!--more--><\/p>\n<hr \/>\n<p>En el marco de la <a href=\"https:\/\/cdnoticias.com\/index.php\/2025\/09\/25\/comenzo-el-ix-taller-de-caminos-rurales-en-olavarria\/\" target=\"_blank\" rel=\"noopener\">apertura del Taller de Caminos Rurales<\/a>, el <strong>intendente Maximiliano Wesner<\/strong> estuvo en el Centro de Convenciones de Olavarr\u00eda y all\u00ed <strong>habl\u00f3 con los medios locales<\/strong> sobre la <strong>actualidad de la red vial.<\/strong><\/p>\n<p>El estado de los caminos ha sido objeto de cr\u00edticas <a href=\"https:\/\/cdnoticias.com\/index.php\/2025\/08\/07\/si-queremos-tener-mejores-caminos-rurales-tenemos-que-empezar-a-entoscar\/\" target=\"_blank\" rel=\"noopener\">desde el sector rural y desde la oposici\u00f3n<\/a>. Y en ese sentido, d\u00edas pasados la <a href=\"https:\/\/cdnoticias.com\/index.php\/2025\/09\/23\/caminos-rurales-no-se-ha-hecho-nada-en-hidraulica-durante-anos\/\" target=\"_blank\" rel=\"noopener\">Sociedad Rural de Olavarr\u00eda inform\u00f3 la contrataci\u00f3n de un profesional<\/a> en el tema para analizar el desarrollo de los trabajos desde el Municipio.<\/p>\n<blockquote><p>\u201cEs la mejor respuesta este Taller, poder encontrarnos empresas, Municipio, Provincia a trav\u00e9s del Ministerio de Desarrollo Agrario, la Facultad de Ingenier\u00eda aportando el conocimiento, los productores nucleados en instituciones, para poder entre todos poder batallar en esto. Tuvimos un invierno muy, muy lluvioso, hist\u00f3rico dir\u00eda, pero as\u00ed todo est\u00e1 garantizada la transitabilidad en nuestra red vial rural. Creo que venimos haciendo un trabajo pormenorizado, con un plan rector, planificado, en cuanto a mantenimiento y a obra, pero tambi\u00e9n desde la parte h\u00eddrica\u201d defini\u00f3 el jefe comunal.<\/p><\/blockquote>\n<p>Consider\u00f3 positiva la experiencia del taller, \u201ccreo que compartir experiencias, compartir conocimiento, <strong>nos garantiza poder potenciar la ruralidad en Olavarr\u00eda<\/strong>. Yo creo que siendo anfitriones corremos con ventaja en ello. Creo que <strong>llovieron 7 veces en julio, es un invierno muy, pero muy llovedor. Son \u00e9pocas que dificulta poder trabajar lamentablemente<\/strong>, porque no solamente el d\u00eda donde se precipita la lluvia, sino son los d\u00edas posteriores, las napas muy altas, los suelos muy h\u00famedos, pero as\u00ed todo estamos trabajando en ese contexto\u201d.<\/p>\n<p><img data-recalc-dims=\"1\" loading=\"lazy\" decoding=\"async\" class=\"alignnone size-large wp-image-183453 aligncenter\" src=\"https:\/\/i0.wp.com\/cdnoticias.com\/wp-content\/uploads\/2025\/09\/taller-de-caminos-rurales-03.jpg?resize=800%2C445&#038;ssl=1\" alt=\"\" width=\"800\" height=\"445\" srcset=\"https:\/\/i0.wp.com\/cdnoticias.com\/wp-content\/uploads\/2025\/09\/taller-de-caminos-rurales-03-scaled.jpg?resize=1024%2C570&amp;ssl=1 1024w, https:\/\/i0.wp.com\/cdnoticias.com\/wp-content\/uploads\/2025\/09\/taller-de-caminos-rurales-03-scaled.jpg?resize=300%2C167&amp;ssl=1 300w, https:\/\/i0.wp.com\/cdnoticias.com\/wp-content\/uploads\/2025\/09\/taller-de-caminos-rurales-03-scaled.jpg?resize=768%2C427&amp;ssl=1 768w, https:\/\/i0.wp.com\/cdnoticias.com\/wp-content\/uploads\/2025\/09\/taller-de-caminos-rurales-03-scaled.jpg?resize=1536%2C854&amp;ssl=1 1536w, https:\/\/i0.wp.com\/cdnoticias.com\/wp-content\/uploads\/2025\/09\/taller-de-caminos-rurales-03-scaled.jpg?resize=2048%2C1139&amp;ssl=1 2048w, https:\/\/i0.wp.com\/cdnoticias.com\/wp-content\/uploads\/2025\/09\/taller-de-caminos-rurales-03-scaled.jpg?resize=800%2C445&amp;ssl=1 800w, https:\/\/i0.wp.com\/cdnoticias.com\/wp-content\/uploads\/2025\/09\/taller-de-caminos-rurales-03-scaled.jpg?w=1600&amp;ssl=1 1600w, https:\/\/i0.wp.com\/cdnoticias.com\/wp-content\/uploads\/2025\/09\/taller-de-caminos-rurales-03-scaled.jpg?w=2400&amp;ssl=1 2400w\" sizes=\"auto, (max-width: 800px) 100vw, 800px\" \/><\/p>\n<p>M\u00e1s adelante tambi\u00e9n sum\u00f3 que \u201ces muy beneficioso\u201d el encuentro de expertos <strong>\u201cva a dejar muchas bondades que sin lugar a dudas van a contribuir a nuestra mejora, a la mejora de la infraestructura rural\u201d<\/strong>.<\/p>\n<p>Consultado sobre la <strong>designaci\u00f3n de un profesional desde la Sociedad Rural local<\/strong>, el intendente cont\u00f3 que <strong>\u201cya hubo una primera reuni\u00f3n\u201d<\/strong> en la que participaron el secretario de Obras P\u00fablicas, Orfel Fari\u00f1a, y el director de Obras Rurales, Mariano Arrignon, <strong>\u201cse le cont\u00f3 c\u00f3mo estamos trabajando\u201d<\/strong>. \u201cPudieron intercambiar en una primera charla, en un primer encuentro, y contarle c\u00f3mo venimos trabajando.<strong> Nosotros estamos dando tambi\u00e9n una continuidad,<\/strong> esta es la continuidad jur\u00eddica del Estado, de c\u00f3mo se ven\u00eda. <strong>Se ha mejorado much\u00edsimo en cuanto a los pliegos, en cuanto a c\u00f3mo salen las licitaciones, de c\u00f3mo se ven\u00eda trabajando en gestiones anteriores<\/strong>\u201d inform\u00f3.<\/p>\n<blockquote><p>En cuanto a la inversi\u00f3n de la recaudaci\u00f3n municipal de la Tasa de Servicios Rurales en las obras de mantenimiento, el intendente subray\u00f3 el cumplimiento de la normativa que fija la afectaci\u00f3n. \u201cVenimos trabajando fuertemente en eso. Estamos algo atrasados, ya lo hemos dicho, pero tiene que ver tambi\u00e9n con esto que menciono, no es gastar por gastar, invertir por invertir, hay que ser \u00f3ptimo en el uso del recurso, nosotros cuidamos much\u00edsimo eso\u201d respondi\u00f3 para reiterar las dificultades que imponen las condiciones del tiempo y del suelo para desarrollar las tareas requeridas. \u201cHay que ser muy cuidadosos con los recursos que tenemos, que son los recursos que contribuyen los productores rurales todos los meses\u201d reafirm\u00f3.<\/p><\/blockquote>\n<p>Cabe recordar que el tema fue tratado este jueves en la sesi\u00f3n especial del Concejo Deliberante a trav\u00e9s de un <a href=\"https:\/\/cdnoticias.com\/index.php\/2025\/09\/19\/aumentan-la-tasa-y-todavia-no-usaron-la-plata-que-tienen-para-arreglar-los-caminos\/\" target=\"_blank\" rel=\"noopener\">pedido de informe presentado por las bancadas gallistas<\/a>. Wesner dijo que <strong>\u201ces un pedido de informe que se va a responder, obviamente\u201d<\/strong> en referencia a la formalidad del tr\u00e1mite. <strong>\u201cEse es uno de los puntos que no lo podemos negar, el clima es una variable que lamentablemente no podemos manejar. Es un invierno muy llovedor que dificulta poder laburar\u201d<\/strong> cerr\u00f3 Wesner.<\/p>\n<blockquote class=\"wp-embedded-content\" data-secret=\"bPROI8hK3x\"><p><a href=\"https:\/\/cdnoticias.com\/index.php\/2025\/09\/25\/comenzo-el-ix-taller-de-caminos-rurales-en-olavarria\/\">Comenz\u00f3 el IX Taller de Caminos Rurales en Olavarr\u00eda<\/a><\/p><\/blockquote>\n<p><iframe loading=\"lazy\" class=\"wp-embedded-content\" sandbox=\"allow-scripts\" security=\"restricted\" style=\"position: absolute; visibility: hidden;\" title=\"&#8220;Comenz\u00f3 el IX Taller de Caminos Rurales en Olavarr\u00eda&#8221; &#8212; Central de Noticias | Olavarr\u00eda\" src=\"https:\/\/cdnoticias.com\/index.php\/2025\/09\/25\/comenzo-el-ix-taller-de-caminos-rurales-en-olavarria\/embed\/#?secret=0FMk8BhJ8g#?secret=bPROI8hK3x\" data-secret=\"bPROI8hK3x\" width=\"600\" height=\"338\" frameborder=\"0\" marginwidth=\"0\" marginheight=\"0\" scrolling=\"no\"><\/iframe><\/p>\n","protected":false},"excerpt":{"rendered":"<p>El intendente habl\u00f3 de las dificultades para el desarrollo de las obras de mejora de caminos rurales debido a las<\/p>\n","protected":false},"author":4,"featured_media":183459,"comment_status":"closed","ping_status":"closed","sticky":false,"template":"","format":"standard","meta":{"_jetpack_memberships_contains_paid_content":false,"footnotes":""},"categories":[5,1],"tags":[],"class_list":["post-183466","post","type-post","status-publish","format-standard","has-post-thumbnail","hentry","category-informacion-general","category-portada"],"jetpack_featured_media_url":"https:\/\/i0.wp.com\/cdnoticias.com\/wp-content\/uploads\/2025\/09\/taller-de-caminos-rurales-09-wesner.jpg?fit=1000%2C556&ssl=1","jetpack_sharing_enabled":true,"_links":{"self":[{"href":"https:\/\/cdnoticias.com\/index.php\/wp-json\/wp\/v2\/posts\/183466","targetHints":{"allow":["GET"]}}],"collection":[{"href":"https:\/\/cdnoticias.com\/index.php\/wp-json\/wp\/v2\/posts"}],"about":[{"href":"https:\/\/cdnoticias.com\/index.php\/wp-json\/wp\/v2\/types\/post"}],"author":[{"embeddable":true,"href":"https:\/\/cdnoticias.com\/index.php\/wp-json\/wp\/v2\/users\/4"}],"replies":[{"embeddable":true,"href":"https:\/\/cdnoticias.com\/index.php\/wp-json\/wp\/v2\/comments?post=183466"}],"version-history":[{"count":0,"href":"https:\/\/cdnoticias.com\/index.php\/wp-json\/wp\/v2\/posts\/183466\/revisions"}],"wp:featuredmedia":[{"embeddable":true,"href":"https:\/\/cdnoticias.com\/index.php\/wp-json\/wp\/v2\/media\/183459"}],"wp:attachment":[{"href":"https:\/\/cdnoticias.com\/index.php\/wp-json\/wp\/v2\/media?parent=183466"}],"wp:term":[{"taxonomy":"category","embeddable":true,"href":"https:\/\/cdnoticias.com\/index.php\/wp-json\/wp\/v2\/categories?post=183466"},{"taxonomy":"post_tag","embeddable":true,"href":"https:\/\/cdnoticias.com\/index.php\/wp-json\/wp\/v2\/tags?post=183466"}],"curies":[{"name":"wp","href":"https:\/\/api.w.org\/{rel}","templated":true}]}}