{"id":183445,"date":"2025-09-25T16:16:32","date_gmt":"2025-09-25T19:16:32","guid":{"rendered":"https:\/\/cdnoticias.com\/?p=183445"},"modified":"2025-09-25T18:18:17","modified_gmt":"2025-09-25T21:18:17","slug":"mercado-bonaerense-nueva-convocatoria-a-productores","status":"publish","type":"post","link":"https:\/\/cdnoticias.com\/index.php\/2025\/09\/25\/mercado-bonaerense-nueva-convocatoria-a-productores\/","title":{"rendered":"Mercados Bonaerenses: nueva convocatoria a productores"},"content":{"rendered":"\n<p>Personas interesadas pueden pre inscribirse a trav\u00e9s de un formulario online.<\/p>\n\n\n\n<hr class=\"wp-block-separator has-alpha-channel-opacity\"\/>\n\n\n\n<p>El Municipio lanz\u00f3 una nueva convocatoria a <strong>peque\u00f1os productores y elaboradores de alimentos para incorporarse al programa \u201cMercados Bonaerenses\u201d.<\/strong><\/p>\n\n\n\n<p><\/p>\n\n\n\n<p>Las personas interesadas deber\u00e1n completar el siguiente formulario al que se accede haciendo <a href=\"https:\/\/docs.google.com\/forms\/d\/e\/1FAIpQLSfuaCemV3pnQCCwiX4Twqwrq-vsN1xmPahRUfU0VdzcQL3c8A\/viewform\" data-type=\"link\" data-id=\"https:\/\/docs.google.com\/forms\/d\/e\/1FAIpQLSfuaCemV3pnQCCwiX4Twqwrq-vsN1xmPahRUfU0VdzcQL3c8A\/viewform\">clic aqu\u00ed.<\/a> Desde el \u00e1rea se detall\u00f3 que se trata de una<strong> instancia de pre-inscripci\u00f3n que, una vez cerrada esta etapa, la Coordinaci\u00f3n de Econom\u00eda Popular se pondr\u00e1 en contacto para realizar una visita y confirmar la participaci\u00f3n.<\/strong><\/p>\n\n\n\n<p><\/p>\n\n\n\n<blockquote class=\"wp-block-quote is-layout-flow wp-block-quote-is-layout-flow\">\n<p>Los rubros que podr\u00e1n inscribirse son: frutas y verduras, miel, dulces y mermeladas, conservas, semillas, chocolates, bebidas, quesos, panificados, huevos, plantas y plantines, condimentos, alfajores, infusiones, productos agroecol\u00f3gicos, bioinsumos, pastas, cereales, productos sin TACC.<\/p>\n<\/blockquote>\n\n\n\n<p><\/p>\n\n\n\n<p>El Programa <strong>\u201cMercados Bonaerenses\u201d <\/strong>tiene por objetivo fortalecer y asistir experiencias de producci\u00f3n, comercializaci\u00f3n y abastecimiento local de agroalimentos, que se desarrollen en el \u00e1mbito de la provincia de Buenos Aires; como as\u00ed tambi\u00e9n fomentar la producci\u00f3n y el consumo de \u201cAlimentos Bonaerenses\u201d a trav\u00e9s de la asistencia, formalizaci\u00f3n y capacitaci\u00f3n a productores, comercializadores y municipios, para crear, ampliar y fortalecer mercados y ferias de alimentos fijas o itinerantes.<\/p>\n","protected":false},"excerpt":{"rendered":"<p>Personas interesadas pueden pre inscribirse a trav\u00e9s de un formulario online. El Municipio lanz\u00f3 una nueva convocatoria a peque\u00f1os productores<\/p>\n","protected":false},"author":5,"featured_media":134870,"comment_status":"closed","ping_status":"closed","sticky":false,"template":"","format":"standard","meta":{"_jetpack_memberships_contains_paid_content":false,"footnotes":""},"categories":[5,1],"tags":[],"class_list":["post-183445","post","type-post","status-publish","format-standard","has-post-thumbnail","hentry","category-informacion-general","category-portada"],"jetpack_featured_media_url":"https:\/\/i0.wp.com\/cdnoticias.com\/wp-content\/uploads\/2025\/01\/mercados-bonaerenses-enero-2025-5.jpg?fit=1072%2C596&ssl=1","jetpack_sharing_enabled":true,"_links":{"self":[{"href":"https:\/\/cdnoticias.com\/index.php\/wp-json\/wp\/v2\/posts\/183445","targetHints":{"allow":["GET"]}}],"collection":[{"href":"https:\/\/cdnoticias.com\/index.php\/wp-json\/wp\/v2\/posts"}],"about":[{"href":"https:\/\/cdnoticias.com\/index.php\/wp-json\/wp\/v2\/types\/post"}],"author":[{"embeddable":true,"href":"https:\/\/cdnoticias.com\/index.php\/wp-json\/wp\/v2\/users\/5"}],"replies":[{"embeddable":true,"href":"https:\/\/cdnoticias.com\/index.php\/wp-json\/wp\/v2\/comments?post=183445"}],"version-history":[{"count":0,"href":"https:\/\/cdnoticias.com\/index.php\/wp-json\/wp\/v2\/posts\/183445\/revisions"}],"wp:featuredmedia":[{"embeddable":true,"href":"https:\/\/cdnoticias.com\/index.php\/wp-json\/wp\/v2\/media\/134870"}],"wp:attachment":[{"href":"https:\/\/cdnoticias.com\/index.php\/wp-json\/wp\/v2\/media?parent=183445"}],"wp:term":[{"taxonomy":"category","embeddable":true,"href":"https:\/\/cdnoticias.com\/index.php\/wp-json\/wp\/v2\/categories?post=183445"},{"taxonomy":"post_tag","embeddable":true,"href":"https:\/\/cdnoticias.com\/index.php\/wp-json\/wp\/v2\/tags?post=183445"}],"curies":[{"name":"wp","href":"https:\/\/api.w.org\/{rel}","templated":true}]}}