{"id":183442,"date":"2025-09-25T11:43:22","date_gmt":"2025-09-25T14:43:22","guid":{"rendered":"https:\/\/cdnoticias.com\/?p=183442"},"modified":"2025-09-25T16:16:47","modified_gmt":"2025-09-25T19:16:47","slug":"alerta-por-fuertes-vientos-para-la-madrugada-del-viernes-en-olavarria","status":"publish","type":"post","link":"https:\/\/cdnoticias.com\/index.php\/2025\/09\/25\/alerta-por-fuertes-vientos-para-la-madrugada-del-viernes-en-olavarria\/","title":{"rendered":"Alerta por fuertes vientos para la madrugada del viernes en Olavarr\u00eda"},"content":{"rendered":"\n<p>La advertencia nivel amarillo fue lanzada por el Servicio Meteorol\u00f3gico Nacional. Se extender\u00e1 hasta la tarde y las r\u00e1fagas pueden superar los 80 km\/h.<\/p>\n\n\n\n<hr class=\"wp-block-separator has-alpha-channel-opacity\"\/>\n\n\n\n<p>El Servicio Meteorol\u00f3gico Nacional (SMN) emiti\u00f3 una <strong>alerta nivel amarillo para Olavarr\u00eda y la zona.<\/strong><\/p>\n\n\n\n<p><\/p>\n\n\n\n<p>Seg\u00fan indic\u00f3 el organismo nacional, <strong>la advertencia rige desde la madrugada del viernes hasta la tarde.<\/strong><\/p>\n\n\n\n<p><\/p>\n\n\n\n<blockquote class=\"wp-block-quote is-layout-flow wp-block-quote-is-layout-flow\">\n<p>El \u00e1rea podr\u00e1 ser afectada por vientos del sector norte con velocidades entre 35 y 55 km\/h, y r\u00e1fagas que pueden superar localmente los 80 km\/h.<\/p>\n<\/blockquote>\n\n\n\n<p><\/p>\n\n\n\n<p>En tanto, a partir del viernes 26 por la noche, el norte de La Pampa, noroeste de la Provincia de Buenos Aires, oeste de Santa Fe, C\u00f3rdoba y sur de Santiago del Estero ser\u00e1n afectados por vientos del sector sur con velocidades entre 35 y 55 km\/h, y r\u00e1fagas que pueden superar localmente los 80 km\/h.<\/p>\n\n\n\n<p><\/p>\n\n\n\n<figure class=\"wp-block-image size-full\"><img data-recalc-dims=\"1\" loading=\"lazy\" decoding=\"async\" width=\"646\" height=\"273\" src=\"https:\/\/i0.wp.com\/cdnoticias.com\/wp-content\/uploads\/2025\/09\/image.png?resize=646%2C273&#038;ssl=1\" alt=\"\" class=\"wp-image-183443\" srcset=\"https:\/\/i0.wp.com\/cdnoticias.com\/wp-content\/uploads\/2025\/09\/image.png?w=646&amp;ssl=1 646w, https:\/\/i0.wp.com\/cdnoticias.com\/wp-content\/uploads\/2025\/09\/image.png?resize=300%2C127&amp;ssl=1 300w\" sizes=\"auto, (max-width: 646px) 100vw, 646px\" \/><\/figure>\n\n\n\n<p><\/p>\n","protected":false},"excerpt":{"rendered":"<p>La advertencia nivel amarillo fue lanzada por el Servicio Meteorol\u00f3gico Nacional. Se extender\u00e1 hasta la tarde y las r\u00e1fagas pueden<\/p>\n","protected":false},"author":5,"featured_media":32247,"comment_status":"closed","ping_status":"closed","sticky":false,"template":"","format":"standard","meta":{"_jetpack_memberships_contains_paid_content":false,"footnotes":""},"categories":[5,1],"tags":[],"class_list":["post-183442","post","type-post","status-publish","format-standard","has-post-thumbnail","hentry","category-informacion-general","category-portada"],"jetpack_featured_media_url":"https:\/\/i0.wp.com\/cdnoticias.com\/wp-content\/uploads\/2021\/09\/viento-lluvia-00.jpg?fit=800%2C445&ssl=1","jetpack_sharing_enabled":true,"_links":{"self":[{"href":"https:\/\/cdnoticias.com\/index.php\/wp-json\/wp\/v2\/posts\/183442","targetHints":{"allow":["GET"]}}],"collection":[{"href":"https:\/\/cdnoticias.com\/index.php\/wp-json\/wp\/v2\/posts"}],"about":[{"href":"https:\/\/cdnoticias.com\/index.php\/wp-json\/wp\/v2\/types\/post"}],"author":[{"embeddable":true,"href":"https:\/\/cdnoticias.com\/index.php\/wp-json\/wp\/v2\/users\/5"}],"replies":[{"embeddable":true,"href":"https:\/\/cdnoticias.com\/index.php\/wp-json\/wp\/v2\/comments?post=183442"}],"version-history":[{"count":0,"href":"https:\/\/cdnoticias.com\/index.php\/wp-json\/wp\/v2\/posts\/183442\/revisions"}],"wp:featuredmedia":[{"embeddable":true,"href":"https:\/\/cdnoticias.com\/index.php\/wp-json\/wp\/v2\/media\/32247"}],"wp:attachment":[{"href":"https:\/\/cdnoticias.com\/index.php\/wp-json\/wp\/v2\/media?parent=183442"}],"wp:term":[{"taxonomy":"category","embeddable":true,"href":"https:\/\/cdnoticias.com\/index.php\/wp-json\/wp\/v2\/categories?post=183442"},{"taxonomy":"post_tag","embeddable":true,"href":"https:\/\/cdnoticias.com\/index.php\/wp-json\/wp\/v2\/tags?post=183442"}],"curies":[{"name":"wp","href":"https:\/\/api.w.org\/{rel}","templated":true}]}}