{"id":183431,"date":"2025-09-25T08:55:27","date_gmt":"2025-09-25T11:55:27","guid":{"rendered":"https:\/\/cdnoticias.com\/?p=183431"},"modified":"2025-09-25T13:23:47","modified_gmt":"2025-09-25T16:23:47","slug":"con-varios-proyectos-sobre-transito-este-jueves-sesiona-el-concejo-deliberante","status":"publish","type":"post","link":"https:\/\/cdnoticias.com\/index.php\/2025\/09\/25\/con-varios-proyectos-sobre-transito-este-jueves-sesiona-el-concejo-deliberante\/","title":{"rendered":"Con varios proyectos sobre tr\u00e1nsito, este jueves sesiona el Concejo Deliberante"},"content":{"rendered":"<p>Habr\u00e1 30 expedientes en debate, la mitad son ordenanzas para la donaci\u00f3n de inmuebles. Pas\u00f3 a comisi\u00f3n el contrato para el tratamiento de residuos patog\u00e9nicos.<!--more--><\/p>\n<hr \/>\n<p><strong>Este jueves sesionar\u00e1 el Concejo Deliberante de Olavarr\u00eda<\/strong>. En el orden del d\u00eda se incluyeron 30 expedientes para su tratamiento a partir de las 9 de la ma\u00f1ana en el recinto de sesiones del Deliberativo local.<\/p>\n<p>En el inicio de la sesi\u00f3n <strong>se aprobar\u00e1 la licencia del concejal Hilario Galli<\/strong> (bloque Pro-ERF) y su <strong>reemplazo por Gabriel Requena<\/strong> quien ocupar\u00e1 la banca por esta semana.<\/p>\n<blockquote><p>Entre los expedientes que ingresaron para su debate en comisiones se inform\u00f3 que el Ejecutivo contrat\u00f3 a la empresa Sistemas Ambientales SA para el servicio de recolecci\u00f3n, transporte, tratamiento y disposici\u00f3n final de residuos patog\u00e9nicos por un periodo de dos a\u00f1os. Los concejales deber\u00e1n tratar la convalidaci\u00f3n del contrato.<\/p><\/blockquote>\n<p>Asimismo, ingres\u00f3 el<strong> listado de mayores contribuyentes para el periodo 2025 \u2013 2026<\/strong>.<\/p>\n<p>Los concejales <strong>aprobar\u00e1n<\/strong> durante la sesi\u00f3n<strong> 15 ordenanzas de donaciones de inmuebles<\/strong>.<\/p>\n<p>Adem\u00e1s, varios de los expedientes en debate refieren al <strong>tr\u00e1nsito<\/strong>. La bancada de La Libertad Avanza solicit\u00f3 al Ejecutivo la <strong>construcci\u00f3n de cruces seguros<\/strong>. La UCR solicit\u00f3 el <strong>repintado de mesetas reductoras en Vicente L\u00f3pez y Belgrano<\/strong> y tambi\u00e9n la <strong>colocaci\u00f3n de carteler\u00eda de acceso a Kochi Tue<\/strong> sobre la ruta 51.<\/p>\n<p>La bancada de la UCR propuso una resoluci\u00f3n para <strong>distinguir por el \u201chonor al m\u00e9rito ciudadano\u201d a Nora Zeberio<\/strong> por \u201csu trayectoria en la medicina cardiol\u00f3gica en nuestra ciudad\u201d.<\/p>\n<p>En tanto, los bloques Pro-ERF y Juntos por Olavarr\u00eda impulsaron dos iniciativas: una que solicit\u00f3 la <strong>remediaci\u00f3n de un espacio ubicado en Avellaneda al 300 y al 200<\/strong> por la acumulaci\u00f3n de residuos; y otra es un <strong>pedido de informe sobre la ejecuci\u00f3n de los fondos<\/strong> <a href=\"https:\/\/cdnoticias.com\/index.php\/2025\/09\/19\/aumentan-la-tasa-y-todavia-no-usaron-la-plata-que-tienen-para-arreglar-los-caminos\/\" target=\"_blank\" rel=\"noopener\">destinados a mejoras en caminos rurales<\/a>.<\/p>\n<p>Por \u00faltimo, el bloque Uni\u00f3n por la Patria pondr\u00e1 en debate un proyecto de comunicaci\u00f3n que<strong> manifiesta \u201crepudio y rechazo a la decisi\u00f3n del Presidente de la Naci\u00f3n de <a href=\"https:\/\/cdnoticias.com\/index.php\/2025\/09\/16\/liliana-schwindt-sobre-el-intento-de-eliminar-la-zona-fria-los-usuarios-de-nuestra-region-vuelven-a-sufrir\/\" target=\"_blank\" rel=\"noopener\">excluir a Olavarr\u00eda de los beneficios de la Ley de Zona Fr\u00eda<\/a>\u201d<\/strong>.<\/p>\n","protected":false},"excerpt":{"rendered":"<p>Habr\u00e1 30 expedientes en debate, la mitad son ordenanzas para la donaci\u00f3n de inmuebles. Pas\u00f3 a comisi\u00f3n el contrato para<\/p>\n","protected":false},"author":4,"featured_media":182073,"comment_status":"closed","ping_status":"closed","sticky":false,"template":"","format":"standard","meta":{"_jetpack_memberships_contains_paid_content":false,"footnotes":""},"categories":[4,1],"tags":[],"class_list":["post-183431","post","type-post","status-publish","format-standard","has-post-thumbnail","hentry","category-politica","category-portada"],"jetpack_featured_media_url":"https:\/\/i0.wp.com\/cdnoticias.com\/wp-content\/uploads\/2025\/09\/hcd-sesion12.png?fit=893%2C533&ssl=1","jetpack_sharing_enabled":true,"_links":{"self":[{"href":"https:\/\/cdnoticias.com\/index.php\/wp-json\/wp\/v2\/posts\/183431","targetHints":{"allow":["GET"]}}],"collection":[{"href":"https:\/\/cdnoticias.com\/index.php\/wp-json\/wp\/v2\/posts"}],"about":[{"href":"https:\/\/cdnoticias.com\/index.php\/wp-json\/wp\/v2\/types\/post"}],"author":[{"embeddable":true,"href":"https:\/\/cdnoticias.com\/index.php\/wp-json\/wp\/v2\/users\/4"}],"replies":[{"embeddable":true,"href":"https:\/\/cdnoticias.com\/index.php\/wp-json\/wp\/v2\/comments?post=183431"}],"version-history":[{"count":0,"href":"https:\/\/cdnoticias.com\/index.php\/wp-json\/wp\/v2\/posts\/183431\/revisions"}],"wp:featuredmedia":[{"embeddable":true,"href":"https:\/\/cdnoticias.com\/index.php\/wp-json\/wp\/v2\/media\/182073"}],"wp:attachment":[{"href":"https:\/\/cdnoticias.com\/index.php\/wp-json\/wp\/v2\/media?parent=183431"}],"wp:term":[{"taxonomy":"category","embeddable":true,"href":"https:\/\/cdnoticias.com\/index.php\/wp-json\/wp\/v2\/categories?post=183431"},{"taxonomy":"post_tag","embeddable":true,"href":"https:\/\/cdnoticias.com\/index.php\/wp-json\/wp\/v2\/tags?post=183431"}],"curies":[{"name":"wp","href":"https:\/\/api.w.org\/{rel}","templated":true}]}}