{"id":183415,"date":"2025-09-24T19:59:03","date_gmt":"2025-09-24T22:59:03","guid":{"rendered":"https:\/\/cdnoticias.com\/?p=183415"},"modified":"2025-09-25T08:55:59","modified_gmt":"2025-09-25T11:55:59","slug":"condena-para-un-olavarriense-que-tenia-pastillas-de-extasis","status":"publish","type":"post","link":"https:\/\/cdnoticias.com\/index.php\/2025\/09\/24\/condena-para-un-olavarriense-que-tenia-pastillas-de-extasis\/","title":{"rendered":"Condena para un olavarriense que ten\u00eda pastillas de \u00e9xtasis"},"content":{"rendered":"<p>En la ruta 3, en Azul, fue aprehendido en un control policial en noviembre de 2021. En un juicio abreviado fue condenado a tres a\u00f1os de prisi\u00f3n en suspenso. Adem\u00e1s, el imputado ofreci\u00f3 una suma de dinero para donar.<!--more--><\/p>\n<hr \/>\n<p><strong>Tres a\u00f1os de prisi\u00f3n de cumplimiento condicional y el pago de una multa<\/strong> fueron las <strong>penas dictadas<\/strong> a un hombre por una <strong>infracci\u00f3n a la Ley 23.737<\/strong>, il\u00edcito cometido cuando <strong>en noviembre de 2021 polic\u00edas hab\u00edan interceptado sobre la Ruta 3, en jurisdicci\u00f3n de Azul<\/strong>, el auto en que viajaba y se constat\u00f3 que <strong>pose\u00eda varias pastillas de \u00e9xtasis.<\/strong><\/p>\n<p>Lo dispuesto para el encausado en esta primera instancia surgi\u00f3 de <strong>un juicio abreviado tramitado ante el Tribunal Oral en lo Criminal n\u00famero 2<\/strong> con asiento en el Palacio de Justicia de Azul. El proceso cont\u00f3 con la intervenci\u00f3n del <strong>magistrado Albano Gallicchio.<\/strong><\/p>\n<blockquote><p>A trav\u00e9s de lo mencionado en el fallo, el declarado autor de esta infracci\u00f3n a la ley de drogas fue identificado como Brian Mariano Yi. Oriundo de Olavarr\u00eda, actualmente tiene 41 a\u00f1os de edad.\u00a0Contando con el acuerdo pactado entre las partes que intervinieron en el proceso -el ex fiscal de la UFI 22 Lucas Moyano y el abogado Sergio Rold\u00e1n, este \u00faltimo en car\u00e1cter de defensor Particular del encausado- el olavarriense que firm\u00f3 este juicio abreviado termin\u00f3 siendo declarado autor del delito de tenencia ileg\u00edtima de estupefacientes.<\/p><\/blockquote>\n<p>Lo convenido entre el otrora Fiscal y la Defensa del encausado implic\u00f3 que<strong>, &#8220;en concepto de reparaci\u00f3n del da\u00f1o&#8221;<\/strong>, el hombre condenado en este proceso abreviado <strong>haga entrega de 200.000 pesos, dinero que ser\u00e1 destinado al Hospital Municipal &#8220;Dr. \u00c1ngel Pintos&#8221; de Azul<\/strong>.<\/p>\n<h3>Las pastillas<\/h3>\n<p>Brian Mariano Yi hab\u00eda resultado <strong>aprehendido durante un operativo de interceptaci\u00f3n vehicular e identificaci\u00f3n de personas<\/strong> que efectivos del <strong>Destacamento de Seguridad Vial Azul<\/strong> de la Polic\u00eda bonaerense realizaban en jurisdicci\u00f3n de Azul <a href=\"https:\/\/cdnoticias.com\/index.php\/2021\/11\/17\/un-hombre-con-domicilio-en-olavarria-fue-interceptado-con-29-pastillas-de-extasis-en-azul\/\" target=\"_blank\" rel=\"noopener\">el 16 de noviembre de 2021, en horas de la tarde<\/a>.<\/p>\n<p>Sobre la Ruta 3, ese ret\u00e9n policial hab\u00eda sido montado en cercan\u00edas a la sede de Vial Azul cuando los agentes que participaban del operativo interceptaron con fines de control un <strong>autom\u00f3vil Volkswagen Vento en el que viajaba solo el ahora condenado en este proceso<\/strong>, decisi\u00f3n surgida de un fallo que data del lunes de la semana anterior.<\/p>\n<p>Ese d\u00eda en que resultar\u00eda arrestado tras el hallazgo de las pastillas de \u00e9xtasis en su poder, <strong>Yi regresaba a Olavarr\u00eda, la ciudad donde actualmente contin\u00faa residiendo.<\/strong><\/p>\n<p><img data-recalc-dims=\"1\" loading=\"lazy\" decoding=\"async\" class=\"alignnone size-full wp-image-39039 aligncenter\" src=\"https:\/\/i0.wp.com\/cdnoticias.com\/wp-content\/uploads\/2021\/11\/extasis01.jpg?resize=800%2C445&#038;ssl=1\" alt=\"\" width=\"800\" height=\"445\" srcset=\"https:\/\/i0.wp.com\/cdnoticias.com\/wp-content\/uploads\/2021\/11\/extasis01.jpg?w=800&amp;ssl=1 800w, https:\/\/i0.wp.com\/cdnoticias.com\/wp-content\/uploads\/2021\/11\/extasis01.jpg?resize=300%2C167&amp;ssl=1 300w, https:\/\/i0.wp.com\/cdnoticias.com\/wp-content\/uploads\/2021\/11\/extasis01.jpg?resize=768%2C427&amp;ssl=1 768w\" sizes=\"auto, (max-width: 800px) 100vw, 800px\" \/><\/p>\n<p>En un principio, <strong>los polic\u00edas de Vial le solicitaron los papeles del auto<\/strong> al olavarriense.\u00a0Al constatar que<strong> no presentaba irregularidad<\/strong> alguna dicha documentaci\u00f3n, a los agentes les <strong>llam\u00f3 la atenci\u00f3n el nerviosismo evidenciado por el conductor<\/strong> del Vento.<\/p>\n<blockquote><p>En esas circunstancias, tras convocar un testigo decidieron requisar el veh\u00edculo. Y en el interior del ba\u00fal los efectivos encontraron una mochila que conten\u00eda, dentro de un sobre, veintiocho &#8220;pastillas de color rosa&#8221; que -luego de realizado los tests orientativos- se comprob\u00f3 que eran de \u00e9xtasis.<\/p><\/blockquote>\n<p>&#8220;En el momento de proceder a<strong> registrar el ba\u00fal del autom\u00f3vil<\/strong> se constat\u00f3 que el nombrado pose\u00eda de manera ileg\u00edtima bajo su guarda y disposici\u00f3n <strong>sustancia estupefaciente<\/strong>. Espec\u00edficamente, en una mochila de color negra, donde en su interior se observa<strong> un sobre de color marr\u00f3n papel madera<\/strong>, estando abierto y, en su interior,<strong> otro de color blanco<\/strong>, conteniendo<strong> un envoltorio de nylon transparente con pastillas de color rosa<\/strong>. Precisamente, \u00e9xtasis&#8221;, se describ\u00eda en las actuaciones policiales y fue mencionado en el fallo de este proceso abreviado.<\/p>\n<p>Esas pastillas, en total, <strong>pesaban algo m\u00e1s de once gramos al momento de ser incautadas<\/strong> por los polic\u00edas de Vial Azul. Agentes que, al mismo tiempo, hicieron efectiva la<strong> aprehensi\u00f3n del olavarriense<\/strong>, quien despu\u00e9s <a href=\"https:\/\/cdnoticias.com\/index.php\/2021\/11\/17\/garantias-dicto-la-detencion-de-olavarriense-sorprendido-con-pastillas-de-extasis-en-azul\/\" target=\"_blank\" rel=\"noopener\">permaneci\u00f3 detenido algunos d\u00edas en el marco de la causa penal<\/a> que se le iniciara por esta infracci\u00f3n a la Ley 23.737, el sumario que deriv\u00f3 en su condena en esta instancia del juicio abreviado.<\/p>\n<blockquote><p>&#8220;La calificaci\u00f3n legal que corresponde otorgar al hecho en juzgamiento es la de Tenencia ileg\u00edtima de estupefacientes. Con relaci\u00f3n a ello, concuerdo con las partes en cuanto a que no se desprenden elementos de actuaci\u00f3n que permitan arribar a la conclusi\u00f3n de que Yi haya detentado las sustancias incautadas con fines de comercializaci\u00f3n&#8221;, escribi\u00f3 en lo resuelto el juez Gallicchio.<\/p><\/blockquote>\n<p>&#8220;En el caso concreto, importa destacar aqu\u00ed que frente a que<strong> se encuentra probada la tenencia de cierta cantidad de sustancia estupefaciente<\/strong> y considerando que <strong>no se puede salir del estado de duda respecto del destino del material secuestrado<\/strong>, en aplicaci\u00f3n del principio &#8216;in dubio pro reo&#8217;,<strong> debe tenerse por cierto que estaba destinada a consumo personal<\/strong>&#8220;, se\u00f1al\u00f3 tambi\u00e9n el magistrado del TOC 2 en lo decidido.<\/p>\n<p>Fuente:<em> Diario El Tiempo<\/em><\/p>\n","protected":false},"excerpt":{"rendered":"<p>En la ruta 3, en Azul, fue aprehendido en un control policial en noviembre de 2021. En un juicio abreviado<\/p>\n","protected":false},"author":4,"featured_media":183416,"comment_status":"closed","ping_status":"closed","sticky":false,"template":"","format":"standard","meta":{"_jetpack_memberships_contains_paid_content":false,"footnotes":""},"categories":[14,1],"tags":[],"class_list":["post-183415","post","type-post","status-publish","format-standard","has-post-thumbnail","hentry","category-policiales","category-portada"],"jetpack_featured_media_url":"https:\/\/i0.wp.com\/cdnoticias.com\/wp-content\/uploads\/2025\/09\/extasis-condena-azul.jpg?fit=955%2C537&ssl=1","jetpack_sharing_enabled":true,"_links":{"self":[{"href":"https:\/\/cdnoticias.com\/index.php\/wp-json\/wp\/v2\/posts\/183415","targetHints":{"allow":["GET"]}}],"collection":[{"href":"https:\/\/cdnoticias.com\/index.php\/wp-json\/wp\/v2\/posts"}],"about":[{"href":"https:\/\/cdnoticias.com\/index.php\/wp-json\/wp\/v2\/types\/post"}],"author":[{"embeddable":true,"href":"https:\/\/cdnoticias.com\/index.php\/wp-json\/wp\/v2\/users\/4"}],"replies":[{"embeddable":true,"href":"https:\/\/cdnoticias.com\/index.php\/wp-json\/wp\/v2\/comments?post=183415"}],"version-history":[{"count":0,"href":"https:\/\/cdnoticias.com\/index.php\/wp-json\/wp\/v2\/posts\/183415\/revisions"}],"wp:featuredmedia":[{"embeddable":true,"href":"https:\/\/cdnoticias.com\/index.php\/wp-json\/wp\/v2\/media\/183416"}],"wp:attachment":[{"href":"https:\/\/cdnoticias.com\/index.php\/wp-json\/wp\/v2\/media?parent=183415"}],"wp:term":[{"taxonomy":"category","embeddable":true,"href":"https:\/\/cdnoticias.com\/index.php\/wp-json\/wp\/v2\/categories?post=183415"},{"taxonomy":"post_tag","embeddable":true,"href":"https:\/\/cdnoticias.com\/index.php\/wp-json\/wp\/v2\/tags?post=183415"}],"curies":[{"name":"wp","href":"https:\/\/api.w.org\/{rel}","templated":true}]}}