{"id":183410,"date":"2025-09-24T20:49:17","date_gmt":"2025-09-24T23:49:17","guid":{"rendered":"https:\/\/cdnoticias.com\/?p=183410"},"modified":"2025-09-25T10:09:40","modified_gmt":"2025-09-25T13:09:40","slug":"este-jueves-acto-de-firma-de-escrituras-sociales","status":"publish","type":"post","link":"https:\/\/cdnoticias.com\/index.php\/2025\/09\/24\/este-jueves-acto-de-firma-de-escrituras-sociales\/","title":{"rendered":"Este jueves, acto de firma de escrituras sociales"},"content":{"rendered":"<p>Personal de Escriban\u00eda General de Gobierno e Instituto de la Vivienda estar\u00e1n en Olavarr\u00eda junto a autoridades municipales para rubricar 177 escrituras. Todos los citados.<!--more--><\/p>\n<hr \/>\n<p>El Municipio de Olavarr\u00eda informa que <strong>este jueves 25 de septiembre<\/strong> se realizar\u00e1 un <strong>acto de firma de escrituras sociales<\/strong>, realizado en conjunto con la <strong>Escriban\u00eda General de Gobierno e Instituto de la Vivienda de la Provincia de Buenos Aires<\/strong>.<\/p>\n<p>El acto ser\u00e1 <strong>a partir de las 13 horas<\/strong>, en el <strong>Sal\u00f3n Rivadavia<\/strong>, y contar\u00e1 con la presencia de <strong>funcionarios municipales y Provinciales de la Escriban\u00eda General de Gobierno<\/strong>.<\/p>\n<blockquote><p>Se detall\u00f3 que en esta oportunidad se firmar\u00e1n 177 escrituras, correspondiendo 153 a la Ley 10.830, 23 a la operatoria del Instituto de la Vivienda, 1 Prescripci\u00f3n Adquisitiva Ley 24.320.<\/p><\/blockquote>\n<p>Desde la Direcci\u00f3n de Casa de Tierras y Regularizaci\u00f3n Dominial, se informa que <strong>las personas que se nombrar\u00e1 a continuaci\u00f3n deber\u00e1n concurrir<\/strong> con media hora de antelaci\u00f3n para su acreditaci\u00f3n, siendo importante en esta oportunidad presentarse con:<\/p>\n<ul>\n<li>\uf0b7 documento de identidad y fotocopia del mismo<\/li>\n<li>\uf0b7 constancias de CUIL o CUIT<\/li>\n<li>\uf0b7 En caso de estar divorciados copia simple de la sentencia de divorcio.<\/li>\n<li>\uf0b7 En caso de presentarse en car\u00e1cter de apoderado\/a deber\u00e1 presentar el poder original.<\/li>\n<\/ul>\n<h4>Titulares<\/h4>\n<p>Abalo Bertulo, Clara Alicia Lujan \/\/ Aguirre, Elizabeth Alejandra \/\/ Aguisnaga, Andres Jonatan \u2013 Sosa, Yesica Anabela \/\/ Albertario, Luis Roberto \u2013 Cananiz, Omar Alfredo \/\/ Antia, Blanca Margarita \/\/ Arouxet Filippin, Rocio Giselle \/\/ Attadio, Sandra Carolina \/\/ Balbuena, Marcelo Ricardo \/\/ Belo, Mario Daniel \/\/ Berecoechea, Norma Beatriz \/\/ Bianco, Natasha \u2013 Burucua, Sergio Maximiliano \/\/ Biordo, Maria Salome \/\/ Bravo, Flavia Soledad \/\/ Bravo, Norma Beatriz \u2013 Maldonado, Alfredo Omar \/\/ Bravo, Patricia Marcela \/\/ Bravo, Yanina Lorena \u2013 Figueroa, Hector Anibal \/\/ Calonge, Natalia Vanesa \/\/ Calonge, Silvia Soledad \u2013 Leiva, Luis Oscar \/\/ Camargo, Raul Hector \/\/ Campos, Rodolfo Alberto \/\/ Campos, Veronica Soraya \/\/ Ca\u00f1iupan, Ana Maria \/\/ Cenizo, Genoveva Maria \u2013 Chamorra, Valeria Luciana \/\/ Cepeda, Roberto Martin \u2013 Ripoll, Elsa Flora \/\/ Cerruiz, Hector Vicente \/\/ Chichotea, Marcela Alejandra \u2013 Nuestro Hogar Asociacion Civil \/\/ Ciarpella, Sandro Francisco \u2013 Depetrini, Marcial Ariel \u2013 Rojas Montenegro, Carmen Rosa \/\/ Cobio, Vanesa Lorena \u2013 Gallardo, Rafael Ignacio \/\/ Cos, Luis Maria \u2013 Palacio, Maria Virginia \u2013 Galman, Juan Carlos \/\/ Cruz, Maria Lucrecia \/\/ Cruz, Miguel Arturo \u2013 Pais, Claudia Fabiana \/\/ Damaso, Maria Teresa \/\/ De Castro, Yanina Anahi \u2013 Guevara, Gisela Celeste \/\/ Delgado, Claudia Lorena \u2013 Hait Heinrich, Maximiliano Guillermo \/\/ Delletesse, Giselle Alejandra \u2013 Sierra, Matias Ezequiel \/\/ Devia, Cristian Ramon \/\/ Diaz, Hugo Andres \u2013 Viscaino, Claudia Romina \/\/ Farias, Mariana Vanesa \/\/ Ferrer Diaz, Tania Maria Belen \u2013 Laurenz, Facundo \/\/ Fierro, Yesica Daiana \/\/ Finamore, Jose Abel \/\/ Flecha, Kevin Ricardo \u2013 Nievas, Noemi Elisabeth \/\/ Flores, Cintia Vanesa \/\/ Frias, Miriam Graciela \u2013 Rivero, Oscar Osvaldo \/\/ Gainza, Andrea Rosana \u2013 Heredia, Sol Candelaria \/\/ Gainza, Maria Elvira \/\/ Galan, Marcelo Alberto \/\/ Garay, Marcela Andrea \/\/ Gimenez, Yael \u2013 Hojman, Julio Cesar \/\/ Gismondi, Sara Nidia \/\/ Gomez, Fernando Gabriel \u2013 Rodriguez, Sandra Vanesa \/\/ Gon, Norma Zulema \/\/ Gonzalez, Jorge Adrian \/\/ Hecl, Marcelo Javier \/\/ Igoa, Luis Daniel Jes\u00fas \/\/ Ivroud, Viviana Lilian \/\/ Jarrier, Jose Augusto \u2013 Jarrier, Lucrecia Estela \/\/ Leiva, Omar Segundo \/\/ Leiva, Yamila Giselle \/\/ Lendi, Carlos Damian \/\/ Lopez, Maria Jose \u2013 Sosa, Miqueas Joel \/\/ Lucero, Luisina \/\/ Lucero, Marisol Elizabeth \u2013 Rodriguez, Orlando Daniel \/\/ Montenegro, Walter Orlando \/\/ Montero, Andrea Carina \/\/ Mora Quintanilla, Jaime Rigoberto \/\/ Morales, Triana Alejandrina \/\/ Navata, Daniel Alberto \u2013 Navata, Maria De Los Angeles \/\/ Nievas, Facundo Matias \/\/ Ochoa, Maria Cristina \/\/ Pacheco, Estefania Soledad \u2013 Valderrey, Roberto Javier \/\/ Palacios, Delia Antonia \/\/ Peralta, Evelyn Rocio \/\/ Perez, Maria Cristina \/\/ Petersen, Carlos Ariel \u2013 Trejo, Mariela \/\/ Reyero, Cesar Andres \u2013 Velazquez, Delia Elisabet \/\/ Rodriguez, Franco Ezequiel \u2013 Rodriguez, Macarena Aylen \/\/ Rodriguez, Maria Cristina \/\/ Rojas, Dominga Isabel \/\/ Rui, Stella Maris \/\/ Ruiz, Nelida Mabel \/\/ Ruppel, Daniel Dario \/\/ Saavedra, Natalia Andrea \/\/ San Martin, Pablo Roberto \/\/ Sayes, Patricia Carla \/\/ Silva, Yesica Lucrecia \u2013 Suarez, Oscar Eduardo \/\/ Simon, Marcos Renee \/\/ Soria, Nancy Edith \/\/ Suarez, Adriana Silvina \/\/ Suarez, Ana Maria Lurdes \/\/ Suarez, Carina Noemi \u2013 Villalba, Miguel Angel \/\/ Urban, Cintia Soledad \/\/ Villarruel, Cecilia Mabel \/\/ Vivas, Dora Liliana.<\/p>\n<p>Por m\u00e1s<strong> informaci\u00f3n o consultas<\/strong> dirigirse a la Direcci\u00f3n de Casa de Tierras y Regularizaci\u00f3n Dominial, en el Palacio Municipal, o comunicarse al Tel 440442 int, 1750-1753 de lunes a viernes de 7 a 13 hs.<\/p>\n","protected":false},"excerpt":{"rendered":"<p>Personal de Escriban\u00eda General de Gobierno e Instituto de la Vivienda estar\u00e1n en Olavarr\u00eda junto a autoridades municipales para rubricar<\/p>\n","protected":false},"author":4,"featured_media":104844,"comment_status":"closed","ping_status":"closed","sticky":false,"template":"","format":"standard","meta":{"_jetpack_memberships_contains_paid_content":false,"footnotes":""},"categories":[5,1],"tags":[],"class_list":["post-183410","post","type-post","status-publish","format-standard","has-post-thumbnail","hentry","category-informacion-general","category-portada"],"jetpack_featured_media_url":"https:\/\/i0.wp.com\/cdnoticias.com\/wp-content\/uploads\/2023\/12\/escrituras-03.jpg?fit=800%2C450&ssl=1","jetpack_sharing_enabled":true,"_links":{"self":[{"href":"https:\/\/cdnoticias.com\/index.php\/wp-json\/wp\/v2\/posts\/183410","targetHints":{"allow":["GET"]}}],"collection":[{"href":"https:\/\/cdnoticias.com\/index.php\/wp-json\/wp\/v2\/posts"}],"about":[{"href":"https:\/\/cdnoticias.com\/index.php\/wp-json\/wp\/v2\/types\/post"}],"author":[{"embeddable":true,"href":"https:\/\/cdnoticias.com\/index.php\/wp-json\/wp\/v2\/users\/4"}],"replies":[{"embeddable":true,"href":"https:\/\/cdnoticias.com\/index.php\/wp-json\/wp\/v2\/comments?post=183410"}],"version-history":[{"count":0,"href":"https:\/\/cdnoticias.com\/index.php\/wp-json\/wp\/v2\/posts\/183410\/revisions"}],"wp:featuredmedia":[{"embeddable":true,"href":"https:\/\/cdnoticias.com\/index.php\/wp-json\/wp\/v2\/media\/104844"}],"wp:attachment":[{"href":"https:\/\/cdnoticias.com\/index.php\/wp-json\/wp\/v2\/media?parent=183410"}],"wp:term":[{"taxonomy":"category","embeddable":true,"href":"https:\/\/cdnoticias.com\/index.php\/wp-json\/wp\/v2\/categories?post=183410"},{"taxonomy":"post_tag","embeddable":true,"href":"https:\/\/cdnoticias.com\/index.php\/wp-json\/wp\/v2\/tags?post=183410"}],"curies":[{"name":"wp","href":"https:\/\/api.w.org\/{rel}","templated":true}]}}