{"id":18341,"date":"2021-04-08T20:57:56","date_gmt":"2021-04-08T23:57:56","guid":{"rendered":"http:\/\/www.centraldenoticias.com.ar\/?p=18341"},"modified":"2021-04-09T08:36:52","modified_gmt":"2021-04-09T11:36:52","slug":"cerca-de-1700-personas-fueron-vacunadas-contra-el-covid19-en-los-ultimos-dos-dias-en-olavarria","status":"publish","type":"post","link":"https:\/\/cdnoticias.com\/index.php\/2021\/04\/08\/cerca-de-1700-personas-fueron-vacunadas-contra-el-covid19-en-los-ultimos-dos-dias-en-olavarria\/","title":{"rendered":"Cerca de 1700 vacunados contra el Covid19 en los \u00faltimos dos d\u00edas en Olavarr\u00eda"},"content":{"rendered":"<p>Entre el mi\u00e9rcoles y jueves 1696 personas recibieron la primera dosis de la vacuna Sinopharm en el Territorial 2, el Hospital Municipal y el Hospital de Oncolog\u00eda.<!--more--><\/p>\n<hr \/>\n<p>Desde Regi\u00f3n Sanitaria IX se detall\u00f3 que<strong> en las \u00faltimas 48 horas cerca de 1700 personas fueron vacunadas contra el coronavirus en Olavarr\u00eda.<\/strong><\/p>\n<p>&nbsp;<\/p>\n<p><img data-recalc-dims=\"1\" loading=\"lazy\" decoding=\"async\" class=\"alignnone size-large wp-image-18343\" src=\"https:\/\/i0.wp.com\/cdnoticias.com\/wp-content\/uploads\/2021\/04\/WhatsApp-Image-2021-04-08-at-20.50.42-1.jpeg?resize=800%2C527&#038;ssl=1\" alt=\"\" width=\"800\" height=\"527\" srcset=\"https:\/\/i0.wp.com\/cdnoticias.com\/wp-content\/uploads\/2021\/04\/WhatsApp-Image-2021-04-08-at-20.50.42-1.jpeg?resize=1024%2C675&amp;ssl=1 1024w, https:\/\/i0.wp.com\/cdnoticias.com\/wp-content\/uploads\/2021\/04\/WhatsApp-Image-2021-04-08-at-20.50.42-1.jpeg?resize=300%2C198&amp;ssl=1 300w, https:\/\/i0.wp.com\/cdnoticias.com\/wp-content\/uploads\/2021\/04\/WhatsApp-Image-2021-04-08-at-20.50.42-1.jpeg?resize=768%2C506&amp;ssl=1 768w, https:\/\/i0.wp.com\/cdnoticias.com\/wp-content\/uploads\/2021\/04\/WhatsApp-Image-2021-04-08-at-20.50.42-1.jpeg?w=1280&amp;ssl=1 1280w\" sizes=\"auto, (max-width: 800px) 100vw, 800px\" \/><\/p>\n<p>&nbsp;<\/p>\n<p>De acuerdo con lo que se precis\u00f3, <strong>se aplicaron un total de 1696 dosis<\/strong>. Seg\u00fan se detall\u00f3, durante ambas jornadas, el Hospital Municipal \u201cDoctor H\u00e9ctor Cura\u201d aplic\u00f3 521 dosis,\u00a0 el Hospital de Oncolog\u00eda &#8220;Luciano Fortabat&#8221;\u00a0 406 y el \u201cTerritorial 2\u201d 769.<\/p>\n<p>&nbsp;<\/p>\n<p>Cabe destacar que las personas que ten\u00edan turno este jueves\u00a0 y por razones clim\u00e1ticas no pudieron asistir,<a href=\"https:\/\/cdnoticias.com\/index.php\/2021\/04\/08\/vacunacion-quienes-no-concurren-este-jueves-podran-hacerlo-el-viernes\/\" target=\"_blank\" rel=\"noopener\"> podr\u00e1n acercarse este viernes a la sede que ten\u00edan confirmada para vacunarse.<\/a><\/p>\n<p>&nbsp;<\/p>\n<p><img data-recalc-dims=\"1\" loading=\"lazy\" decoding=\"async\" class=\"alignnone size-large wp-image-18342\" src=\"https:\/\/i0.wp.com\/cdnoticias.com\/wp-content\/uploads\/2021\/04\/WhatsApp-Image-2021-04-08-at-20.50.44.jpeg?resize=800%2C473&#038;ssl=1\" alt=\"\" width=\"800\" height=\"473\" srcset=\"https:\/\/i0.wp.com\/cdnoticias.com\/wp-content\/uploads\/2021\/04\/WhatsApp-Image-2021-04-08-at-20.50.44.jpeg?resize=1024%2C605&amp;ssl=1 1024w, https:\/\/i0.wp.com\/cdnoticias.com\/wp-content\/uploads\/2021\/04\/WhatsApp-Image-2021-04-08-at-20.50.44.jpeg?resize=300%2C177&amp;ssl=1 300w, https:\/\/i0.wp.com\/cdnoticias.com\/wp-content\/uploads\/2021\/04\/WhatsApp-Image-2021-04-08-at-20.50.44.jpeg?resize=768%2C454&amp;ssl=1 768w, https:\/\/i0.wp.com\/cdnoticias.com\/wp-content\/uploads\/2021\/04\/WhatsApp-Image-2021-04-08-at-20.50.44.jpeg?w=1280&amp;ssl=1 1280w\" sizes=\"auto, (max-width: 800px) 100vw, 800px\" \/><\/p>\n<p>&nbsp;<\/p>\n<p>Todos los interesados en acceder al plan provincial de vacunaci\u00f3n contra el coronavirus, que es p\u00fablico, gratuito y optativo, pueden sacar turno de manera virtual entrando en la p\u00e1gina <a href=\"https:\/\/vacunatepba.gba.gob.ar\" target=\"_blank\" rel=\"noopener\"><em><strong>Vacunate\u00a0<\/strong><\/em><\/a> o de forma presencial <strong>en ANSES, IOMA, PAMI, Ministerio de trabajo, Centro de Documentaci\u00f3n R\u00e1pida, entre otros.<\/strong><\/p>\n<p>&nbsp;<\/p>\n<p><strong>La vacunaci\u00f3n es \u00fanicamente por turnos<\/strong> por lo que se le pide a la comunidad que est\u00e9n atentos a los mensajes con la notificaci\u00f3n del d\u00eda y horario para aplicarse la dosis correspondiente.<\/p>\n","protected":false},"excerpt":{"rendered":"<p>Entre el mi\u00e9rcoles y jueves 1696 personas recibieron la primera dosis de la vacuna Sinopharm en el Territorial 2, el<\/p>\n","protected":false},"author":3,"featured_media":18345,"comment_status":"closed","ping_status":"closed","sticky":false,"template":"","format":"standard","meta":{"_jetpack_memberships_contains_paid_content":false,"footnotes":""},"categories":[5,1],"tags":[],"class_list":["post-18341","post","type-post","status-publish","format-standard","has-post-thumbnail","hentry","category-informacion-general","category-portada"],"jetpack_featured_media_url":"https:\/\/i0.wp.com\/cdnoticias.com\/wp-content\/uploads\/2021\/04\/WhatsApp-Image-2021-04-08-at-20.50.41.jpeg?fit=1280%2C815&ssl=1","jetpack_sharing_enabled":true,"_links":{"self":[{"href":"https:\/\/cdnoticias.com\/index.php\/wp-json\/wp\/v2\/posts\/18341","targetHints":{"allow":["GET"]}}],"collection":[{"href":"https:\/\/cdnoticias.com\/index.php\/wp-json\/wp\/v2\/posts"}],"about":[{"href":"https:\/\/cdnoticias.com\/index.php\/wp-json\/wp\/v2\/types\/post"}],"author":[{"embeddable":true,"href":"https:\/\/cdnoticias.com\/index.php\/wp-json\/wp\/v2\/users\/3"}],"replies":[{"embeddable":true,"href":"https:\/\/cdnoticias.com\/index.php\/wp-json\/wp\/v2\/comments?post=18341"}],"version-history":[{"count":0,"href":"https:\/\/cdnoticias.com\/index.php\/wp-json\/wp\/v2\/posts\/18341\/revisions"}],"wp:featuredmedia":[{"embeddable":true,"href":"https:\/\/cdnoticias.com\/index.php\/wp-json\/wp\/v2\/media\/18345"}],"wp:attachment":[{"href":"https:\/\/cdnoticias.com\/index.php\/wp-json\/wp\/v2\/media?parent=18341"}],"wp:term":[{"taxonomy":"category","embeddable":true,"href":"https:\/\/cdnoticias.com\/index.php\/wp-json\/wp\/v2\/categories?post=18341"},{"taxonomy":"post_tag","embeddable":true,"href":"https:\/\/cdnoticias.com\/index.php\/wp-json\/wp\/v2\/tags?post=18341"}],"curies":[{"name":"wp","href":"https:\/\/api.w.org\/{rel}","templated":true}]}}