{"id":183367,"date":"2025-09-24T16:40:41","date_gmt":"2025-09-24T19:40:41","guid":{"rendered":"https:\/\/cdnoticias.com\/?p=183367"},"modified":"2025-09-24T19:31:42","modified_gmt":"2025-09-24T22:31:42","slug":"la-salud-mental-indefectiblemente-se-hace-entre-todos-no-es-un-hecho-individual","status":"publish","type":"post","link":"https:\/\/cdnoticias.com\/index.php\/2025\/09\/24\/la-salud-mental-indefectiblemente-se-hace-entre-todos-no-es-un-hecho-individual\/","title":{"rendered":"&#8220;La salud mental indefectiblemente se hace entre todos, no es un hecho individual\u201d"},"content":{"rendered":"\n<p>La psic\u00f3loga y subsecretaria de Recursos Humanos y Planificaci\u00f3n del Consejo de Salud del Municipio, Natalia \u00c1lvarez, explic\u00f3 que la problem\u00e1tica \u201ctrasciende los pasillos de un hospital o consultorio\u201d y que requiere un \u201cabordaje integral\u201d con la salud f\u00edsica, el entorno socioecon\u00f3mico y los lazos comunitarios.<\/p>\n\n\n\n<hr class=\"wp-block-separator aligncenter has-alpha-channel-opacity\"\/>\n\n\n\n<p>Cada <strong>10 de octubre se conmemora a nivel mundial el D\u00eda de la Salud Mental<\/strong>, una fecha que busca sensibilizar sobre los problemas vinculados al tema y movilizar esfuerzos en apoyo de la prevenci\u00f3n, la asistencia y la promoci\u00f3n del bienestar de la poblaci\u00f3n.<\/p>\n\n\n\n<p>En ese marco,<strong> Natalia \u00c1lvarez, psic\u00f3loga y subsecretaria de Recursos Humanos y Planificaci\u00f3n del Consejo de Salud del Municipio, remarc\u00f3 que la salud mental \u201cno debe pensarse solo desde la asistencia, sino fundamentalmente desde la prevenci\u00f3n\u201d<\/strong>, y subray\u00f3 que se trata de <em>\u201cuna problem\u00e1tica que trasciende los pasillos de un hospital o consultorio\u201d<\/em>, ya que <strong>requiere un abordaje integral que contemple la salud f\u00edsica, el entorno socioecon\u00f3mico y los lazos comunitarios.<\/strong><\/p>\n\n\n\n<blockquote class=\"wp-block-quote is-layout-flow wp-block-quote-is-layout-flow\">\n<p>\u201cHay que reflexionar qu\u00e9 est\u00e1 pasando a nivel general, m\u00e1s all\u00e1 de lo micro. Hoy hay una realidad en la que se fren\u00f3 la obra p\u00fablica, se cort\u00f3 el programa Remediar, la medicaci\u00f3n no llega, el PAMI cubre cada vez menos y el sistema p\u00fablico abre cada vez m\u00e1s historias cl\u00ednicas para sostener procesos de cuidado. Tambi\u00e9n existe un discurso cada vez m\u00e1s individualista, del \u2018yo puedo solo\u2019, cuando en realidad el sufrimiento se supera en comunidad, con apoyo de los dem\u00e1s\u201d, se\u00f1al\u00f3.<\/p>\n<\/blockquote>\n\n\n\n<p>En ese sentido, <strong>valor\u00f3 tambi\u00e9n el rol de actividades culturales y recreativas que impulsa el Estado como parte de la salud mental<\/strong>: <em>\u201cUn evento cultural o un show musical son espacios que aportan al bienestar. La salud mental es mucho m\u00e1s amplia que la relaci\u00f3n entre un profesional y un paciente\u201d.<\/em><\/p>\n\n\n\n<p class=\"has-large-font-size\">El marco legal<\/p>\n\n\n\n<p>En Argentina, la<strong> Ley Nacional de Salud Mental N.\u00ba 26.657, sancionada en 2010, reconoce a la salud mental como un proceso determinado por componentes hist\u00f3ricos, sociales, econ\u00f3micos, culturales, biol\u00f3gicos y psicol\u00f3gicos,<\/strong> vinculada a la concreci\u00f3n de los derechos humanos.<\/p>\n\n\n\n<p>La norma busca<strong> garantizar el derecho a la protecci\u00f3n de la salud mental y el pleno goce de los derechos de las personas con padecimientos mentales, <\/strong>reconociendo los est\u00e1ndares internacionales en la materia.<\/p>\n\n\n\n<p>Para \u00c1lvarez, la ley<em> \u201cfue un avance porque puso en el centro de la agenda p\u00fablica la salud mental, con un enfoque de derechos que considera a la persona de manera integral\u201d.<\/em> Y agreg\u00f3: <em>\u201cEl manicomio, el encierro y el aislamiento eran pr\u00e1cticas contraproducentes. Hoy todas las internaciones se piensan en funci\u00f3n de una externaci\u00f3n, para intervenir en casos agudos y sostener siempre los lazos con la comunidad\u201d.<\/em><\/p>\n\n\n\n<p class=\"has-large-font-size\">El servicio en Olavarr\u00eda<\/p>\n\n\n\n<p>El Municipio cuenta con un <strong>Servicio de Salud Mental conformado por un equipo interdisciplinario que brinda atenci\u00f3n de psicolog\u00eda y psiquiatr\u00eda en el Hospital Municipal \u201cDr. H\u00e9ctor M. Cura\u201d, en los Centros de Atenci\u00f3n Primaria (CAPS) y en dispositivos de internaci\u00f3n<\/strong>. Tambi\u00e9n trabaja en prevenci\u00f3n y promoci\u00f3n junto a organizaciones civiles y gubernamentales.<\/p>\n\n\n\n<p><strong>La atenci\u00f3n se ofrece de lunes a viernes en los consultorios externos del hospital y en los CAPS, mientras que la guardia de Salud Mental funciona en Rivadavia casi Rufino Fal (tel. 440803).<\/strong><\/p>\n\n\n\n<p><strong>\u00c1lvarez alent\u00f3 a pedir ayuda cuando sea necesario<\/strong>: <em>\u201cSi sent\u00eds que algo te angustia, te desborda o no pod\u00e9s con ello, estamos para acompa\u00f1arte. La salud mental es un bien social que construimos entre todos. No hay que caer en el aislamiento ni en el discurso violento, porque eso profundiza el malestar individual y colectivo\u201d.<\/em><\/p>\n","protected":false},"excerpt":{"rendered":"<p>La psic\u00f3loga y subsecretaria de Recursos Humanos y Planificaci\u00f3n del Consejo de Salud del Municipio, Natalia \u00c1lvarez, explic\u00f3 que la<\/p>\n","protected":false},"author":2,"featured_media":183368,"comment_status":"closed","ping_status":"closed","sticky":false,"template":"","format":"standard","meta":{"_jetpack_memberships_contains_paid_content":false,"footnotes":""},"categories":[5,1],"tags":[],"class_list":["post-183367","post","type-post","status-publish","format-standard","has-post-thumbnail","hentry","category-informacion-general","category-portada"],"jetpack_featured_media_url":"https:\/\/i0.wp.com\/cdnoticias.com\/wp-content\/uploads\/2025\/09\/natalia-alvarez-e1758742817952.jpeg?fit=1009%2C587&ssl=1","jetpack_sharing_enabled":true,"_links":{"self":[{"href":"https:\/\/cdnoticias.com\/index.php\/wp-json\/wp\/v2\/posts\/183367","targetHints":{"allow":["GET"]}}],"collection":[{"href":"https:\/\/cdnoticias.com\/index.php\/wp-json\/wp\/v2\/posts"}],"about":[{"href":"https:\/\/cdnoticias.com\/index.php\/wp-json\/wp\/v2\/types\/post"}],"author":[{"embeddable":true,"href":"https:\/\/cdnoticias.com\/index.php\/wp-json\/wp\/v2\/users\/2"}],"replies":[{"embeddable":true,"href":"https:\/\/cdnoticias.com\/index.php\/wp-json\/wp\/v2\/comments?post=183367"}],"version-history":[{"count":0,"href":"https:\/\/cdnoticias.com\/index.php\/wp-json\/wp\/v2\/posts\/183367\/revisions"}],"wp:featuredmedia":[{"embeddable":true,"href":"https:\/\/cdnoticias.com\/index.php\/wp-json\/wp\/v2\/media\/183368"}],"wp:attachment":[{"href":"https:\/\/cdnoticias.com\/index.php\/wp-json\/wp\/v2\/media?parent=183367"}],"wp:term":[{"taxonomy":"category","embeddable":true,"href":"https:\/\/cdnoticias.com\/index.php\/wp-json\/wp\/v2\/categories?post=183367"},{"taxonomy":"post_tag","embeddable":true,"href":"https:\/\/cdnoticias.com\/index.php\/wp-json\/wp\/v2\/tags?post=183367"}],"curies":[{"name":"wp","href":"https:\/\/api.w.org\/{rel}","templated":true}]}}