{"id":183344,"date":"2025-09-24T12:38:40","date_gmt":"2025-09-24T15:38:40","guid":{"rendered":"https:\/\/cdnoticias.com\/?p=183344"},"modified":"2025-09-24T12:48:29","modified_gmt":"2025-09-24T15:48:29","slug":"este-jueves-inicia-el-ix-taller-de-caminos-rurales-en-el-centro-de-convenciones","status":"publish","type":"post","link":"https:\/\/cdnoticias.com\/index.php\/2025\/09\/24\/este-jueves-inicia-el-ix-taller-de-caminos-rurales-en-el-centro-de-convenciones\/","title":{"rendered":"Este jueves inicia el IX Taller de Caminos Rurales en el Centro de Convenciones"},"content":{"rendered":"\n<p>Se extender\u00e1 hasta el viernes. Habr\u00e1 disertaciones, demostraciones de maquinarias y stands.<\/p>\n\n\n\n<hr class=\"wp-block-separator has-alpha-channel-opacity\"\/>\n\n\n\n<p>Este jueves 25 de septiembre por la ma\u00f1ana dar\u00e1 inicio el<strong> IX Taller T\u00e9cnico de Caminos Rurales<\/strong>, que se llevar\u00e1 a cabo en el <strong>Centro de Convenciones de Olavarr\u00eda<\/strong> (avenida Circunvalaci\u00f3n 1545) . La propuesta es <strong>organizada en conjunto entre el Municipio, el Ministerio de Desarrollo Agrario bonaerense, la C\u00e1mara de la Piedra, la Facultad de Ingenier\u00eda de UNICEN y Revista Vial.<\/strong><\/p>\n\n\n\n<p><\/p>\n\n\n\n<p>El evento, que <strong>se prolongar\u00e1 hasta el viernes inclusive,<\/strong> estar\u00e1 destinado a profesionales del \u00e1rea de ingenier\u00eda, de actividades vinculadas al campo y los caminos, empresarios de movimiento de suelos y estudiantes universitarios de todo el territorio nacional, con el objetivo de transferir tecnolog\u00eda y conocimiento a trav\u00e9s de disertaciones interactivas, creando un<strong> espacio din\u00e1mico de aprendizaje e intercambio de experiencias<\/strong> entre los distintos actores vinculados al mantenimiento y desarrollo de los caminos rurales.<\/p>\n\n\n\n<p><\/p>\n\n\n\n<p><strong>Los caminos rurales constituyen una parte fundamental en el desarrollo integral de las regiones agrarias. <\/strong>En una primera instancia facilitan el acceso a servicios b\u00e1sicos como la educaci\u00f3n y la salud, tambi\u00e9n son cruciales en la promoci\u00f3n del desarrollo econ\u00f3mico ya que son vitales para el transporte de productos agr\u00edcolas y el acceso a insumos y mercados.<\/p>\n\n\n\n<p><\/p>\n\n\n\n<p>Por otro lado, son necesarios para la integraci\u00f3n social y territorial, debido a que, al garantizar la<strong> conectividad de comunidades rurales aisladas con centros urbanos<\/strong>, se promueve el arraigo digno. Por \u00faltimo, tienen un impacto significativo en t\u00e9rminos de la calidad de vida de la ruralidad ya que garantizan la movilidad de personas y el suministro continuo de alimentos.<\/p>\n\n\n\n<p><\/p>\n\n\n\n<p>Personas interesadas pueden inscribirse haciendo <a href=\"https:\/\/docs.google.com\/forms\/d\/1IzP_vP42ahcB5ShxUbedsg8zOVE5VoGbfL8ZomcxFlI\/viewform?edit_requested=true\" data-type=\"link\" data-id=\"https:\/\/docs.google.com\/forms\/d\/1IzP_vP42ahcB5ShxUbedsg8zOVE5VoGbfL8ZomcxFlI\/viewform?edit_requested=true\">clic aqu\u00ed,<\/a> mientras que el programa completo de actividades puede ser <a href=\"http:\/\/www.olavarria.gov.ar\/wp-content\/uploads\/2025\/09\/V6-9no-TEMARIO-TALLERES-DE-CAMINOS-RURALES-OLAVARRIA.pdf\">consultado aqu\u00ed.<\/a><\/p>\n","protected":false},"excerpt":{"rendered":"<p>Se extender\u00e1 hasta el viernes. Habr\u00e1 disertaciones, demostraciones de maquinarias y stands. Este jueves 25 de septiembre por la ma\u00f1ana<\/p>\n","protected":false},"author":5,"featured_media":180884,"comment_status":"closed","ping_status":"closed","sticky":false,"template":"","format":"standard","meta":{"_jetpack_memberships_contains_paid_content":false,"footnotes":""},"categories":[5,1],"tags":[],"class_list":["post-183344","post","type-post","status-publish","format-standard","has-post-thumbnail","hentry","category-informacion-general","category-portada"],"jetpack_featured_media_url":"https:\/\/i0.wp.com\/cdnoticias.com\/wp-content\/uploads\/2025\/08\/caminosrurales.jpeg?fit=784%2C549&ssl=1","jetpack_sharing_enabled":true,"_links":{"self":[{"href":"https:\/\/cdnoticias.com\/index.php\/wp-json\/wp\/v2\/posts\/183344","targetHints":{"allow":["GET"]}}],"collection":[{"href":"https:\/\/cdnoticias.com\/index.php\/wp-json\/wp\/v2\/posts"}],"about":[{"href":"https:\/\/cdnoticias.com\/index.php\/wp-json\/wp\/v2\/types\/post"}],"author":[{"embeddable":true,"href":"https:\/\/cdnoticias.com\/index.php\/wp-json\/wp\/v2\/users\/5"}],"replies":[{"embeddable":true,"href":"https:\/\/cdnoticias.com\/index.php\/wp-json\/wp\/v2\/comments?post=183344"}],"version-history":[{"count":0,"href":"https:\/\/cdnoticias.com\/index.php\/wp-json\/wp\/v2\/posts\/183344\/revisions"}],"wp:featuredmedia":[{"embeddable":true,"href":"https:\/\/cdnoticias.com\/index.php\/wp-json\/wp\/v2\/media\/180884"}],"wp:attachment":[{"href":"https:\/\/cdnoticias.com\/index.php\/wp-json\/wp\/v2\/media?parent=183344"}],"wp:term":[{"taxonomy":"category","embeddable":true,"href":"https:\/\/cdnoticias.com\/index.php\/wp-json\/wp\/v2\/categories?post=183344"},{"taxonomy":"post_tag","embeddable":true,"href":"https:\/\/cdnoticias.com\/index.php\/wp-json\/wp\/v2\/tags?post=183344"}],"curies":[{"name":"wp","href":"https:\/\/api.w.org\/{rel}","templated":true}]}}