{"id":183342,"date":"2025-09-24T17:56:29","date_gmt":"2025-09-24T20:56:29","guid":{"rendered":"https:\/\/cdnoticias.com\/?p=183342"},"modified":"2025-09-24T17:56:29","modified_gmt":"2025-09-24T20:56:29","slug":"insurgente-cumple-20-anos-y-este-viernes-empiezan-los-festejos","status":"publish","type":"post","link":"https:\/\/cdnoticias.com\/index.php\/2025\/09\/24\/insurgente-cumple-20-anos-y-este-viernes-empiezan-los-festejos\/","title":{"rendered":"Insurgente cumple 20 a\u00f1os y este viernes empiezan los festejos"},"content":{"rendered":"\n<p>Ser\u00e1 con un \u00a1Variet\u00f3n! en el espacio ubicado en Belgrano 3345. La actividad es con entrada libre y gratuita.<\/p>\n\n\n\n<hr class=\"wp-block-separator has-alpha-channel-opacity\"\/>\n\n\n\n<p><strong>Insurgente cumple 20 a\u00f1os y el viernes 26 de septiembre comienzan los festejos. <\/strong>A partir de las 21 horas en el espacio ubicado en Belgrano 3345 se llevar\u00e1 adelante el <strong>\u00a1Variet\u00f3n! con entrada libre y gratuita.<\/strong><\/p>\n\n\n\n<p><\/p>\n\n\n\n<p>La propuesta es la primera de las que se ofrecer\u00e1n en los pr\u00f3ximos meses en el marco de este vig\u00e9simo aniversario, celebraciones que <strong>culminar\u00e1n con el festejo central en diciembre.<\/strong> La idea de estas veladas es compartir las diferentes disciplinas que circulan o han circulado en el espacio a trav\u00e9s de espect\u00e1culos, talleres, debates, exposiciones y otras actividades.<\/p>\n\n\n\n<p><\/p>\n\n\n\n<p>La invitaci\u00f3n es abierta a la comunidad, en especial a quienes han venido apoyando con su presencia durante todos estos a\u00f1os.<\/p>\n\n\n\n<p><\/p>\n\n\n\n<blockquote class=\"wp-block-quote is-layout-flow wp-block-quote-is-layout-flow\">\n<p>Este primer viernes de Variet\u00f3n el programa suma humor, teatro, m\u00fasica y canto, adem\u00e1s de rica comida.<\/p>\n<\/blockquote>\n\n\n\n<p><\/p>\n\n\n\n<p>La propuesta incluye la presentaci\u00f3n del Ensamble de Voces Mi tierra, dirigido por M\u00f3nica Badoglio y Adriana Saravia, y del d\u00fao A Flauta y Guitarra. Contar\u00e1 con las actuaciones de Edgardo Zouza en mon\u00f3logo teatral, de JP Go\u00f1i Capurro en La Psicotrucha Recagada y de Flavia Salto y Francisco Moris como Los especialistas de Burzaco, espect\u00e1culo de humor absurdo.<\/p>\n\n\n\n<p><\/p>\n\n\n\n<p>Adem\u00e1s, <strong>se podr\u00e1 cantar en el Karaocuir<\/strong> durante toda la velada, mientras se disfruta del <strong>servicio de cantina.<\/strong><\/p>\n","protected":false},"excerpt":{"rendered":"<p>Ser\u00e1 con un \u00a1Variet\u00f3n! en el espacio ubicado en Belgrano 3345. La actividad es con entrada libre y gratuita. Insurgente<\/p>\n","protected":false},"author":5,"featured_media":76954,"comment_status":"closed","ping_status":"closed","sticky":false,"template":"","format":"standard","meta":{"_jetpack_memberships_contains_paid_content":false,"footnotes":""},"categories":[9,1],"tags":[],"class_list":["post-183342","post","type-post","status-publish","format-standard","has-post-thumbnail","hentry","category-cultura","category-portada"],"jetpack_featured_media_url":"https:\/\/i0.wp.com\/cdnoticias.com\/wp-content\/uploads\/2023\/02\/insurgente-frente.jpg?fit=1599%2C889&ssl=1","jetpack_sharing_enabled":true,"_links":{"self":[{"href":"https:\/\/cdnoticias.com\/index.php\/wp-json\/wp\/v2\/posts\/183342","targetHints":{"allow":["GET"]}}],"collection":[{"href":"https:\/\/cdnoticias.com\/index.php\/wp-json\/wp\/v2\/posts"}],"about":[{"href":"https:\/\/cdnoticias.com\/index.php\/wp-json\/wp\/v2\/types\/post"}],"author":[{"embeddable":true,"href":"https:\/\/cdnoticias.com\/index.php\/wp-json\/wp\/v2\/users\/5"}],"replies":[{"embeddable":true,"href":"https:\/\/cdnoticias.com\/index.php\/wp-json\/wp\/v2\/comments?post=183342"}],"version-history":[{"count":0,"href":"https:\/\/cdnoticias.com\/index.php\/wp-json\/wp\/v2\/posts\/183342\/revisions"}],"wp:featuredmedia":[{"embeddable":true,"href":"https:\/\/cdnoticias.com\/index.php\/wp-json\/wp\/v2\/media\/76954"}],"wp:attachment":[{"href":"https:\/\/cdnoticias.com\/index.php\/wp-json\/wp\/v2\/media?parent=183342"}],"wp:term":[{"taxonomy":"category","embeddable":true,"href":"https:\/\/cdnoticias.com\/index.php\/wp-json\/wp\/v2\/categories?post=183342"},{"taxonomy":"post_tag","embeddable":true,"href":"https:\/\/cdnoticias.com\/index.php\/wp-json\/wp\/v2\/tags?post=183342"}],"curies":[{"name":"wp","href":"https:\/\/api.w.org\/{rel}","templated":true}]}}